{"id":109403,"date":"2024-06-13T14:20:39","date_gmt":"2024-06-13T19:20:39","guid":{"rendered":"https:\/\/futbolhoy.co\/?p=109403"},"modified":"2024-06-14T12:29:46","modified_gmt":"2024-06-14T17:29:46","slug":"por-que-esta-eurocopa-es-imperdible-los-datos-del-torneo-europeo","status":"publish","type":"post","link":"https:\/\/futbolhoy.co\/index.php\/2024\/06\/13\/por-que-esta-eurocopa-es-imperdible-los-datos-del-torneo-europeo\/","title":{"rendered":"\u00bfPor qu\u00e9 esta Eurocopa es imperdible? Los datos del torneo europeo"},"content":{"rendered":"<p style=\"text-align: justify;\"><span style=\"font-family: helvetica, arial, sans-serif;\"><span style=\"font-weight: 400;\">Este viernes comienza la Eurocopa 2024 en <\/span><b>Alemania y esta edici\u00f3n en especial <\/b><span style=\"font-weight: 400;\">es una de las que parece imperdible, pues los locales buscan ser campeones tras una sequ\u00eda de t\u00edtulos reciente, pero tambi\u00e9n con la mirada puesta en Inglaterra, l<\/span><b>lena de estrellas j\u00f3venes que quieren levantar la copa.<\/b><\/span><\/p>\n<p style=\"text-align: justify;\"><span style=\"font-family: helvetica, arial, sans-serif;\"><span style=\"font-weight: 400;\">Este viernes se abre el tel\u00f3n de la Eurocopa con el duelo entre Alemania y Escocia, siendo los <\/span><b>locales uno de los equipos favoritos al t\u00edtulo en la edici\u00f3n 17.<\/b><\/span><\/p>\n<p style=\"text-align: justify;\"><span style=\"font-family: helvetica, arial, sans-serif;\"><span style=\"font-weight: 400;\">Luego de que en los \u00faltimos dos mundiales la<\/span><b> Selecci\u00f3n Alemana no haya podido avanzar de la fase de grupos,<\/b><span style=\"font-weight: 400;\"> esta Eurocopa suena como la redenci\u00f3n para los anfitriones, teniendo en cuenta, adem\u00e1s, que ser\u00e1 el \u00faltimo torneo de Toni Kroos con su pa\u00eds, tras su anuncio de retiro reciente en el Real Madrid.<\/span><\/span><\/p>\n<p style=\"text-align: justify;\"><span style=\"font-family: helvetica, arial, sans-serif;\"><b>El defensor al t\u00edtulo<\/b><\/span><\/p>\n<p style=\"text-align: justify;\"><span style=\"font-weight: 400; font-family: helvetica, arial, sans-serif;\">Italia es la actual campeona de la Eurocopa y en esta ocasi\u00f3n buscar\u00e1 igualar en t\u00edtulos a Alemania y Espa\u00f1a, cada una con 3 trofeos.<\/span><\/p>\n<p style=\"text-align: justify;\"><span style=\"font-family: helvetica, arial, sans-serif;\"><b>Inglaterra, por la gloria<\/b><\/span><\/p>\n<p style=\"text-align: justify;\"><span style=\"font-weight: 400; font-family: helvetica, arial, sans-serif;\">La Selecci\u00f3n de Inglaterra es la \u00fanica de los pa\u00edses m\u00e1s importantes que todav\u00eda no se ha coronado campe\u00f3n de la Eurocopa, por lo que este a\u00f1o es especial gracias a la renovaci\u00f3n y buen nivel que se ha visto recientemente, en un equipo encabezado por Jude Bellingham y Phil Foden. Adem\u00e1s, los ingleses buscan dejar atr\u00e1s la derrota en la pasada final ante Italia.<\/span><\/p>\n<p style=\"text-align: justify;\"><span style=\"font-family: helvetica, arial, sans-serif;\"><b>Portugal, con Cristiano motivado<\/b><\/span><\/p>\n<p style=\"text-align: justify;\"><span style=\"font-weight: 400; font-family: helvetica, arial, sans-serif;\">Aunque Cristiano Ronaldo ya lider\u00f3 a su pa\u00eds para coronarse campe\u00f3n de la Eurocopa en Francia 2016, este a\u00f1o tambi\u00e9n quiere lucirse con Portugal, pues ser\u00e1 posiblemente la \u00faltima edici\u00f3n del campeonato europeo, teniendo en cuenta que ya tiene 39 a\u00f1os, aunque sus goles sigan dando de qu\u00e9 hablar, pues marc\u00f3 10 tantos en las Eliminatorias y es el m\u00e1ximo anotador hist\u00f3rico con 14 goles en 25 partidos disputados en fases finales.<\/span><\/p>\n<p style=\"text-align: justify;\"><span style=\"font-family: helvetica, arial, sans-serif;\"><b>El grupo de la muerte<\/b><\/span><\/p>\n<p style=\"text-align: justify;\"><span style=\"font-weight: 400; font-family: helvetica, arial, sans-serif;\">No existe duda de que el Grupo B es el llamado grupo de la muerte, pues en \u00e9l est\u00e1n la tres veces campeona Espa\u00f1a, tambi\u00e9n el defensor al t\u00edtulo Italia y el que siempre da sorpresa, Croacia.<\/span><\/p>\n<p style=\"text-align: justify;\"><span style=\"font-family: helvetica, arial, sans-serif;\"><b>Francia no da tregua<\/b><\/span><\/p>\n<p style=\"text-align: justify;\"><span style=\"font-weight: 400; font-family: helvetica, arial, sans-serif;\">La Selecci\u00f3n de Francia tambi\u00e9n es favorita al t\u00edtulo y se podr\u00eda poner a la par de Espa\u00f1a y Alemania si se corona con su tercera Eurocopa, lo hace con un Kylian Mbapp\u00e9 protagonista de las noticias m\u00e1s recientes tras su fichaje oficial con el Real Madrid.\u00a0<\/span><\/p>\n<p style=\"text-align: justify;\"><span style=\"font-weight: 400; font-family: helvetica, arial, sans-serif;\">Sin embargo, deber\u00e1n pelear a muerte en el grupo D con Polonia de Robert Lewandowski, Pa\u00edses Bajos y Austria.<\/span><\/p>\n<p style=\"text-align: justify;\"><span style=\"font-weight: 400; font-family: helvetica, arial, sans-serif;\">B\u00e9lgica tiene tal vez la \u00faltima oportunidad de ganar algo con su generaci\u00f3n dorada, con los goles de Romelu Lukaku, que ya hizo 14 en la etapa previa y su cerebro Kevin De Bruyne.<\/span><\/p>\n<p style=\"text-align: justify;\"><span style=\"font-family: helvetica, arial, sans-serif;\"><b>Ucrania, \u00bfsorpresa?<\/b><\/span><\/p>\n<p style=\"text-align: justify;\"><span style=\"font-weight: 400; font-family: helvetica, arial, sans-serif;\">Muchos ojos est\u00e1n puestos sobre la Selecci\u00f3n de Ucrania, que logr\u00f3 clasificarse en medio del conflicto pol\u00edtico que actualmente atraviesa con Rusia.<\/span><\/p>\n<p style=\"text-align: justify;\"><span style=\"font-family: helvetica, arial, sans-serif;\"><b>Los debutantes<\/b><\/span><\/p>\n<p style=\"text-align: justify;\"><span style=\"font-weight: 400; font-family: helvetica, arial, sans-serif;\">Esta Eurocopa 2024 ser\u00e1 la primera vez para algunos pa\u00edses, dos para ser exactos: Serbia y Georgia.<\/span><\/p>\n<p style=\"text-align: justify;\"><span style=\"font-family: helvetica, arial, sans-serif;\"><b>Los ausentes<\/b><\/span><\/p>\n<p style=\"text-align: justify;\"><span style=\"font-weight: 400; font-family: helvetica, arial, sans-serif;\">As\u00ed mismo, habr\u00e1 estrellas ausentes en Alemania, con la no clasificaci\u00f3n de Gales, Noruega de Erling Haaland y Martin Odegarrd, y Suecia.<\/span><\/p>\n","protected":false},"excerpt":{"rendered":"<p>Este viernes comienza la Eurocopa 2024 en Alemania y esta edici\u00f3n en especial es una de las que parece imperdible, pues los locales buscan ser campeones tras una sequ\u00eda de t\u00edtulos reciente, pero tambi\u00e9n con la mirada puesta en Inglaterra, llena de estrellas j\u00f3venes que quieren levantar la copa. Este viernes se abre el tel\u00f3n [&hellip;]<\/p>\n","protected":false},"author":4,"featured_media":109404,"comment_status":"open","ping_status":"open","sticky":false,"template":"","format":"standard","meta":{"_acf_changed":false,"footnotes":""},"categories":[2164,152],"tags":[],"class_list":{"0":"post-109403","1":"post","2":"type-post","3":"status-publish","4":"format-standard","5":"has-post-thumbnail","7":"category-eurocopa","8":"category-mundo-futbol"},"acf":[],"yoast_head":"<!-- This site is optimized with the Yoast SEO plugin v26.8 - https:\/\/yoast.com\/product\/yoast-seo-wordpress\/ -->\n<title>\u00bfPor qu\u00e9 esta Eurocopa es imperdible? Los datos del torneo europeo -<\/title>\n<meta name=\"robots\" content=\"index, follow, max-snippet:-1, max-image-preview:large, max-video-preview:-1\" \/>\n<link rel=\"canonical\" href=\"https:\/\/futbolhoy.co\/index.php\/2024\/06\/13\/por-que-esta-eurocopa-es-imperdible-los-datos-del-torneo-europeo\/\" \/>\n<meta property=\"og:locale\" content=\"es_ES\" \/>\n<meta property=\"og:type\" content=\"article\" \/>\n<meta property=\"og:title\" content=\"\u00bfPor qu\u00e9 esta Eurocopa es imperdible? Los datos del torneo europeo -\" \/>\n<meta property=\"og:description\" content=\"Este viernes comienza la Eurocopa 2024 en Alemania y esta edici\u00f3n en especial es una de las que parece imperdible, pues los locales buscan ser campeones tras una sequ\u00eda de t\u00edtulos reciente, pero tambi\u00e9n con la mirada puesta en Inglaterra, llena de estrellas j\u00f3venes que quieren levantar la copa. Este viernes se abre el tel\u00f3n [&hellip;]\" \/>\n<meta property=\"og:url\" content=\"https:\/\/futbolhoy.co\/index.php\/2024\/06\/13\/por-que-esta-eurocopa-es-imperdible-los-datos-del-torneo-europeo\/\" \/>\n<meta property=\"article:publisher\" content=\"https:\/\/www.facebook.com\/FutbolHoyCol\/\" \/>\n<meta property=\"article:published_time\" content=\"2024-06-13T19:20:39+00:00\" \/>\n<meta property=\"article:modified_time\" content=\"2024-06-14T17:29:46+00:00\" \/>\n<meta property=\"og:image\" content=\"https:\/\/futbolhoy.co\/wp-content\/uploads\/2024\/06\/GNd0x48XQAAYHi9.jpeg\" \/>\n\t<meta property=\"og:image:width\" content=\"2048\" \/>\n\t<meta property=\"og:image:height\" content=\"1304\" \/>\n\t<meta property=\"og:image:type\" content=\"image\/jpeg\" \/>\n<meta name=\"author\" content=\"contenido\" \/>\n<meta name=\"twitter:card\" content=\"summary_large_image\" \/>\n<meta name=\"twitter:creator\" content=\"@FutbolHoyCol\" \/>\n<meta name=\"twitter:site\" content=\"@FutbolHoyCol\" \/>\n<meta name=\"twitter:label1\" content=\"Escrito por\" \/>\n\t<meta name=\"twitter:data1\" content=\"contenido\" \/>\n\t<meta name=\"twitter:label2\" content=\"Tiempo de lectura\" \/>\n\t<meta name=\"twitter:data2\" content=\"3 minutos\" \/>\n<script type=\"application\/ld+json\" class=\"yoast-schema-graph\">{\"@context\":\"https:\/\/schema.org\",\"@graph\":[{\"@type\":\"Article\",\"@id\":\"https:\/\/futbolhoy.co\/index.php\/2024\/06\/13\/por-que-esta-eurocopa-es-imperdible-los-datos-del-torneo-europeo\/#article\",\"isPartOf\":{\"@id\":\"https:\/\/futbolhoy.co\/index.php\/2024\/06\/13\/por-que-esta-eurocopa-es-imperdible-los-datos-del-torneo-europeo\/\"},\"author\":{\"name\":\"contenido\",\"@id\":\"https:\/\/futbolhoy.co\/#\/schema\/person\/1721b69355b6623eaff15ac7b92d4cc3\"},\"headline\":\"\u00bfPor qu\u00e9 esta Eurocopa es imperdible? Los datos del torneo europeo\",\"datePublished\":\"2024-06-13T19:20:39+00:00\",\"dateModified\":\"2024-06-14T17:29:46+00:00\",\"mainEntityOfPage\":{\"@id\":\"https:\/\/futbolhoy.co\/index.php\/2024\/06\/13\/por-que-esta-eurocopa-es-imperdible-los-datos-del-torneo-europeo\/\"},\"wordCount\":574,\"commentCount\":0,\"publisher\":{\"@id\":\"https:\/\/futbolhoy.co\/#organization\"},\"image\":{\"@id\":\"https:\/\/futbolhoy.co\/index.php\/2024\/06\/13\/por-que-esta-eurocopa-es-imperdible-los-datos-del-torneo-europeo\/#primaryimage\"},\"thumbnailUrl\":\"https:\/\/futbolhoy.co\/wp-content\/uploads\/2024\/06\/GNd0x48XQAAYHi9.jpeg\",\"articleSection\":[\"Eurocopa\",\"Mundo Futbol\"],\"inLanguage\":\"es\",\"potentialAction\":[{\"@type\":\"CommentAction\",\"name\":\"Comment\",\"target\":[\"https:\/\/futbolhoy.co\/index.php\/2024\/06\/13\/por-que-esta-eurocopa-es-imperdible-los-datos-del-torneo-europeo\/#respond\"]}]},{\"@type\":\"WebPage\",\"@id\":\"https:\/\/futbolhoy.co\/index.php\/2024\/06\/13\/por-que-esta-eurocopa-es-imperdible-los-datos-del-torneo-europeo\/\",\"url\":\"https:\/\/futbolhoy.co\/index.php\/2024\/06\/13\/por-que-esta-eurocopa-es-imperdible-los-datos-del-torneo-europeo\/\",\"name\":\"\u00bfPor qu\u00e9 esta Eurocopa es imperdible? Los datos del torneo europeo -\",\"isPartOf\":{\"@id\":\"https:\/\/futbolhoy.co\/#website\"},\"primaryImageOfPage\":{\"@id\":\"https:\/\/futbolhoy.co\/index.php\/2024\/06\/13\/por-que-esta-eurocopa-es-imperdible-los-datos-del-torneo-europeo\/#primaryimage\"},\"image\":{\"@id\":\"https:\/\/futbolhoy.co\/index.php\/2024\/06\/13\/por-que-esta-eurocopa-es-imperdible-los-datos-del-torneo-europeo\/#primaryimage\"},\"thumbnailUrl\":\"https:\/\/futbolhoy.co\/wp-content\/uploads\/2024\/06\/GNd0x48XQAAYHi9.jpeg\",\"datePublished\":\"2024-06-13T19:20:39+00:00\",\"dateModified\":\"2024-06-14T17:29:46+00:00\",\"breadcrumb\":{\"@id\":\"https:\/\/futbolhoy.co\/index.php\/2024\/06\/13\/por-que-esta-eurocopa-es-imperdible-los-datos-del-torneo-europeo\/#breadcrumb\"},\"inLanguage\":\"es\",\"potentialAction\":[{\"@type\":\"ReadAction\",\"target\":[\"https:\/\/futbolhoy.co\/index.php\/2024\/06\/13\/por-que-esta-eurocopa-es-imperdible-los-datos-del-torneo-europeo\/\"]}]},{\"@type\":\"ImageObject\",\"inLanguage\":\"es\",\"@id\":\"https:\/\/futbolhoy.co\/index.php\/2024\/06\/13\/por-que-esta-eurocopa-es-imperdible-los-datos-del-torneo-europeo\/#primaryimage\",\"url\":\"https:\/\/futbolhoy.co\/wp-content\/uploads\/2024\/06\/GNd0x48XQAAYHi9.jpeg\",\"contentUrl\":\"https:\/\/futbolhoy.co\/wp-content\/uploads\/2024\/06\/GNd0x48XQAAYHi9.jpeg\",\"width\":2048,\"height\":1304},{\"@type\":\"BreadcrumbList\",\"@id\":\"https:\/\/futbolhoy.co\/index.php\/2024\/06\/13\/por-que-esta-eurocopa-es-imperdible-los-datos-del-torneo-europeo\/#breadcrumb\",\"itemListElement\":[{\"@type\":\"ListItem\",\"position\":1,\"name\":\"Portada\",\"item\":\"https:\/\/futbolhoy.co\/\"},{\"@type\":\"ListItem\",\"position\":2,\"name\":\"\u00bfPor qu\u00e9 esta Eurocopa es imperdible? Los datos del torneo europeo\"}]},{\"@type\":\"WebSite\",\"@id\":\"https:\/\/futbolhoy.co\/#website\",\"url\":\"https:\/\/futbolhoy.co\/\",\"name\":\"FutbolHoy\",\"description\":\"\",\"publisher\":{\"@id\":\"https:\/\/futbolhoy.co\/#organization\"},\"potentialAction\":[{\"@type\":\"SearchAction\",\"target\":{\"@type\":\"EntryPoint\",\"urlTemplate\":\"https:\/\/futbolhoy.co\/?s={search_term_string}\"},\"query-input\":{\"@type\":\"PropertyValueSpecification\",\"valueRequired\":true,\"valueName\":\"search_term_string\"}}],\"inLanguage\":\"es\"},{\"@type\":\"Organization\",\"@id\":\"https:\/\/futbolhoy.co\/#organization\",\"name\":\"Futbolhoy.co\",\"url\":\"https:\/\/futbolhoy.co\/\",\"logo\":{\"@type\":\"ImageObject\",\"inLanguage\":\"es\",\"@id\":\"https:\/\/futbolhoy.co\/#\/schema\/logo\/image\/\",\"url\":\"https:\/\/futbolhoy.co\/wp-content\/uploads\/2018\/08\/17426380_1906371736249227_6326180412931521141_n.jpg\",\"contentUrl\":\"https:\/\/futbolhoy.co\/wp-content\/uploads\/2018\/08\/17426380_1906371736249227_6326180412931521141_n.jpg\",\"width\":960,\"height\":960,\"caption\":\"Futbolhoy.co\"},\"image\":{\"@id\":\"https:\/\/futbolhoy.co\/#\/schema\/logo\/image\/\"},\"sameAs\":[\"https:\/\/www.facebook.com\/FutbolHoyCol\/\",\"https:\/\/x.com\/FutbolHoyCol\",\"https:\/\/www.instagram.com\/futbolhoycol\/\"]},{\"@type\":\"Person\",\"@id\":\"https:\/\/futbolhoy.co\/#\/schema\/person\/1721b69355b6623eaff15ac7b92d4cc3\",\"name\":\"contenido\",\"image\":{\"@type\":\"ImageObject\",\"inLanguage\":\"es\",\"@id\":\"https:\/\/futbolhoy.co\/#\/schema\/person\/image\/\",\"url\":\"https:\/\/secure.gravatar.com\/avatar\/4f656d3256f5134f466206e7c3941518?s=96&d=mm&r=g\",\"contentUrl\":\"https:\/\/secure.gravatar.com\/avatar\/4f656d3256f5134f466206e7c3941518?s=96&d=mm&r=g\",\"caption\":\"contenido\"}}]}<\/script>\n<!-- \/ Yoast SEO plugin. -->","yoast_head_json":{"title":"\u00bfPor qu\u00e9 esta Eurocopa es imperdible? Los datos del torneo europeo -","robots":{"index":"index","follow":"follow","max-snippet":"max-snippet:-1","max-image-preview":"max-image-preview:large","max-video-preview":"max-video-preview:-1"},"canonical":"https:\/\/futbolhoy.co\/index.php\/2024\/06\/13\/por-que-esta-eurocopa-es-imperdible-los-datos-del-torneo-europeo\/","og_locale":"es_ES","og_type":"article","og_title":"\u00bfPor qu\u00e9 esta Eurocopa es imperdible? Los datos del torneo europeo -","og_description":"Este viernes comienza la Eurocopa 2024 en Alemania y esta edici\u00f3n en especial es una de las que parece imperdible, pues los locales buscan ser campeones tras una sequ\u00eda de t\u00edtulos reciente, pero tambi\u00e9n con la mirada puesta en Inglaterra, llena de estrellas j\u00f3venes que quieren levantar la copa. Este viernes se abre el tel\u00f3n [&hellip;]","og_url":"https:\/\/futbolhoy.co\/index.php\/2024\/06\/13\/por-que-esta-eurocopa-es-imperdible-los-datos-del-torneo-europeo\/","article_publisher":"https:\/\/www.facebook.com\/FutbolHoyCol\/","article_published_time":"2024-06-13T19:20:39+00:00","article_modified_time":"2024-06-14T17:29:46+00:00","og_image":[{"width":2048,"height":1304,"url":"https:\/\/futbolhoy.co\/wp-content\/uploads\/2024\/06\/GNd0x48XQAAYHi9.jpeg","type":"image\/jpeg"}],"author":"contenido","twitter_card":"summary_large_image","twitter_creator":"@FutbolHoyCol","twitter_site":"@FutbolHoyCol","twitter_misc":{"Escrito por":"contenido","Tiempo de lectura":"3 minutos"},"schema":{"@context":"https:\/\/schema.org","@graph":[{"@type":"Article","@id":"https:\/\/futbolhoy.co\/index.php\/2024\/06\/13\/por-que-esta-eurocopa-es-imperdible-los-datos-del-torneo-europeo\/#article","isPartOf":{"@id":"https:\/\/futbolhoy.co\/index.php\/2024\/06\/13\/por-que-esta-eurocopa-es-imperdible-los-datos-del-torneo-europeo\/"},"author":{"name":"contenido","@id":"https:\/\/futbolhoy.co\/#\/schema\/person\/1721b69355b6623eaff15ac7b92d4cc3"},"headline":"\u00bfPor qu\u00e9 esta Eurocopa es imperdible? Los datos del torneo europeo","datePublished":"2024-06-13T19:20:39+00:00","dateModified":"2024-06-14T17:29:46+00:00","mainEntityOfPage":{"@id":"https:\/\/futbolhoy.co\/index.php\/2024\/06\/13\/por-que-esta-eurocopa-es-imperdible-los-datos-del-torneo-europeo\/"},"wordCount":574,"commentCount":0,"publisher":{"@id":"https:\/\/futbolhoy.co\/#organization"},"image":{"@id":"https:\/\/futbolhoy.co\/index.php\/2024\/06\/13\/por-que-esta-eurocopa-es-imperdible-los-datos-del-torneo-europeo\/#primaryimage"},"thumbnailUrl":"https:\/\/futbolhoy.co\/wp-content\/uploads\/2024\/06\/GNd0x48XQAAYHi9.jpeg","articleSection":["Eurocopa","Mundo Futbol"],"inLanguage":"es","potentialAction":[{"@type":"CommentAction","name":"Comment","target":["https:\/\/futbolhoy.co\/index.php\/2024\/06\/13\/por-que-esta-eurocopa-es-imperdible-los-datos-del-torneo-europeo\/#respond"]}]},{"@type":"WebPage","@id":"https:\/\/futbolhoy.co\/index.php\/2024\/06\/13\/por-que-esta-eurocopa-es-imperdible-los-datos-del-torneo-europeo\/","url":"https:\/\/futbolhoy.co\/index.php\/2024\/06\/13\/por-que-esta-eurocopa-es-imperdible-los-datos-del-torneo-europeo\/","name":"\u00bfPor qu\u00e9 esta Eurocopa es imperdible? Los datos del torneo europeo -","isPartOf":{"@id":"https:\/\/futbolhoy.co\/#website"},"primaryImageOfPage":{"@id":"https:\/\/futbolhoy.co\/index.php\/2024\/06\/13\/por-que-esta-eurocopa-es-imperdible-los-datos-del-torneo-europeo\/#primaryimage"},"image":{"@id":"https:\/\/futbolhoy.co\/index.php\/2024\/06\/13\/por-que-esta-eurocopa-es-imperdible-los-datos-del-torneo-europeo\/#primaryimage"},"thumbnailUrl":"https:\/\/futbolhoy.co\/wp-content\/uploads\/2024\/06\/GNd0x48XQAAYHi9.jpeg","datePublished":"2024-06-13T19:20:39+00:00","dateModified":"2024-06-14T17:29:46+00:00","breadcrumb":{"@id":"https:\/\/futbolhoy.co\/index.php\/2024\/06\/13\/por-que-esta-eurocopa-es-imperdible-los-datos-del-torneo-europeo\/#breadcrumb"},"inLanguage":"es","potentialAction":[{"@type":"ReadAction","target":["https:\/\/futbolhoy.co\/index.php\/2024\/06\/13\/por-que-esta-eurocopa-es-imperdible-los-datos-del-torneo-europeo\/"]}]},{"@type":"ImageObject","inLanguage":"es","@id":"https:\/\/futbolhoy.co\/index.php\/2024\/06\/13\/por-que-esta-eurocopa-es-imperdible-los-datos-del-torneo-europeo\/#primaryimage","url":"https:\/\/futbolhoy.co\/wp-content\/uploads\/2024\/06\/GNd0x48XQAAYHi9.jpeg","contentUrl":"https:\/\/futbolhoy.co\/wp-content\/uploads\/2024\/06\/GNd0x48XQAAYHi9.jpeg","width":2048,"height":1304},{"@type":"BreadcrumbList","@id":"https:\/\/futbolhoy.co\/index.php\/2024\/06\/13\/por-que-esta-eurocopa-es-imperdible-los-datos-del-torneo-europeo\/#breadcrumb","itemListElement":[{"@type":"ListItem","position":1,"name":"Portada","item":"https:\/\/futbolhoy.co\/"},{"@type":"ListItem","position":2,"name":"\u00bfPor qu\u00e9 esta Eurocopa es imperdible? Los datos del torneo europeo"}]},{"@type":"WebSite","@id":"https:\/\/futbolhoy.co\/#website","url":"https:\/\/futbolhoy.co\/","name":"FutbolHoy","description":"","publisher":{"@id":"https:\/\/futbolhoy.co\/#organization"},"potentialAction":[{"@type":"SearchAction","target":{"@type":"EntryPoint","urlTemplate":"https:\/\/futbolhoy.co\/?s={search_term_string}"},"query-input":{"@type":"PropertyValueSpecification","valueRequired":true,"valueName":"search_term_string"}}],"inLanguage":"es"},{"@type":"Organization","@id":"https:\/\/futbolhoy.co\/#organization","name":"Futbolhoy.co","url":"https:\/\/futbolhoy.co\/","logo":{"@type":"ImageObject","inLanguage":"es","@id":"https:\/\/futbolhoy.co\/#\/schema\/logo\/image\/","url":"https:\/\/futbolhoy.co\/wp-content\/uploads\/2018\/08\/17426380_1906371736249227_6326180412931521141_n.jpg","contentUrl":"https:\/\/futbolhoy.co\/wp-content\/uploads\/2018\/08\/17426380_1906371736249227_6326180412931521141_n.jpg","width":960,"height":960,"caption":"Futbolhoy.co"},"image":{"@id":"https:\/\/futbolhoy.co\/#\/schema\/logo\/image\/"},"sameAs":["https:\/\/www.facebook.com\/FutbolHoyCol\/","https:\/\/x.com\/FutbolHoyCol","https:\/\/www.instagram.com\/futbolhoycol\/"]},{"@type":"Person","@id":"https:\/\/futbolhoy.co\/#\/schema\/person\/1721b69355b6623eaff15ac7b92d4cc3","name":"contenido","image":{"@type":"ImageObject","inLanguage":"es","@id":"https:\/\/futbolhoy.co\/#\/schema\/person\/image\/","url":"https:\/\/secure.gravatar.com\/avatar\/4f656d3256f5134f466206e7c3941518?s=96&d=mm&r=g","contentUrl":"https:\/\/secure.gravatar.com\/avatar\/4f656d3256f5134f466206e7c3941518?s=96&d=mm&r=g","caption":"contenido"}}]}},"publishpress_future_action":{"enabled":false,"date":"2026-05-04 13:38:34","action":"change-status","newStatus":"draft","terms":[],"taxonomy":"category","extraData":[]},"publishpress_future_workflow_manual_trigger":{"enabledWorkflows":[]},"_links":{"self":[{"href":"https:\/\/futbolhoy.co\/index.php\/wp-json\/wp\/v2\/posts\/109403","targetHints":{"allow":["GET"]}}],"collection":[{"href":"https:\/\/futbolhoy.co\/index.php\/wp-json\/wp\/v2\/posts"}],"about":[{"href":"https:\/\/futbolhoy.co\/index.php\/wp-json\/wp\/v2\/types\/post"}],"author":[{"embeddable":true,"href":"https:\/\/futbolhoy.co\/index.php\/wp-json\/wp\/v2\/users\/4"}],"replies":[{"embeddable":true,"href":"https:\/\/futbolhoy.co\/index.php\/wp-json\/wp\/v2\/comments?post=109403"}],"version-history":[{"count":1,"href":"https:\/\/futbolhoy.co\/index.php\/wp-json\/wp\/v2\/posts\/109403\/revisions"}],"predecessor-version":[{"id":109405,"href":"https:\/\/futbolhoy.co\/index.php\/wp-json\/wp\/v2\/posts\/109403\/revisions\/109405"}],"wp:featuredmedia":[{"embeddable":true,"href":"https:\/\/futbolhoy.co\/index.php\/wp-json\/wp\/v2\/media\/109404"}],"wp:attachment":[{"href":"https:\/\/futbolhoy.co\/index.php\/wp-json\/wp\/v2\/media?parent=109403"}],"wp:term":[{"taxonomy":"category","embeddable":true,"href":"https:\/\/futbolhoy.co\/index.php\/wp-json\/wp\/v2\/categories?post=109403"},{"taxonomy":"post_tag","embeddable":true,"href":"https:\/\/futbolhoy.co\/index.php\/wp-json\/wp\/v2\/tags?post=109403"}],"curies":[{"name":"wp","href":"https:\/\/api.w.org\/{rel}","templated":true}]}}