{"id":109422,"date":"2024-06-14T06:30:43","date_gmt":"2024-06-14T11:30:43","guid":{"rendered":"https:\/\/futbolhoy.co\/?p=109422"},"modified":"2024-06-14T21:41:44","modified_gmt":"2024-06-15T02:41:44","slug":"estados-unidos-confirma-su-lista-de-26-para-la-copa-america","status":"publish","type":"post","link":"https:\/\/futbolhoy.co\/index.php\/2024\/06\/14\/estados-unidos-confirma-su-lista-de-26-para-la-copa-america\/","title":{"rendered":"Estados Unidos confirma su lista de 26 para la Copa Am\u00e9rica"},"content":{"rendered":"<p style=\"text-align: justify;\"><span style=\"font-family: helvetica, arial, sans-serif;\">El seleccionador de <strong>Estados Unidos, Greg Berhalter,<\/strong> oficializ\u00f3 este viernes la lista para la <strong>Copa Am\u00e9rica,<\/strong> que inicia el pr\u00f3ximo 20 de junio, con 26 futbolistas liderados por el capit\u00e1n <strong>Christian Pulisic.<\/strong><\/span><\/p>\n<p style=\"text-align: justify;\"><span style=\"font-family: helvetica, arial, sans-serif;\">El promedio de edad de este equipo es de 25 a\u00f1os y 230 d\u00edas. Solo el seleccionado estadounidense de la <strong>Copa Am\u00e9rica 2007<\/strong> tuvo un promedio de edad m\u00e1s bajo que el de esta edici\u00f3n. En ese caso, la plantilla ten\u00eda un promedio de 24 a\u00f1os y 280 d\u00edas.<\/span><\/p>\n<p style=\"text-align: justify;\"><span style=\"font-family: helvetica, arial, sans-serif;\">Estados Unidos, encuadrado en el <strong>grupo C<\/strong> con <strong>Uruguay, Panam\u00e1 y Bolivia,<\/strong> eligi\u00f3 a futbolistas procedentes de once ligas distintas. <strong>Inglaterra,<\/strong> con ocho jugadores, es la m\u00e1s representada.<\/span><\/p>\n<p style=\"text-align: justify;\"><span style=\"font-family: helvetica, arial, sans-serif;\">En sus duelos de preparaci\u00f3n, perdi\u00f3 estrepitosamente ante <strong>Colombia<\/strong> 1-5 y contra <strong>Brasil<\/strong> empat\u00f3 1-1.<\/span><\/p>\n<p style=\"text-align: justify;\"><span style=\"font-family: helvetica, arial, sans-serif;\"><strong>Porteros:<\/strong> Ethan Horvath (Cardiff City-ING), Sean Johnson (Toronto FC, USA), Matt Turner (Nottingham Forest, ING).<\/span><\/p>\n<p style=\"text-align: justify;\"><span style=\"font-family: helvetica, arial, sans-serif;\"><strong>Defensas:<\/strong> Cameron Carter-Vickers (Celtic, ESC), Kristoffer Lund (Palermo, ITA), Mark McKenzie (Genk, BEL), Shaq Moore (Nashville SC, USA), Tim Ream (Fulham, ING), Chris Richards (Crystal Palace, ING), Antonee Robinson (Fulham, ING), Miles Robinson (FC Cincinnati, USA), Joe Scally (Borussia M\u00f6nchengladbach, ALE).<\/span><\/p>\n<p style=\"text-align: justify;\"><span style=\"font-family: helvetica, arial, sans-serif;\"><strong>Volantes:<\/strong> Tyler Adams (Bournemouth, ING), Johnny Cardoso (Real Betis, ESP), Luca de la Torre (Celta Vigo, ESP), Weston McKennie (Juventus, ITA), Yunus Musah (AC Milan, ITA), Gio Reyna (Nottingham Forest, ING), Malik Tillman (PSV Eindhoven, NED).<\/span><\/p>\n<p style=\"text-align: justify;\"><span style=\"font-family: helvetica, arial, sans-serif;\"><strong>Delanteros:<\/strong> Brenden Aaronson (Union Berlin, ALE), Folarin Balogun (Monaco, FRA), Ricardo Pepi (PSV Eindhoven, NED), Christian Pulisic (AC Milan, ITA), Josh Sargent (Norwich City, ING), Tim Weah (Juventus, ITA), Haji Wright (Coventry City, ING).<\/span><\/p>\n","protected":false},"excerpt":{"rendered":"<p>El seleccionador de Estados Unidos, Greg Berhalter, oficializ\u00f3 este viernes la lista para la Copa Am\u00e9rica, que inicia el pr\u00f3ximo 20 de junio, con 26 futbolistas liderados por el capit\u00e1n Christian Pulisic. El promedio de edad de este equipo es de 25 a\u00f1os y 230 d\u00edas. Solo el seleccionado estadounidense de la Copa Am\u00e9rica 2007 [&hellip;]<\/p>\n","protected":false},"author":4,"featured_media":109423,"comment_status":"open","ping_status":"open","sticky":false,"template":"","format":"standard","meta":{"_acf_changed":false,"footnotes":""},"categories":[1525,152],"tags":[],"class_list":{"0":"post-109422","1":"post","2":"type-post","3":"status-publish","4":"format-standard","5":"has-post-thumbnail","7":"category-copa-america","8":"category-mundo-futbol"},"acf":[],"yoast_head":"<!-- This site is optimized with the Yoast SEO plugin v26.8 - https:\/\/yoast.com\/product\/yoast-seo-wordpress\/ -->\n<title>Estados Unidos confirma su lista de 26 para la Copa Am\u00e9rica -<\/title>\n<meta name=\"robots\" content=\"index, follow, max-snippet:-1, max-image-preview:large, max-video-preview:-1\" \/>\n<link rel=\"canonical\" href=\"https:\/\/futbolhoy.co\/index.php\/2024\/06\/14\/estados-unidos-confirma-su-lista-de-26-para-la-copa-america\/\" \/>\n<meta property=\"og:locale\" content=\"es_ES\" \/>\n<meta property=\"og:type\" content=\"article\" \/>\n<meta property=\"og:title\" content=\"Estados Unidos confirma su lista de 26 para la Copa Am\u00e9rica -\" \/>\n<meta property=\"og:description\" content=\"El seleccionador de Estados Unidos, Greg Berhalter, oficializ\u00f3 este viernes la lista para la Copa Am\u00e9rica, que inicia el pr\u00f3ximo 20 de junio, con 26 futbolistas liderados por el capit\u00e1n Christian Pulisic. El promedio de edad de este equipo es de 25 a\u00f1os y 230 d\u00edas. Solo el seleccionado estadounidense de la Copa Am\u00e9rica 2007 [&hellip;]\" \/>\n<meta property=\"og:url\" content=\"https:\/\/futbolhoy.co\/index.php\/2024\/06\/14\/estados-unidos-confirma-su-lista-de-26-para-la-copa-america\/\" \/>\n<meta property=\"article:publisher\" content=\"https:\/\/www.facebook.com\/FutbolHoyCol\/\" \/>\n<meta property=\"article:published_time\" content=\"2024-06-14T11:30:43+00:00\" \/>\n<meta property=\"article:modified_time\" content=\"2024-06-15T02:41:44+00:00\" \/>\n<meta property=\"og:image\" content=\"https:\/\/futbolhoy.co\/wp-content\/uploads\/2024\/06\/usa.png\" \/>\n\t<meta property=\"og:image:width\" content=\"597\" \/>\n\t<meta property=\"og:image:height\" content=\"761\" \/>\n\t<meta property=\"og:image:type\" content=\"image\/png\" \/>\n<meta name=\"author\" content=\"contenido\" \/>\n<meta name=\"twitter:card\" content=\"summary_large_image\" \/>\n<meta name=\"twitter:creator\" content=\"@FutbolHoyCol\" \/>\n<meta name=\"twitter:site\" content=\"@FutbolHoyCol\" \/>\n<meta name=\"twitter:label1\" content=\"Escrito por\" \/>\n\t<meta name=\"twitter:data1\" content=\"contenido\" \/>\n\t<meta name=\"twitter:label2\" content=\"Tiempo de lectura\" \/>\n\t<meta name=\"twitter:data2\" content=\"1 minuto\" \/>\n<script type=\"application\/ld+json\" class=\"yoast-schema-graph\">{\"@context\":\"https:\/\/schema.org\",\"@graph\":[{\"@type\":\"Article\",\"@id\":\"https:\/\/futbolhoy.co\/index.php\/2024\/06\/14\/estados-unidos-confirma-su-lista-de-26-para-la-copa-america\/#article\",\"isPartOf\":{\"@id\":\"https:\/\/futbolhoy.co\/index.php\/2024\/06\/14\/estados-unidos-confirma-su-lista-de-26-para-la-copa-america\/\"},\"author\":{\"name\":\"contenido\",\"@id\":\"https:\/\/futbolhoy.co\/#\/schema\/person\/1721b69355b6623eaff15ac7b92d4cc3\"},\"headline\":\"Estados Unidos confirma su lista de 26 para la Copa Am\u00e9rica\",\"datePublished\":\"2024-06-14T11:30:43+00:00\",\"dateModified\":\"2024-06-15T02:41:44+00:00\",\"mainEntityOfPage\":{\"@id\":\"https:\/\/futbolhoy.co\/index.php\/2024\/06\/14\/estados-unidos-confirma-su-lista-de-26-para-la-copa-america\/\"},\"wordCount\":268,\"commentCount\":0,\"publisher\":{\"@id\":\"https:\/\/futbolhoy.co\/#organization\"},\"image\":{\"@id\":\"https:\/\/futbolhoy.co\/index.php\/2024\/06\/14\/estados-unidos-confirma-su-lista-de-26-para-la-copa-america\/#primaryimage\"},\"thumbnailUrl\":\"https:\/\/futbolhoy.co\/wp-content\/uploads\/2024\/06\/usa.png\",\"articleSection\":[\"Copa Am\u00e9rica\",\"Mundo Futbol\"],\"inLanguage\":\"es\",\"potentialAction\":[{\"@type\":\"CommentAction\",\"name\":\"Comment\",\"target\":[\"https:\/\/futbolhoy.co\/index.php\/2024\/06\/14\/estados-unidos-confirma-su-lista-de-26-para-la-copa-america\/#respond\"]}]},{\"@type\":\"WebPage\",\"@id\":\"https:\/\/futbolhoy.co\/index.php\/2024\/06\/14\/estados-unidos-confirma-su-lista-de-26-para-la-copa-america\/\",\"url\":\"https:\/\/futbolhoy.co\/index.php\/2024\/06\/14\/estados-unidos-confirma-su-lista-de-26-para-la-copa-america\/\",\"name\":\"Estados Unidos confirma su lista de 26 para la Copa Am\u00e9rica -\",\"isPartOf\":{\"@id\":\"https:\/\/futbolhoy.co\/#website\"},\"primaryImageOfPage\":{\"@id\":\"https:\/\/futbolhoy.co\/index.php\/2024\/06\/14\/estados-unidos-confirma-su-lista-de-26-para-la-copa-america\/#primaryimage\"},\"image\":{\"@id\":\"https:\/\/futbolhoy.co\/index.php\/2024\/06\/14\/estados-unidos-confirma-su-lista-de-26-para-la-copa-america\/#primaryimage\"},\"thumbnailUrl\":\"https:\/\/futbolhoy.co\/wp-content\/uploads\/2024\/06\/usa.png\",\"datePublished\":\"2024-06-14T11:30:43+00:00\",\"dateModified\":\"2024-06-15T02:41:44+00:00\",\"breadcrumb\":{\"@id\":\"https:\/\/futbolhoy.co\/index.php\/2024\/06\/14\/estados-unidos-confirma-su-lista-de-26-para-la-copa-america\/#breadcrumb\"},\"inLanguage\":\"es\",\"potentialAction\":[{\"@type\":\"ReadAction\",\"target\":[\"https:\/\/futbolhoy.co\/index.php\/2024\/06\/14\/estados-unidos-confirma-su-lista-de-26-para-la-copa-america\/\"]}]},{\"@type\":\"ImageObject\",\"inLanguage\":\"es\",\"@id\":\"https:\/\/futbolhoy.co\/index.php\/2024\/06\/14\/estados-unidos-confirma-su-lista-de-26-para-la-copa-america\/#primaryimage\",\"url\":\"https:\/\/futbolhoy.co\/wp-content\/uploads\/2024\/06\/usa.png\",\"contentUrl\":\"https:\/\/futbolhoy.co\/wp-content\/uploads\/2024\/06\/usa.png\",\"width\":597,\"height\":761},{\"@type\":\"BreadcrumbList\",\"@id\":\"https:\/\/futbolhoy.co\/index.php\/2024\/06\/14\/estados-unidos-confirma-su-lista-de-26-para-la-copa-america\/#breadcrumb\",\"itemListElement\":[{\"@type\":\"ListItem\",\"position\":1,\"name\":\"Portada\",\"item\":\"https:\/\/futbolhoy.co\/\"},{\"@type\":\"ListItem\",\"position\":2,\"name\":\"Estados Unidos confirma su lista de 26 para la Copa Am\u00e9rica\"}]},{\"@type\":\"WebSite\",\"@id\":\"https:\/\/futbolhoy.co\/#website\",\"url\":\"https:\/\/futbolhoy.co\/\",\"name\":\"FutbolHoy\",\"description\":\"\",\"publisher\":{\"@id\":\"https:\/\/futbolhoy.co\/#organization\"},\"potentialAction\":[{\"@type\":\"SearchAction\",\"target\":{\"@type\":\"EntryPoint\",\"urlTemplate\":\"https:\/\/futbolhoy.co\/?s={search_term_string}\"},\"query-input\":{\"@type\":\"PropertyValueSpecification\",\"valueRequired\":true,\"valueName\":\"search_term_string\"}}],\"inLanguage\":\"es\"},{\"@type\":\"Organization\",\"@id\":\"https:\/\/futbolhoy.co\/#organization\",\"name\":\"Futbolhoy.co\",\"url\":\"https:\/\/futbolhoy.co\/\",\"logo\":{\"@type\":\"ImageObject\",\"inLanguage\":\"es\",\"@id\":\"https:\/\/futbolhoy.co\/#\/schema\/logo\/image\/\",\"url\":\"https:\/\/futbolhoy.co\/wp-content\/uploads\/2018\/08\/17426380_1906371736249227_6326180412931521141_n.jpg\",\"contentUrl\":\"https:\/\/futbolhoy.co\/wp-content\/uploads\/2018\/08\/17426380_1906371736249227_6326180412931521141_n.jpg\",\"width\":960,\"height\":960,\"caption\":\"Futbolhoy.co\"},\"image\":{\"@id\":\"https:\/\/futbolhoy.co\/#\/schema\/logo\/image\/\"},\"sameAs\":[\"https:\/\/www.facebook.com\/FutbolHoyCol\/\",\"https:\/\/x.com\/FutbolHoyCol\",\"https:\/\/www.instagram.com\/futbolhoycol\/\"]},{\"@type\":\"Person\",\"@id\":\"https:\/\/futbolhoy.co\/#\/schema\/person\/1721b69355b6623eaff15ac7b92d4cc3\",\"name\":\"contenido\",\"image\":{\"@type\":\"ImageObject\",\"inLanguage\":\"es\",\"@id\":\"https:\/\/futbolhoy.co\/#\/schema\/person\/image\/\",\"url\":\"https:\/\/secure.gravatar.com\/avatar\/4f656d3256f5134f466206e7c3941518?s=96&d=mm&r=g\",\"contentUrl\":\"https:\/\/secure.gravatar.com\/avatar\/4f656d3256f5134f466206e7c3941518?s=96&d=mm&r=g\",\"caption\":\"contenido\"}}]}<\/script>\n<!-- \/ Yoast SEO plugin. -->","yoast_head_json":{"title":"Estados Unidos confirma su lista de 26 para la Copa Am\u00e9rica -","robots":{"index":"index","follow":"follow","max-snippet":"max-snippet:-1","max-image-preview":"max-image-preview:large","max-video-preview":"max-video-preview:-1"},"canonical":"https:\/\/futbolhoy.co\/index.php\/2024\/06\/14\/estados-unidos-confirma-su-lista-de-26-para-la-copa-america\/","og_locale":"es_ES","og_type":"article","og_title":"Estados Unidos confirma su lista de 26 para la Copa Am\u00e9rica -","og_description":"El seleccionador de Estados Unidos, Greg Berhalter, oficializ\u00f3 este viernes la lista para la Copa Am\u00e9rica, que inicia el pr\u00f3ximo 20 de junio, con 26 futbolistas liderados por el capit\u00e1n Christian Pulisic. El promedio de edad de este equipo es de 25 a\u00f1os y 230 d\u00edas. Solo el seleccionado estadounidense de la Copa Am\u00e9rica 2007 [&hellip;]","og_url":"https:\/\/futbolhoy.co\/index.php\/2024\/06\/14\/estados-unidos-confirma-su-lista-de-26-para-la-copa-america\/","article_publisher":"https:\/\/www.facebook.com\/FutbolHoyCol\/","article_published_time":"2024-06-14T11:30:43+00:00","article_modified_time":"2024-06-15T02:41:44+00:00","og_image":[{"width":597,"height":761,"url":"https:\/\/futbolhoy.co\/wp-content\/uploads\/2024\/06\/usa.png","type":"image\/png"}],"author":"contenido","twitter_card":"summary_large_image","twitter_creator":"@FutbolHoyCol","twitter_site":"@FutbolHoyCol","twitter_misc":{"Escrito por":"contenido","Tiempo de lectura":"1 minuto"},"schema":{"@context":"https:\/\/schema.org","@graph":[{"@type":"Article","@id":"https:\/\/futbolhoy.co\/index.php\/2024\/06\/14\/estados-unidos-confirma-su-lista-de-26-para-la-copa-america\/#article","isPartOf":{"@id":"https:\/\/futbolhoy.co\/index.php\/2024\/06\/14\/estados-unidos-confirma-su-lista-de-26-para-la-copa-america\/"},"author":{"name":"contenido","@id":"https:\/\/futbolhoy.co\/#\/schema\/person\/1721b69355b6623eaff15ac7b92d4cc3"},"headline":"Estados Unidos confirma su lista de 26 para la Copa Am\u00e9rica","datePublished":"2024-06-14T11:30:43+00:00","dateModified":"2024-06-15T02:41:44+00:00","mainEntityOfPage":{"@id":"https:\/\/futbolhoy.co\/index.php\/2024\/06\/14\/estados-unidos-confirma-su-lista-de-26-para-la-copa-america\/"},"wordCount":268,"commentCount":0,"publisher":{"@id":"https:\/\/futbolhoy.co\/#organization"},"image":{"@id":"https:\/\/futbolhoy.co\/index.php\/2024\/06\/14\/estados-unidos-confirma-su-lista-de-26-para-la-copa-america\/#primaryimage"},"thumbnailUrl":"https:\/\/futbolhoy.co\/wp-content\/uploads\/2024\/06\/usa.png","articleSection":["Copa Am\u00e9rica","Mundo Futbol"],"inLanguage":"es","potentialAction":[{"@type":"CommentAction","name":"Comment","target":["https:\/\/futbolhoy.co\/index.php\/2024\/06\/14\/estados-unidos-confirma-su-lista-de-26-para-la-copa-america\/#respond"]}]},{"@type":"WebPage","@id":"https:\/\/futbolhoy.co\/index.php\/2024\/06\/14\/estados-unidos-confirma-su-lista-de-26-para-la-copa-america\/","url":"https:\/\/futbolhoy.co\/index.php\/2024\/06\/14\/estados-unidos-confirma-su-lista-de-26-para-la-copa-america\/","name":"Estados Unidos confirma su lista de 26 para la Copa Am\u00e9rica -","isPartOf":{"@id":"https:\/\/futbolhoy.co\/#website"},"primaryImageOfPage":{"@id":"https:\/\/futbolhoy.co\/index.php\/2024\/06\/14\/estados-unidos-confirma-su-lista-de-26-para-la-copa-america\/#primaryimage"},"image":{"@id":"https:\/\/futbolhoy.co\/index.php\/2024\/06\/14\/estados-unidos-confirma-su-lista-de-26-para-la-copa-america\/#primaryimage"},"thumbnailUrl":"https:\/\/futbolhoy.co\/wp-content\/uploads\/2024\/06\/usa.png","datePublished":"2024-06-14T11:30:43+00:00","dateModified":"2024-06-15T02:41:44+00:00","breadcrumb":{"@id":"https:\/\/futbolhoy.co\/index.php\/2024\/06\/14\/estados-unidos-confirma-su-lista-de-26-para-la-copa-america\/#breadcrumb"},"inLanguage":"es","potentialAction":[{"@type":"ReadAction","target":["https:\/\/futbolhoy.co\/index.php\/2024\/06\/14\/estados-unidos-confirma-su-lista-de-26-para-la-copa-america\/"]}]},{"@type":"ImageObject","inLanguage":"es","@id":"https:\/\/futbolhoy.co\/index.php\/2024\/06\/14\/estados-unidos-confirma-su-lista-de-26-para-la-copa-america\/#primaryimage","url":"https:\/\/futbolhoy.co\/wp-content\/uploads\/2024\/06\/usa.png","contentUrl":"https:\/\/futbolhoy.co\/wp-content\/uploads\/2024\/06\/usa.png","width":597,"height":761},{"@type":"BreadcrumbList","@id":"https:\/\/futbolhoy.co\/index.php\/2024\/06\/14\/estados-unidos-confirma-su-lista-de-26-para-la-copa-america\/#breadcrumb","itemListElement":[{"@type":"ListItem","position":1,"name":"Portada","item":"https:\/\/futbolhoy.co\/"},{"@type":"ListItem","position":2,"name":"Estados Unidos confirma su lista de 26 para la Copa Am\u00e9rica"}]},{"@type":"WebSite","@id":"https:\/\/futbolhoy.co\/#website","url":"https:\/\/futbolhoy.co\/","name":"FutbolHoy","description":"","publisher":{"@id":"https:\/\/futbolhoy.co\/#organization"},"potentialAction":[{"@type":"SearchAction","target":{"@type":"EntryPoint","urlTemplate":"https:\/\/futbolhoy.co\/?s={search_term_string}"},"query-input":{"@type":"PropertyValueSpecification","valueRequired":true,"valueName":"search_term_string"}}],"inLanguage":"es"},{"@type":"Organization","@id":"https:\/\/futbolhoy.co\/#organization","name":"Futbolhoy.co","url":"https:\/\/futbolhoy.co\/","logo":{"@type":"ImageObject","inLanguage":"es","@id":"https:\/\/futbolhoy.co\/#\/schema\/logo\/image\/","url":"https:\/\/futbolhoy.co\/wp-content\/uploads\/2018\/08\/17426380_1906371736249227_6326180412931521141_n.jpg","contentUrl":"https:\/\/futbolhoy.co\/wp-content\/uploads\/2018\/08\/17426380_1906371736249227_6326180412931521141_n.jpg","width":960,"height":960,"caption":"Futbolhoy.co"},"image":{"@id":"https:\/\/futbolhoy.co\/#\/schema\/logo\/image\/"},"sameAs":["https:\/\/www.facebook.com\/FutbolHoyCol\/","https:\/\/x.com\/FutbolHoyCol","https:\/\/www.instagram.com\/futbolhoycol\/"]},{"@type":"Person","@id":"https:\/\/futbolhoy.co\/#\/schema\/person\/1721b69355b6623eaff15ac7b92d4cc3","name":"contenido","image":{"@type":"ImageObject","inLanguage":"es","@id":"https:\/\/futbolhoy.co\/#\/schema\/person\/image\/","url":"https:\/\/secure.gravatar.com\/avatar\/4f656d3256f5134f466206e7c3941518?s=96&d=mm&r=g","contentUrl":"https:\/\/secure.gravatar.com\/avatar\/4f656d3256f5134f466206e7c3941518?s=96&d=mm&r=g","caption":"contenido"}}]}},"publishpress_future_action":{"enabled":false,"date":"2026-05-04 05:04:18","action":"change-status","newStatus":"draft","terms":[],"taxonomy":"category","extraData":[]},"publishpress_future_workflow_manual_trigger":{"enabledWorkflows":[]},"_links":{"self":[{"href":"https:\/\/futbolhoy.co\/index.php\/wp-json\/wp\/v2\/posts\/109422","targetHints":{"allow":["GET"]}}],"collection":[{"href":"https:\/\/futbolhoy.co\/index.php\/wp-json\/wp\/v2\/posts"}],"about":[{"href":"https:\/\/futbolhoy.co\/index.php\/wp-json\/wp\/v2\/types\/post"}],"author":[{"embeddable":true,"href":"https:\/\/futbolhoy.co\/index.php\/wp-json\/wp\/v2\/users\/4"}],"replies":[{"embeddable":true,"href":"https:\/\/futbolhoy.co\/index.php\/wp-json\/wp\/v2\/comments?post=109422"}],"version-history":[{"count":1,"href":"https:\/\/futbolhoy.co\/index.php\/wp-json\/wp\/v2\/posts\/109422\/revisions"}],"predecessor-version":[{"id":109424,"href":"https:\/\/futbolhoy.co\/index.php\/wp-json\/wp\/v2\/posts\/109422\/revisions\/109424"}],"wp:featuredmedia":[{"embeddable":true,"href":"https:\/\/futbolhoy.co\/index.php\/wp-json\/wp\/v2\/media\/109423"}],"wp:attachment":[{"href":"https:\/\/futbolhoy.co\/index.php\/wp-json\/wp\/v2\/media?parent=109422"}],"wp:term":[{"taxonomy":"category","embeddable":true,"href":"https:\/\/futbolhoy.co\/index.php\/wp-json\/wp\/v2\/categories?post=109422"},{"taxonomy":"post_tag","embeddable":true,"href":"https:\/\/futbolhoy.co\/index.php\/wp-json\/wp\/v2\/tags?post=109422"}],"curies":[{"name":"wp","href":"https:\/\/api.w.org\/{rel}","templated":true}]}}