{"id":109425,"date":"2024-06-14T15:40:13","date_gmt":"2024-06-14T20:40:13","guid":{"rendered":"https:\/\/futbolhoy.co\/?p=109425"},"modified":"2024-06-15T08:20:02","modified_gmt":"2024-06-15T13:20:02","slug":"esta-es-la-lista-definitiva-de-colombia-para-la-copa-america","status":"publish","type":"post","link":"https:\/\/futbolhoy.co\/index.php\/2024\/06\/14\/esta-es-la-lista-definitiva-de-colombia-para-la-copa-america\/","title":{"rendered":"Esta es la lista definitiva de Colombia para la Copa Am\u00e9rica"},"content":{"rendered":"<p style=\"text-align: justify;\"><span style=\"font-family: helvetica, arial, sans-serif;\">El entrenador<strong> N\u00e9stor Lorenzo<\/strong> habl\u00f3 este viernes en rueda de prensa previo al partido amistoso ante <strong>Bolivia<\/strong> que tendr\u00e1 lugar en <strong>Hatford, Connecticut.<\/strong> En ella, el argentino inform\u00f3 que ser\u00e1n dos los jugadores que no har\u00e1n parte de la lista definitiva para la <strong>Copa Am\u00e9rica: Sebasti\u00e1n G\u00f3mez y Yerson Mosquera<\/strong><\/span><\/p>\n<p style=\"text-align: justify;\"><span style=\"font-family: helvetica, arial, sans-serif;\">\u201cLa lista la tenemos que dar antes del partido de Bolivia, as\u00ed que sabr\u00e1n quienes son los que no estar\u00e1n en la lista definitiva. Todos los que estuvieron hicieron el esfuerzo de estar y la verdad que contestaron con el agradecimiento de estar dentro de los 28 y de estar aqu\u00ed hasta el momento. Los que saldr\u00e1n son Sebasti\u00e1n G\u00f3mez y Yerson Mosquera son quienes no nos acompa\u00f1ar\u00e1n\u201d, inform\u00f3 el seleccionador.<\/span><\/p>\n<p style=\"text-align: justify;\"><span style=\"font-family: helvetica, arial, sans-serif;\">Respecto a <strong>Matheus Uribe,<\/strong> asegur\u00f3 que no tiene ning\u00fan inconveniente f\u00edsico y podr\u00e1 encarar la Copa Am\u00e9rica sin ning\u00fan problema. De lo contrario, hubiera sido G\u00f3mez su reemplazante.<\/span><\/p>\n<p style=\"text-align: justify;\"><span style=\"font-family: helvetica, arial, sans-serif;\"><strong>Arqueros:<\/strong> \u00c1lvaro Montero \u2013 Millonarios (COL), Camilo Vargas \u2013 Atlas (MEX), David Ospina \u2013 Al-Nassr (KSA).<\/span><\/p>\n<p style=\"text-align: justify;\"><span style=\"font-family: helvetica, arial, sans-serif;\"><strong>Defensas<\/strong>: Carlos Cuesta \u2013 Genk (BEL), Daniel Mu\u00f1oz \u2013 Crystal Palace (ING) Davinson S\u00e1nchez \u2013 Galatasaray (TUR), Deiver Machado \u2013 Lens (FRA), Jhon Lucum\u00ed \u2013 Bologna (ITA), Johan Mojica \u2013 Osasuna (ESP), Santiago Arias \u2013 Bah\u00eda (BRA), Yerry Mina \u2013 Cagliari (ITA)<\/span><\/p>\n<p style=\"text-align: justify;\"><span style=\"font-family: helvetica, arial, sans-serif;\"><strong>Volantes<\/strong>: Kevin Casta\u00f1o \u2013 Krasnodar (RUS), Matheus Uribe \u2013 Al-Sadd (QAT), Jefferson Lerma \u2013 Crystal Palace (ING), James Rodr\u00edguez \u2013 S\u00e3o Paulo (BRA), Jorge Carrascal \u2013 Dynamo Mosc\u00fa (RUS), Juan Fernando Quintero \u2013 Racing Club (ARG), Y\u00e1ser Asprilla \u2013 Watford (ING), Richard R\u00edos \u2013 Palmeiras (BRA), Jhon Arias \u2013 Fluminense (BRA).<\/span><\/p>\n<p style=\"text-align: justify;\"><span style=\"font-family: helvetica, arial, sans-serif;\"><strong>Delanteros<\/strong>: Jhon C\u00f3rdoba \u2013 Krasnodar (RUS), Jhon J\u00e1der Dur\u00e1n \u2013 Aston Villa (ING), Luis D\u00edaz \u2013 Liverpool (ING), Luis Sinisterra \u2013 Bournemouth (ING), Miguel \u00c1ngel Borja \u2013 River Plate (ARG), Rafael Santos Borr\u00e9 \u2013 Internacional (BRA)<\/span><\/p>\n","protected":false},"excerpt":{"rendered":"<p>El entrenador N\u00e9stor Lorenzo habl\u00f3 este viernes en rueda de prensa previo al partido amistoso ante Bolivia que tendr\u00e1 lugar en Hatford, Connecticut. En ella, el argentino inform\u00f3 que ser\u00e1n dos los jugadores que no har\u00e1n parte de la lista definitiva para la Copa Am\u00e9rica: Sebasti\u00e1n G\u00f3mez y Yerson Mosquera \u201cLa lista la tenemos que [&hellip;]<\/p>\n","protected":false},"author":4,"featured_media":109426,"comment_status":"open","ping_status":"open","sticky":false,"template":"","format":"standard","meta":{"_acf_changed":false,"footnotes":""},"categories":[418,1525],"tags":[],"class_list":{"0":"post-109425","1":"post","2":"type-post","3":"status-publish","4":"format-standard","5":"has-post-thumbnail","7":"category-colombia","8":"category-copa-america"},"acf":[],"yoast_head":"<!-- This site is optimized with the Yoast SEO plugin v26.8 - https:\/\/yoast.com\/product\/yoast-seo-wordpress\/ -->\n<title>Esta es la lista definitiva de Colombia para la Copa Am\u00e9rica -<\/title>\n<meta name=\"robots\" content=\"index, follow, max-snippet:-1, max-image-preview:large, max-video-preview:-1\" \/>\n<link rel=\"canonical\" href=\"https:\/\/futbolhoy.co\/index.php\/2024\/06\/14\/esta-es-la-lista-definitiva-de-colombia-para-la-copa-america\/\" \/>\n<meta property=\"og:locale\" content=\"es_ES\" \/>\n<meta property=\"og:type\" content=\"article\" \/>\n<meta property=\"og:title\" content=\"Esta es la lista definitiva de Colombia para la Copa Am\u00e9rica -\" \/>\n<meta property=\"og:description\" content=\"El entrenador N\u00e9stor Lorenzo habl\u00f3 este viernes en rueda de prensa previo al partido amistoso ante Bolivia que tendr\u00e1 lugar en Hatford, Connecticut. En ella, el argentino inform\u00f3 que ser\u00e1n dos los jugadores que no har\u00e1n parte de la lista definitiva para la Copa Am\u00e9rica: Sebasti\u00e1n G\u00f3mez y Yerson Mosquera \u201cLa lista la tenemos que [&hellip;]\" \/>\n<meta property=\"og:url\" content=\"https:\/\/futbolhoy.co\/index.php\/2024\/06\/14\/esta-es-la-lista-definitiva-de-colombia-para-la-copa-america\/\" \/>\n<meta property=\"article:publisher\" content=\"https:\/\/www.facebook.com\/FutbolHoyCol\/\" \/>\n<meta property=\"article:published_time\" content=\"2024-06-14T20:40:13+00:00\" \/>\n<meta property=\"article:modified_time\" content=\"2024-06-15T13:20:02+00:00\" \/>\n<meta property=\"og:image\" content=\"https:\/\/futbolhoy.co\/wp-content\/uploads\/2024\/06\/IMG_3146.jpeg\" \/>\n\t<meta property=\"og:image:width\" content=\"2048\" \/>\n\t<meta property=\"og:image:height\" content=\"1638\" \/>\n\t<meta property=\"og:image:type\" content=\"image\/jpeg\" \/>\n<meta name=\"author\" content=\"contenido\" \/>\n<meta name=\"twitter:card\" content=\"summary_large_image\" \/>\n<meta name=\"twitter:creator\" content=\"@FutbolHoyCol\" \/>\n<meta name=\"twitter:site\" content=\"@FutbolHoyCol\" \/>\n<meta name=\"twitter:label1\" content=\"Escrito por\" \/>\n\t<meta name=\"twitter:data1\" content=\"contenido\" \/>\n\t<meta name=\"twitter:label2\" content=\"Tiempo de lectura\" \/>\n\t<meta name=\"twitter:data2\" content=\"1 minuto\" \/>\n<script type=\"application\/ld+json\" class=\"yoast-schema-graph\">{\"@context\":\"https:\/\/schema.org\",\"@graph\":[{\"@type\":\"Article\",\"@id\":\"https:\/\/futbolhoy.co\/index.php\/2024\/06\/14\/esta-es-la-lista-definitiva-de-colombia-para-la-copa-america\/#article\",\"isPartOf\":{\"@id\":\"https:\/\/futbolhoy.co\/index.php\/2024\/06\/14\/esta-es-la-lista-definitiva-de-colombia-para-la-copa-america\/\"},\"author\":{\"name\":\"contenido\",\"@id\":\"https:\/\/futbolhoy.co\/#\/schema\/person\/1721b69355b6623eaff15ac7b92d4cc3\"},\"headline\":\"Esta es la lista definitiva de Colombia para la Copa Am\u00e9rica\",\"datePublished\":\"2024-06-14T20:40:13+00:00\",\"dateModified\":\"2024-06-15T13:20:02+00:00\",\"mainEntityOfPage\":{\"@id\":\"https:\/\/futbolhoy.co\/index.php\/2024\/06\/14\/esta-es-la-lista-definitiva-de-colombia-para-la-copa-america\/\"},\"wordCount\":309,\"commentCount\":0,\"publisher\":{\"@id\":\"https:\/\/futbolhoy.co\/#organization\"},\"image\":{\"@id\":\"https:\/\/futbolhoy.co\/index.php\/2024\/06\/14\/esta-es-la-lista-definitiva-de-colombia-para-la-copa-america\/#primaryimage\"},\"thumbnailUrl\":\"https:\/\/futbolhoy.co\/wp-content\/uploads\/2024\/06\/IMG_3146.jpeg\",\"articleSection\":[\"Colombia\",\"Copa Am\u00e9rica\"],\"inLanguage\":\"es\",\"potentialAction\":[{\"@type\":\"CommentAction\",\"name\":\"Comment\",\"target\":[\"https:\/\/futbolhoy.co\/index.php\/2024\/06\/14\/esta-es-la-lista-definitiva-de-colombia-para-la-copa-america\/#respond\"]}]},{\"@type\":\"WebPage\",\"@id\":\"https:\/\/futbolhoy.co\/index.php\/2024\/06\/14\/esta-es-la-lista-definitiva-de-colombia-para-la-copa-america\/\",\"url\":\"https:\/\/futbolhoy.co\/index.php\/2024\/06\/14\/esta-es-la-lista-definitiva-de-colombia-para-la-copa-america\/\",\"name\":\"Esta es la lista definitiva de Colombia para la Copa Am\u00e9rica -\",\"isPartOf\":{\"@id\":\"https:\/\/futbolhoy.co\/#website\"},\"primaryImageOfPage\":{\"@id\":\"https:\/\/futbolhoy.co\/index.php\/2024\/06\/14\/esta-es-la-lista-definitiva-de-colombia-para-la-copa-america\/#primaryimage\"},\"image\":{\"@id\":\"https:\/\/futbolhoy.co\/index.php\/2024\/06\/14\/esta-es-la-lista-definitiva-de-colombia-para-la-copa-america\/#primaryimage\"},\"thumbnailUrl\":\"https:\/\/futbolhoy.co\/wp-content\/uploads\/2024\/06\/IMG_3146.jpeg\",\"datePublished\":\"2024-06-14T20:40:13+00:00\",\"dateModified\":\"2024-06-15T13:20:02+00:00\",\"breadcrumb\":{\"@id\":\"https:\/\/futbolhoy.co\/index.php\/2024\/06\/14\/esta-es-la-lista-definitiva-de-colombia-para-la-copa-america\/#breadcrumb\"},\"inLanguage\":\"es\",\"potentialAction\":[{\"@type\":\"ReadAction\",\"target\":[\"https:\/\/futbolhoy.co\/index.php\/2024\/06\/14\/esta-es-la-lista-definitiva-de-colombia-para-la-copa-america\/\"]}]},{\"@type\":\"ImageObject\",\"inLanguage\":\"es\",\"@id\":\"https:\/\/futbolhoy.co\/index.php\/2024\/06\/14\/esta-es-la-lista-definitiva-de-colombia-para-la-copa-america\/#primaryimage\",\"url\":\"https:\/\/futbolhoy.co\/wp-content\/uploads\/2024\/06\/IMG_3146.jpeg\",\"contentUrl\":\"https:\/\/futbolhoy.co\/wp-content\/uploads\/2024\/06\/IMG_3146.jpeg\",\"width\":2048,\"height\":1638},{\"@type\":\"BreadcrumbList\",\"@id\":\"https:\/\/futbolhoy.co\/index.php\/2024\/06\/14\/esta-es-la-lista-definitiva-de-colombia-para-la-copa-america\/#breadcrumb\",\"itemListElement\":[{\"@type\":\"ListItem\",\"position\":1,\"name\":\"Portada\",\"item\":\"https:\/\/futbolhoy.co\/\"},{\"@type\":\"ListItem\",\"position\":2,\"name\":\"Esta es la lista definitiva de Colombia para la Copa Am\u00e9rica\"}]},{\"@type\":\"WebSite\",\"@id\":\"https:\/\/futbolhoy.co\/#website\",\"url\":\"https:\/\/futbolhoy.co\/\",\"name\":\"FutbolHoy\",\"description\":\"\",\"publisher\":{\"@id\":\"https:\/\/futbolhoy.co\/#organization\"},\"potentialAction\":[{\"@type\":\"SearchAction\",\"target\":{\"@type\":\"EntryPoint\",\"urlTemplate\":\"https:\/\/futbolhoy.co\/?s={search_term_string}\"},\"query-input\":{\"@type\":\"PropertyValueSpecification\",\"valueRequired\":true,\"valueName\":\"search_term_string\"}}],\"inLanguage\":\"es\"},{\"@type\":\"Organization\",\"@id\":\"https:\/\/futbolhoy.co\/#organization\",\"name\":\"Futbolhoy.co\",\"url\":\"https:\/\/futbolhoy.co\/\",\"logo\":{\"@type\":\"ImageObject\",\"inLanguage\":\"es\",\"@id\":\"https:\/\/futbolhoy.co\/#\/schema\/logo\/image\/\",\"url\":\"https:\/\/futbolhoy.co\/wp-content\/uploads\/2018\/08\/17426380_1906371736249227_6326180412931521141_n.jpg\",\"contentUrl\":\"https:\/\/futbolhoy.co\/wp-content\/uploads\/2018\/08\/17426380_1906371736249227_6326180412931521141_n.jpg\",\"width\":960,\"height\":960,\"caption\":\"Futbolhoy.co\"},\"image\":{\"@id\":\"https:\/\/futbolhoy.co\/#\/schema\/logo\/image\/\"},\"sameAs\":[\"https:\/\/www.facebook.com\/FutbolHoyCol\/\",\"https:\/\/x.com\/FutbolHoyCol\",\"https:\/\/www.instagram.com\/futbolhoycol\/\"]},{\"@type\":\"Person\",\"@id\":\"https:\/\/futbolhoy.co\/#\/schema\/person\/1721b69355b6623eaff15ac7b92d4cc3\",\"name\":\"contenido\",\"image\":{\"@type\":\"ImageObject\",\"inLanguage\":\"es\",\"@id\":\"https:\/\/futbolhoy.co\/#\/schema\/person\/image\/\",\"url\":\"https:\/\/secure.gravatar.com\/avatar\/4f656d3256f5134f466206e7c3941518?s=96&d=mm&r=g\",\"contentUrl\":\"https:\/\/secure.gravatar.com\/avatar\/4f656d3256f5134f466206e7c3941518?s=96&d=mm&r=g\",\"caption\":\"contenido\"}}]}<\/script>\n<!-- \/ Yoast SEO plugin. -->","yoast_head_json":{"title":"Esta es la lista definitiva de Colombia para la Copa Am\u00e9rica -","robots":{"index":"index","follow":"follow","max-snippet":"max-snippet:-1","max-image-preview":"max-image-preview:large","max-video-preview":"max-video-preview:-1"},"canonical":"https:\/\/futbolhoy.co\/index.php\/2024\/06\/14\/esta-es-la-lista-definitiva-de-colombia-para-la-copa-america\/","og_locale":"es_ES","og_type":"article","og_title":"Esta es la lista definitiva de Colombia para la Copa Am\u00e9rica -","og_description":"El entrenador N\u00e9stor Lorenzo habl\u00f3 este viernes en rueda de prensa previo al partido amistoso ante Bolivia que tendr\u00e1 lugar en Hatford, Connecticut. En ella, el argentino inform\u00f3 que ser\u00e1n dos los jugadores que no har\u00e1n parte de la lista definitiva para la Copa Am\u00e9rica: Sebasti\u00e1n G\u00f3mez y Yerson Mosquera \u201cLa lista la tenemos que [&hellip;]","og_url":"https:\/\/futbolhoy.co\/index.php\/2024\/06\/14\/esta-es-la-lista-definitiva-de-colombia-para-la-copa-america\/","article_publisher":"https:\/\/www.facebook.com\/FutbolHoyCol\/","article_published_time":"2024-06-14T20:40:13+00:00","article_modified_time":"2024-06-15T13:20:02+00:00","og_image":[{"width":2048,"height":1638,"url":"https:\/\/futbolhoy.co\/wp-content\/uploads\/2024\/06\/IMG_3146.jpeg","type":"image\/jpeg"}],"author":"contenido","twitter_card":"summary_large_image","twitter_creator":"@FutbolHoyCol","twitter_site":"@FutbolHoyCol","twitter_misc":{"Escrito por":"contenido","Tiempo de lectura":"1 minuto"},"schema":{"@context":"https:\/\/schema.org","@graph":[{"@type":"Article","@id":"https:\/\/futbolhoy.co\/index.php\/2024\/06\/14\/esta-es-la-lista-definitiva-de-colombia-para-la-copa-america\/#article","isPartOf":{"@id":"https:\/\/futbolhoy.co\/index.php\/2024\/06\/14\/esta-es-la-lista-definitiva-de-colombia-para-la-copa-america\/"},"author":{"name":"contenido","@id":"https:\/\/futbolhoy.co\/#\/schema\/person\/1721b69355b6623eaff15ac7b92d4cc3"},"headline":"Esta es la lista definitiva de Colombia para la Copa Am\u00e9rica","datePublished":"2024-06-14T20:40:13+00:00","dateModified":"2024-06-15T13:20:02+00:00","mainEntityOfPage":{"@id":"https:\/\/futbolhoy.co\/index.php\/2024\/06\/14\/esta-es-la-lista-definitiva-de-colombia-para-la-copa-america\/"},"wordCount":309,"commentCount":0,"publisher":{"@id":"https:\/\/futbolhoy.co\/#organization"},"image":{"@id":"https:\/\/futbolhoy.co\/index.php\/2024\/06\/14\/esta-es-la-lista-definitiva-de-colombia-para-la-copa-america\/#primaryimage"},"thumbnailUrl":"https:\/\/futbolhoy.co\/wp-content\/uploads\/2024\/06\/IMG_3146.jpeg","articleSection":["Colombia","Copa Am\u00e9rica"],"inLanguage":"es","potentialAction":[{"@type":"CommentAction","name":"Comment","target":["https:\/\/futbolhoy.co\/index.php\/2024\/06\/14\/esta-es-la-lista-definitiva-de-colombia-para-la-copa-america\/#respond"]}]},{"@type":"WebPage","@id":"https:\/\/futbolhoy.co\/index.php\/2024\/06\/14\/esta-es-la-lista-definitiva-de-colombia-para-la-copa-america\/","url":"https:\/\/futbolhoy.co\/index.php\/2024\/06\/14\/esta-es-la-lista-definitiva-de-colombia-para-la-copa-america\/","name":"Esta es la lista definitiva de Colombia para la Copa Am\u00e9rica -","isPartOf":{"@id":"https:\/\/futbolhoy.co\/#website"},"primaryImageOfPage":{"@id":"https:\/\/futbolhoy.co\/index.php\/2024\/06\/14\/esta-es-la-lista-definitiva-de-colombia-para-la-copa-america\/#primaryimage"},"image":{"@id":"https:\/\/futbolhoy.co\/index.php\/2024\/06\/14\/esta-es-la-lista-definitiva-de-colombia-para-la-copa-america\/#primaryimage"},"thumbnailUrl":"https:\/\/futbolhoy.co\/wp-content\/uploads\/2024\/06\/IMG_3146.jpeg","datePublished":"2024-06-14T20:40:13+00:00","dateModified":"2024-06-15T13:20:02+00:00","breadcrumb":{"@id":"https:\/\/futbolhoy.co\/index.php\/2024\/06\/14\/esta-es-la-lista-definitiva-de-colombia-para-la-copa-america\/#breadcrumb"},"inLanguage":"es","potentialAction":[{"@type":"ReadAction","target":["https:\/\/futbolhoy.co\/index.php\/2024\/06\/14\/esta-es-la-lista-definitiva-de-colombia-para-la-copa-america\/"]}]},{"@type":"ImageObject","inLanguage":"es","@id":"https:\/\/futbolhoy.co\/index.php\/2024\/06\/14\/esta-es-la-lista-definitiva-de-colombia-para-la-copa-america\/#primaryimage","url":"https:\/\/futbolhoy.co\/wp-content\/uploads\/2024\/06\/IMG_3146.jpeg","contentUrl":"https:\/\/futbolhoy.co\/wp-content\/uploads\/2024\/06\/IMG_3146.jpeg","width":2048,"height":1638},{"@type":"BreadcrumbList","@id":"https:\/\/futbolhoy.co\/index.php\/2024\/06\/14\/esta-es-la-lista-definitiva-de-colombia-para-la-copa-america\/#breadcrumb","itemListElement":[{"@type":"ListItem","position":1,"name":"Portada","item":"https:\/\/futbolhoy.co\/"},{"@type":"ListItem","position":2,"name":"Esta es la lista definitiva de Colombia para la Copa Am\u00e9rica"}]},{"@type":"WebSite","@id":"https:\/\/futbolhoy.co\/#website","url":"https:\/\/futbolhoy.co\/","name":"FutbolHoy","description":"","publisher":{"@id":"https:\/\/futbolhoy.co\/#organization"},"potentialAction":[{"@type":"SearchAction","target":{"@type":"EntryPoint","urlTemplate":"https:\/\/futbolhoy.co\/?s={search_term_string}"},"query-input":{"@type":"PropertyValueSpecification","valueRequired":true,"valueName":"search_term_string"}}],"inLanguage":"es"},{"@type":"Organization","@id":"https:\/\/futbolhoy.co\/#organization","name":"Futbolhoy.co","url":"https:\/\/futbolhoy.co\/","logo":{"@type":"ImageObject","inLanguage":"es","@id":"https:\/\/futbolhoy.co\/#\/schema\/logo\/image\/","url":"https:\/\/futbolhoy.co\/wp-content\/uploads\/2018\/08\/17426380_1906371736249227_6326180412931521141_n.jpg","contentUrl":"https:\/\/futbolhoy.co\/wp-content\/uploads\/2018\/08\/17426380_1906371736249227_6326180412931521141_n.jpg","width":960,"height":960,"caption":"Futbolhoy.co"},"image":{"@id":"https:\/\/futbolhoy.co\/#\/schema\/logo\/image\/"},"sameAs":["https:\/\/www.facebook.com\/FutbolHoyCol\/","https:\/\/x.com\/FutbolHoyCol","https:\/\/www.instagram.com\/futbolhoycol\/"]},{"@type":"Person","@id":"https:\/\/futbolhoy.co\/#\/schema\/person\/1721b69355b6623eaff15ac7b92d4cc3","name":"contenido","image":{"@type":"ImageObject","inLanguage":"es","@id":"https:\/\/futbolhoy.co\/#\/schema\/person\/image\/","url":"https:\/\/secure.gravatar.com\/avatar\/4f656d3256f5134f466206e7c3941518?s=96&d=mm&r=g","contentUrl":"https:\/\/secure.gravatar.com\/avatar\/4f656d3256f5134f466206e7c3941518?s=96&d=mm&r=g","caption":"contenido"}}]}},"publishpress_future_action":{"enabled":false,"date":"2026-05-03 23:16:44","action":"change-status","newStatus":"draft","terms":[],"taxonomy":"category","extraData":[]},"publishpress_future_workflow_manual_trigger":{"enabledWorkflows":[]},"_links":{"self":[{"href":"https:\/\/futbolhoy.co\/index.php\/wp-json\/wp\/v2\/posts\/109425","targetHints":{"allow":["GET"]}}],"collection":[{"href":"https:\/\/futbolhoy.co\/index.php\/wp-json\/wp\/v2\/posts"}],"about":[{"href":"https:\/\/futbolhoy.co\/index.php\/wp-json\/wp\/v2\/types\/post"}],"author":[{"embeddable":true,"href":"https:\/\/futbolhoy.co\/index.php\/wp-json\/wp\/v2\/users\/4"}],"replies":[{"embeddable":true,"href":"https:\/\/futbolhoy.co\/index.php\/wp-json\/wp\/v2\/comments?post=109425"}],"version-history":[{"count":1,"href":"https:\/\/futbolhoy.co\/index.php\/wp-json\/wp\/v2\/posts\/109425\/revisions"}],"predecessor-version":[{"id":109427,"href":"https:\/\/futbolhoy.co\/index.php\/wp-json\/wp\/v2\/posts\/109425\/revisions\/109427"}],"wp:featuredmedia":[{"embeddable":true,"href":"https:\/\/futbolhoy.co\/index.php\/wp-json\/wp\/v2\/media\/109426"}],"wp:attachment":[{"href":"https:\/\/futbolhoy.co\/index.php\/wp-json\/wp\/v2\/media?parent=109425"}],"wp:term":[{"taxonomy":"category","embeddable":true,"href":"https:\/\/futbolhoy.co\/index.php\/wp-json\/wp\/v2\/categories?post=109425"},{"taxonomy":"post_tag","embeddable":true,"href":"https:\/\/futbolhoy.co\/index.php\/wp-json\/wp\/v2\/tags?post=109425"}],"curies":[{"name":"wp","href":"https:\/\/api.w.org\/{rel}","templated":true}]}}