{"id":109428,"date":"2024-06-14T19:43:55","date_gmt":"2024-06-15T00:43:55","guid":{"rendered":"https:\/\/futbolhoy.co\/?p=109428"},"modified":"2024-06-15T10:54:05","modified_gmt":"2024-06-15T15:54:05","slug":"peirano-vamos-a-batallar-fuerte","status":"publish","type":"post","link":"https:\/\/futbolhoy.co\/index.php\/2024\/06\/14\/peirano-vamos-a-batallar-fuerte\/","title":{"rendered":"Peirano: \u201cVamos a batallar fuerte\u201d"},"content":{"rendered":"<p style=\"text-align: justify;\"><span style=\"font-family: helvetica, arial, sans-serif;\">El entrenador de <strong>Independiente Santa Fe, Pablo Peirano<\/strong>, habl\u00f3 en rueda de prensa previo a la gran final de la <strong>Liga colombiana<\/strong> ante <strong>Atl\u00e9tico Bucaramanga<\/strong>. El cuadro Cardenal deber\u00e1 remontar la serie para salir campe\u00f3n, pues est\u00e1 1-0 abajo con el tanto que hizo <strong>Freddy Hinestroza<\/strong> para los santandereanos.<\/span><\/p>\n<p><span style=\"font-family: helvetica, arial, sans-serif;\">El t\u00e9cnico uruguayo se refiri\u00f3 a lo que espera de su rival para el encuentro, as\u00ed como le envi\u00f3 un mensaje a la hinchada para lo que ser\u00e1 \u201cla \u00faltima batalla\u201d.<\/span><\/p>\n<p><span style=\"font-family: helvetica, arial, sans-serif;\"><strong>\u00bfQu\u00e9 espera del Bucaramanga?:<\/strong> \u201cUn Bucaramanga que maneja bien las fases del juego, sabe los momentos para esperar y lo ha hecho con otros equipos, comenzar el partido presionando y el correr de los minutos se repliega y busca la contra. Maneja bien las dos fases del juego, puede pasar que nos van a presionar y contragolpear. Tenemos respuesta para las dos partes\u201d.<\/span><\/p>\n<p style=\"text-align: justify;\"><span style=\"font-family: helvetica, arial, sans-serif;\"><strong>La presi\u00f3n del partido<\/strong>: \u201cSentir la presi\u00f3n es un privilegio, es un honor estar en esta instancia, es una motivaci\u00f3n, es una gran oportunidad, un privilegio de ir por el objetivo. Una presi\u00f3n a algo que pueda paralizar, no lo tenemos nosotros, vamos siempre por mas y eso lo vamos a intentar hacer desde el comienzo\u201d.<\/span><\/p>\n<p style=\"text-align: justify;\"><span style=\"font-family: helvetica, arial, sans-serif;\"><strong>Mensaje a la hinchada<\/strong>: \u201cTenemos para decir \u2018gracias\u2019, nos han acompa\u00f1ado desde un comienzo, agradecerles porque no san acompa\u00f1ado en todos los lugares, no tengo dudas que ma\u00f1ana van a entrar a la cancha junto con nosotros. Es el partido m\u00e1s importante, la \u00faltima batalla. Que vengan todos porque este equipo va a batallar fuerte, que nos acompa\u00f1en y que el equipo, el grupo, estamos todos alineados para el objetivo\u201d.<\/span><\/p>\n","protected":false},"excerpt":{"rendered":"<p>El entrenador de Independiente Santa Fe, Pablo Peirano, habl\u00f3 en rueda de prensa previo a la gran final de la Liga colombiana ante Atl\u00e9tico Bucaramanga. El cuadro Cardenal deber\u00e1 remontar la serie para salir campe\u00f3n, pues est\u00e1 1-0 abajo con el tanto que hizo Freddy Hinestroza para los santandereanos. El t\u00e9cnico uruguayo se refiri\u00f3 a [&hellip;]<\/p>\n","protected":false},"author":4,"featured_media":109429,"comment_status":"open","ping_status":"open","sticky":false,"template":"","format":"standard","meta":{"_acf_changed":false,"footnotes":""},"categories":[7],"tags":[],"class_list":{"0":"post-109428","1":"post","2":"type-post","3":"status-publish","4":"format-standard","5":"has-post-thumbnail","7":"category-liga-betplay"},"acf":[],"yoast_head":"<!-- This site is optimized with the Yoast SEO plugin v26.8 - https:\/\/yoast.com\/product\/yoast-seo-wordpress\/ -->\n<title>Peirano: \u201cVamos a batallar fuerte\u201d -<\/title>\n<meta name=\"robots\" content=\"index, follow, max-snippet:-1, max-image-preview:large, max-video-preview:-1\" \/>\n<link rel=\"canonical\" href=\"https:\/\/futbolhoy.co\/index.php\/2024\/06\/14\/peirano-vamos-a-batallar-fuerte\/\" \/>\n<meta property=\"og:locale\" content=\"es_ES\" \/>\n<meta property=\"og:type\" content=\"article\" \/>\n<meta property=\"og:title\" content=\"Peirano: \u201cVamos a batallar fuerte\u201d -\" \/>\n<meta property=\"og:description\" content=\"El entrenador de Independiente Santa Fe, Pablo Peirano, habl\u00f3 en rueda de prensa previo a la gran final de la Liga colombiana ante Atl\u00e9tico Bucaramanga. El cuadro Cardenal deber\u00e1 remontar la serie para salir campe\u00f3n, pues est\u00e1 1-0 abajo con el tanto que hizo Freddy Hinestroza para los santandereanos. El t\u00e9cnico uruguayo se refiri\u00f3 a [&hellip;]\" \/>\n<meta property=\"og:url\" content=\"https:\/\/futbolhoy.co\/index.php\/2024\/06\/14\/peirano-vamos-a-batallar-fuerte\/\" \/>\n<meta property=\"article:publisher\" content=\"https:\/\/www.facebook.com\/FutbolHoyCol\/\" \/>\n<meta property=\"article:published_time\" content=\"2024-06-15T00:43:55+00:00\" \/>\n<meta property=\"article:modified_time\" content=\"2024-06-15T15:54:05+00:00\" \/>\n<meta property=\"og:image\" content=\"https:\/\/futbolhoy.co\/wp-content\/uploads\/2024\/06\/IMG_3153.jpeg\" \/>\n\t<meta property=\"og:image:width\" content=\"2048\" \/>\n\t<meta property=\"og:image:height\" content=\"1366\" \/>\n\t<meta property=\"og:image:type\" content=\"image\/jpeg\" \/>\n<meta name=\"author\" content=\"contenido\" \/>\n<meta name=\"twitter:card\" content=\"summary_large_image\" \/>\n<meta name=\"twitter:creator\" content=\"@FutbolHoyCol\" \/>\n<meta name=\"twitter:site\" content=\"@FutbolHoyCol\" \/>\n<meta name=\"twitter:label1\" content=\"Escrito por\" \/>\n\t<meta name=\"twitter:data1\" content=\"contenido\" \/>\n\t<meta name=\"twitter:label2\" content=\"Tiempo de lectura\" \/>\n\t<meta name=\"twitter:data2\" content=\"1 minuto\" \/>\n<script type=\"application\/ld+json\" class=\"yoast-schema-graph\">{\"@context\":\"https:\/\/schema.org\",\"@graph\":[{\"@type\":\"Article\",\"@id\":\"https:\/\/futbolhoy.co\/index.php\/2024\/06\/14\/peirano-vamos-a-batallar-fuerte\/#article\",\"isPartOf\":{\"@id\":\"https:\/\/futbolhoy.co\/index.php\/2024\/06\/14\/peirano-vamos-a-batallar-fuerte\/\"},\"author\":{\"name\":\"contenido\",\"@id\":\"https:\/\/futbolhoy.co\/#\/schema\/person\/1721b69355b6623eaff15ac7b92d4cc3\"},\"headline\":\"Peirano: \u201cVamos a batallar fuerte\u201d\",\"datePublished\":\"2024-06-15T00:43:55+00:00\",\"dateModified\":\"2024-06-15T15:54:05+00:00\",\"mainEntityOfPage\":{\"@id\":\"https:\/\/futbolhoy.co\/index.php\/2024\/06\/14\/peirano-vamos-a-batallar-fuerte\/\"},\"wordCount\":286,\"commentCount\":0,\"publisher\":{\"@id\":\"https:\/\/futbolhoy.co\/#organization\"},\"image\":{\"@id\":\"https:\/\/futbolhoy.co\/index.php\/2024\/06\/14\/peirano-vamos-a-batallar-fuerte\/#primaryimage\"},\"thumbnailUrl\":\"https:\/\/futbolhoy.co\/wp-content\/uploads\/2024\/06\/IMG_3153.jpeg\",\"articleSection\":[\"Liga BetPlay\"],\"inLanguage\":\"es\",\"potentialAction\":[{\"@type\":\"CommentAction\",\"name\":\"Comment\",\"target\":[\"https:\/\/futbolhoy.co\/index.php\/2024\/06\/14\/peirano-vamos-a-batallar-fuerte\/#respond\"]}]},{\"@type\":\"WebPage\",\"@id\":\"https:\/\/futbolhoy.co\/index.php\/2024\/06\/14\/peirano-vamos-a-batallar-fuerte\/\",\"url\":\"https:\/\/futbolhoy.co\/index.php\/2024\/06\/14\/peirano-vamos-a-batallar-fuerte\/\",\"name\":\"Peirano: \u201cVamos a batallar fuerte\u201d -\",\"isPartOf\":{\"@id\":\"https:\/\/futbolhoy.co\/#website\"},\"primaryImageOfPage\":{\"@id\":\"https:\/\/futbolhoy.co\/index.php\/2024\/06\/14\/peirano-vamos-a-batallar-fuerte\/#primaryimage\"},\"image\":{\"@id\":\"https:\/\/futbolhoy.co\/index.php\/2024\/06\/14\/peirano-vamos-a-batallar-fuerte\/#primaryimage\"},\"thumbnailUrl\":\"https:\/\/futbolhoy.co\/wp-content\/uploads\/2024\/06\/IMG_3153.jpeg\",\"datePublished\":\"2024-06-15T00:43:55+00:00\",\"dateModified\":\"2024-06-15T15:54:05+00:00\",\"breadcrumb\":{\"@id\":\"https:\/\/futbolhoy.co\/index.php\/2024\/06\/14\/peirano-vamos-a-batallar-fuerte\/#breadcrumb\"},\"inLanguage\":\"es\",\"potentialAction\":[{\"@type\":\"ReadAction\",\"target\":[\"https:\/\/futbolhoy.co\/index.php\/2024\/06\/14\/peirano-vamos-a-batallar-fuerte\/\"]}]},{\"@type\":\"ImageObject\",\"inLanguage\":\"es\",\"@id\":\"https:\/\/futbolhoy.co\/index.php\/2024\/06\/14\/peirano-vamos-a-batallar-fuerte\/#primaryimage\",\"url\":\"https:\/\/futbolhoy.co\/wp-content\/uploads\/2024\/06\/IMG_3153.jpeg\",\"contentUrl\":\"https:\/\/futbolhoy.co\/wp-content\/uploads\/2024\/06\/IMG_3153.jpeg\",\"width\":2048,\"height\":1366},{\"@type\":\"BreadcrumbList\",\"@id\":\"https:\/\/futbolhoy.co\/index.php\/2024\/06\/14\/peirano-vamos-a-batallar-fuerte\/#breadcrumb\",\"itemListElement\":[{\"@type\":\"ListItem\",\"position\":1,\"name\":\"Portada\",\"item\":\"https:\/\/futbolhoy.co\/\"},{\"@type\":\"ListItem\",\"position\":2,\"name\":\"Peirano: \u201cVamos a batallar fuerte\u201d\"}]},{\"@type\":\"WebSite\",\"@id\":\"https:\/\/futbolhoy.co\/#website\",\"url\":\"https:\/\/futbolhoy.co\/\",\"name\":\"FutbolHoy\",\"description\":\"\",\"publisher\":{\"@id\":\"https:\/\/futbolhoy.co\/#organization\"},\"potentialAction\":[{\"@type\":\"SearchAction\",\"target\":{\"@type\":\"EntryPoint\",\"urlTemplate\":\"https:\/\/futbolhoy.co\/?s={search_term_string}\"},\"query-input\":{\"@type\":\"PropertyValueSpecification\",\"valueRequired\":true,\"valueName\":\"search_term_string\"}}],\"inLanguage\":\"es\"},{\"@type\":\"Organization\",\"@id\":\"https:\/\/futbolhoy.co\/#organization\",\"name\":\"Futbolhoy.co\",\"url\":\"https:\/\/futbolhoy.co\/\",\"logo\":{\"@type\":\"ImageObject\",\"inLanguage\":\"es\",\"@id\":\"https:\/\/futbolhoy.co\/#\/schema\/logo\/image\/\",\"url\":\"https:\/\/futbolhoy.co\/wp-content\/uploads\/2018\/08\/17426380_1906371736249227_6326180412931521141_n.jpg\",\"contentUrl\":\"https:\/\/futbolhoy.co\/wp-content\/uploads\/2018\/08\/17426380_1906371736249227_6326180412931521141_n.jpg\",\"width\":960,\"height\":960,\"caption\":\"Futbolhoy.co\"},\"image\":{\"@id\":\"https:\/\/futbolhoy.co\/#\/schema\/logo\/image\/\"},\"sameAs\":[\"https:\/\/www.facebook.com\/FutbolHoyCol\/\",\"https:\/\/x.com\/FutbolHoyCol\",\"https:\/\/www.instagram.com\/futbolhoycol\/\"]},{\"@type\":\"Person\",\"@id\":\"https:\/\/futbolhoy.co\/#\/schema\/person\/1721b69355b6623eaff15ac7b92d4cc3\",\"name\":\"contenido\",\"image\":{\"@type\":\"ImageObject\",\"inLanguage\":\"es\",\"@id\":\"https:\/\/futbolhoy.co\/#\/schema\/person\/image\/\",\"url\":\"https:\/\/secure.gravatar.com\/avatar\/4f656d3256f5134f466206e7c3941518?s=96&d=mm&r=g\",\"contentUrl\":\"https:\/\/secure.gravatar.com\/avatar\/4f656d3256f5134f466206e7c3941518?s=96&d=mm&r=g\",\"caption\":\"contenido\"}}]}<\/script>\n<!-- \/ Yoast SEO plugin. -->","yoast_head_json":{"title":"Peirano: \u201cVamos a batallar fuerte\u201d -","robots":{"index":"index","follow":"follow","max-snippet":"max-snippet:-1","max-image-preview":"max-image-preview:large","max-video-preview":"max-video-preview:-1"},"canonical":"https:\/\/futbolhoy.co\/index.php\/2024\/06\/14\/peirano-vamos-a-batallar-fuerte\/","og_locale":"es_ES","og_type":"article","og_title":"Peirano: \u201cVamos a batallar fuerte\u201d -","og_description":"El entrenador de Independiente Santa Fe, Pablo Peirano, habl\u00f3 en rueda de prensa previo a la gran final de la Liga colombiana ante Atl\u00e9tico Bucaramanga. El cuadro Cardenal deber\u00e1 remontar la serie para salir campe\u00f3n, pues est\u00e1 1-0 abajo con el tanto que hizo Freddy Hinestroza para los santandereanos. El t\u00e9cnico uruguayo se refiri\u00f3 a [&hellip;]","og_url":"https:\/\/futbolhoy.co\/index.php\/2024\/06\/14\/peirano-vamos-a-batallar-fuerte\/","article_publisher":"https:\/\/www.facebook.com\/FutbolHoyCol\/","article_published_time":"2024-06-15T00:43:55+00:00","article_modified_time":"2024-06-15T15:54:05+00:00","og_image":[{"width":2048,"height":1366,"url":"https:\/\/futbolhoy.co\/wp-content\/uploads\/2024\/06\/IMG_3153.jpeg","type":"image\/jpeg"}],"author":"contenido","twitter_card":"summary_large_image","twitter_creator":"@FutbolHoyCol","twitter_site":"@FutbolHoyCol","twitter_misc":{"Escrito por":"contenido","Tiempo de lectura":"1 minuto"},"schema":{"@context":"https:\/\/schema.org","@graph":[{"@type":"Article","@id":"https:\/\/futbolhoy.co\/index.php\/2024\/06\/14\/peirano-vamos-a-batallar-fuerte\/#article","isPartOf":{"@id":"https:\/\/futbolhoy.co\/index.php\/2024\/06\/14\/peirano-vamos-a-batallar-fuerte\/"},"author":{"name":"contenido","@id":"https:\/\/futbolhoy.co\/#\/schema\/person\/1721b69355b6623eaff15ac7b92d4cc3"},"headline":"Peirano: \u201cVamos a batallar fuerte\u201d","datePublished":"2024-06-15T00:43:55+00:00","dateModified":"2024-06-15T15:54:05+00:00","mainEntityOfPage":{"@id":"https:\/\/futbolhoy.co\/index.php\/2024\/06\/14\/peirano-vamos-a-batallar-fuerte\/"},"wordCount":286,"commentCount":0,"publisher":{"@id":"https:\/\/futbolhoy.co\/#organization"},"image":{"@id":"https:\/\/futbolhoy.co\/index.php\/2024\/06\/14\/peirano-vamos-a-batallar-fuerte\/#primaryimage"},"thumbnailUrl":"https:\/\/futbolhoy.co\/wp-content\/uploads\/2024\/06\/IMG_3153.jpeg","articleSection":["Liga BetPlay"],"inLanguage":"es","potentialAction":[{"@type":"CommentAction","name":"Comment","target":["https:\/\/futbolhoy.co\/index.php\/2024\/06\/14\/peirano-vamos-a-batallar-fuerte\/#respond"]}]},{"@type":"WebPage","@id":"https:\/\/futbolhoy.co\/index.php\/2024\/06\/14\/peirano-vamos-a-batallar-fuerte\/","url":"https:\/\/futbolhoy.co\/index.php\/2024\/06\/14\/peirano-vamos-a-batallar-fuerte\/","name":"Peirano: \u201cVamos a batallar fuerte\u201d -","isPartOf":{"@id":"https:\/\/futbolhoy.co\/#website"},"primaryImageOfPage":{"@id":"https:\/\/futbolhoy.co\/index.php\/2024\/06\/14\/peirano-vamos-a-batallar-fuerte\/#primaryimage"},"image":{"@id":"https:\/\/futbolhoy.co\/index.php\/2024\/06\/14\/peirano-vamos-a-batallar-fuerte\/#primaryimage"},"thumbnailUrl":"https:\/\/futbolhoy.co\/wp-content\/uploads\/2024\/06\/IMG_3153.jpeg","datePublished":"2024-06-15T00:43:55+00:00","dateModified":"2024-06-15T15:54:05+00:00","breadcrumb":{"@id":"https:\/\/futbolhoy.co\/index.php\/2024\/06\/14\/peirano-vamos-a-batallar-fuerte\/#breadcrumb"},"inLanguage":"es","potentialAction":[{"@type":"ReadAction","target":["https:\/\/futbolhoy.co\/index.php\/2024\/06\/14\/peirano-vamos-a-batallar-fuerte\/"]}]},{"@type":"ImageObject","inLanguage":"es","@id":"https:\/\/futbolhoy.co\/index.php\/2024\/06\/14\/peirano-vamos-a-batallar-fuerte\/#primaryimage","url":"https:\/\/futbolhoy.co\/wp-content\/uploads\/2024\/06\/IMG_3153.jpeg","contentUrl":"https:\/\/futbolhoy.co\/wp-content\/uploads\/2024\/06\/IMG_3153.jpeg","width":2048,"height":1366},{"@type":"BreadcrumbList","@id":"https:\/\/futbolhoy.co\/index.php\/2024\/06\/14\/peirano-vamos-a-batallar-fuerte\/#breadcrumb","itemListElement":[{"@type":"ListItem","position":1,"name":"Portada","item":"https:\/\/futbolhoy.co\/"},{"@type":"ListItem","position":2,"name":"Peirano: \u201cVamos a batallar fuerte\u201d"}]},{"@type":"WebSite","@id":"https:\/\/futbolhoy.co\/#website","url":"https:\/\/futbolhoy.co\/","name":"FutbolHoy","description":"","publisher":{"@id":"https:\/\/futbolhoy.co\/#organization"},"potentialAction":[{"@type":"SearchAction","target":{"@type":"EntryPoint","urlTemplate":"https:\/\/futbolhoy.co\/?s={search_term_string}"},"query-input":{"@type":"PropertyValueSpecification","valueRequired":true,"valueName":"search_term_string"}}],"inLanguage":"es"},{"@type":"Organization","@id":"https:\/\/futbolhoy.co\/#organization","name":"Futbolhoy.co","url":"https:\/\/futbolhoy.co\/","logo":{"@type":"ImageObject","inLanguage":"es","@id":"https:\/\/futbolhoy.co\/#\/schema\/logo\/image\/","url":"https:\/\/futbolhoy.co\/wp-content\/uploads\/2018\/08\/17426380_1906371736249227_6326180412931521141_n.jpg","contentUrl":"https:\/\/futbolhoy.co\/wp-content\/uploads\/2018\/08\/17426380_1906371736249227_6326180412931521141_n.jpg","width":960,"height":960,"caption":"Futbolhoy.co"},"image":{"@id":"https:\/\/futbolhoy.co\/#\/schema\/logo\/image\/"},"sameAs":["https:\/\/www.facebook.com\/FutbolHoyCol\/","https:\/\/x.com\/FutbolHoyCol","https:\/\/www.instagram.com\/futbolhoycol\/"]},{"@type":"Person","@id":"https:\/\/futbolhoy.co\/#\/schema\/person\/1721b69355b6623eaff15ac7b92d4cc3","name":"contenido","image":{"@type":"ImageObject","inLanguage":"es","@id":"https:\/\/futbolhoy.co\/#\/schema\/person\/image\/","url":"https:\/\/secure.gravatar.com\/avatar\/4f656d3256f5134f466206e7c3941518?s=96&d=mm&r=g","contentUrl":"https:\/\/secure.gravatar.com\/avatar\/4f656d3256f5134f466206e7c3941518?s=96&d=mm&r=g","caption":"contenido"}}]}},"publishpress_future_action":{"enabled":false,"date":"2026-05-03 20:03:51","action":"change-status","newStatus":"draft","terms":[],"taxonomy":"category","extraData":[]},"publishpress_future_workflow_manual_trigger":{"enabledWorkflows":[]},"_links":{"self":[{"href":"https:\/\/futbolhoy.co\/index.php\/wp-json\/wp\/v2\/posts\/109428","targetHints":{"allow":["GET"]}}],"collection":[{"href":"https:\/\/futbolhoy.co\/index.php\/wp-json\/wp\/v2\/posts"}],"about":[{"href":"https:\/\/futbolhoy.co\/index.php\/wp-json\/wp\/v2\/types\/post"}],"author":[{"embeddable":true,"href":"https:\/\/futbolhoy.co\/index.php\/wp-json\/wp\/v2\/users\/4"}],"replies":[{"embeddable":true,"href":"https:\/\/futbolhoy.co\/index.php\/wp-json\/wp\/v2\/comments?post=109428"}],"version-history":[{"count":2,"href":"https:\/\/futbolhoy.co\/index.php\/wp-json\/wp\/v2\/posts\/109428\/revisions"}],"predecessor-version":[{"id":109459,"href":"https:\/\/futbolhoy.co\/index.php\/wp-json\/wp\/v2\/posts\/109428\/revisions\/109459"}],"wp:featuredmedia":[{"embeddable":true,"href":"https:\/\/futbolhoy.co\/index.php\/wp-json\/wp\/v2\/media\/109429"}],"wp:attachment":[{"href":"https:\/\/futbolhoy.co\/index.php\/wp-json\/wp\/v2\/media?parent=109428"}],"wp:term":[{"taxonomy":"category","embeddable":true,"href":"https:\/\/futbolhoy.co\/index.php\/wp-json\/wp\/v2\/categories?post=109428"},{"taxonomy":"post_tag","embeddable":true,"href":"https:\/\/futbolhoy.co\/index.php\/wp-json\/wp\/v2\/tags?post=109428"}],"curies":[{"name":"wp","href":"https:\/\/api.w.org\/{rel}","templated":true}]}}