{"id":109431,"date":"2024-06-14T18:49:10","date_gmt":"2024-06-14T23:49:10","guid":{"rendered":"https:\/\/futbolhoy.co\/?p=109431"},"modified":"2024-06-20T19:28:13","modified_gmt":"2024-06-21T00:28:13","slug":"dudamel-hemos-sentido-que-el-pais-simpatiza-con-el-bucaramanga","status":"publish","type":"post","link":"https:\/\/futbolhoy.co\/index.php\/2024\/06\/14\/dudamel-hemos-sentido-que-el-pais-simpatiza-con-el-bucaramanga\/","title":{"rendered":"Dudamel: \u201cHemos sentido que el pa\u00eds simpatiza con el Bucaramanga\u201d"},"content":{"rendered":"<p style=\"text-align: justify;\"><span style=\"font-family: helvetica, arial, sans-serif;\"><strong>Rafael Dudamel<\/strong>, entrenador del <strong>Atl\u00e9tico<\/strong> <strong>Bucaramanga<\/strong>, habl\u00f3 en rueda de prensa antes del juego final de la <strong>Liga colombiana ante Independiente Santa Fe.<\/strong> El entrenador venezolano se mostr\u00f3 con entusiasmo y convicci\u00f3n para poder quedarse con el t\u00edtulo, en el cual cuentan con la ventaja m\u00ednima a favor, gracias al gol de <strong>Freddy Hinestroza.<\/strong><\/span><\/p>\n<p><span style=\"font-family: helvetica, arial, sans-serif;\">\u201cVamos a jugar una final, mayor motivaci\u00f3n que eso no hay. Lo que implica eso es tener una ciudad alrededor nuestro, con un apoyo irrestricto, y m\u00e1s que una ciudad hemos sentido que un pa\u00eds esta simpatizando y apoyando al Atl\u00e9tico Bucaramanga\u201d, inici\u00f3 diciendo.<\/span><\/p>\n<p style=\"text-align: justify;\"><span style=\"font-family: helvetica, arial, sans-serif;\"><strong>Jugar con la ventaja<\/strong>: \u201cPor supuesto que es una gran ventaja, lo dif\u00edcil que es hacer un gol. De hecho, hubiese querido quedar con dos o tres m\u00e1s. Equipo que gana no se repite, pero no comulgo con ello porque cada partido es distinto\u201d.<\/span><\/p>\n<p style=\"text-align: justify;\"><span style=\"font-family: helvetica, arial, sans-serif;\"><strong>\u00bfA qu\u00e9 jugar\u00e1 el Bucaramanga?<\/strong>: \u201cEl equipo est\u00e1 preparado ante cualquier planteamiento que ponga el rival. Para nosotros lo m\u00e1s importante es nuestra identidad, siempre ser\u00e1 tratar de controlar a nuestro rival e imponer nuestras formas. No tengo la menor duda que ser\u00e1 un partido de alt\u00edsimo nivel con un \u00e1rbitro de mucha calidad como lo es <strong>Carlos Betancur<\/strong>\u201d.<\/span><\/p>\n","protected":false},"excerpt":{"rendered":"<p>Rafael Dudamel, entrenador del Atl\u00e9tico Bucaramanga, habl\u00f3 en rueda de prensa antes del juego final de la Liga colombiana ante Independiente Santa Fe. El entrenador venezolano se mostr\u00f3 con entusiasmo y convicci\u00f3n para poder quedarse con el t\u00edtulo, en el cual cuentan con la ventaja m\u00ednima a favor, gracias al gol de Freddy Hinestroza. \u201cVamos [&hellip;]<\/p>\n","protected":false},"author":4,"featured_media":109432,"comment_status":"open","ping_status":"open","sticky":false,"template":"","format":"standard","meta":{"_acf_changed":false,"footnotes":""},"categories":[7],"tags":[],"class_list":{"0":"post-109431","1":"post","2":"type-post","3":"status-publish","4":"format-standard","5":"has-post-thumbnail","7":"category-liga-betplay"},"acf":[],"yoast_head":"<!-- This site is optimized with the Yoast SEO plugin v26.8 - https:\/\/yoast.com\/product\/yoast-seo-wordpress\/ -->\n<title>Dudamel: \u201cHemos sentido que el pa\u00eds simpatiza con el Bucaramanga\u201d -<\/title>\n<meta name=\"robots\" content=\"index, follow, max-snippet:-1, max-image-preview:large, max-video-preview:-1\" \/>\n<link rel=\"canonical\" href=\"https:\/\/futbolhoy.co\/index.php\/2024\/06\/14\/dudamel-hemos-sentido-que-el-pais-simpatiza-con-el-bucaramanga\/\" \/>\n<meta property=\"og:locale\" content=\"es_ES\" \/>\n<meta property=\"og:type\" content=\"article\" \/>\n<meta property=\"og:title\" content=\"Dudamel: \u201cHemos sentido que el pa\u00eds simpatiza con el Bucaramanga\u201d -\" \/>\n<meta property=\"og:description\" content=\"Rafael Dudamel, entrenador del Atl\u00e9tico Bucaramanga, habl\u00f3 en rueda de prensa antes del juego final de la Liga colombiana ante Independiente Santa Fe. El entrenador venezolano se mostr\u00f3 con entusiasmo y convicci\u00f3n para poder quedarse con el t\u00edtulo, en el cual cuentan con la ventaja m\u00ednima a favor, gracias al gol de Freddy Hinestroza. \u201cVamos [&hellip;]\" \/>\n<meta property=\"og:url\" content=\"https:\/\/futbolhoy.co\/index.php\/2024\/06\/14\/dudamel-hemos-sentido-que-el-pais-simpatiza-con-el-bucaramanga\/\" \/>\n<meta property=\"article:publisher\" content=\"https:\/\/www.facebook.com\/FutbolHoyCol\/\" \/>\n<meta property=\"article:published_time\" content=\"2024-06-14T23:49:10+00:00\" \/>\n<meta property=\"article:modified_time\" content=\"2024-06-21T00:28:13+00:00\" \/>\n<meta property=\"og:image\" content=\"https:\/\/futbolhoy.co\/wp-content\/uploads\/2024\/06\/IMG_3154.jpeg\" \/>\n\t<meta property=\"og:image:width\" content=\"2048\" \/>\n\t<meta property=\"og:image:height\" content=\"1536\" \/>\n\t<meta property=\"og:image:type\" content=\"image\/jpeg\" \/>\n<meta name=\"author\" content=\"contenido\" \/>\n<meta name=\"twitter:card\" content=\"summary_large_image\" \/>\n<meta name=\"twitter:creator\" content=\"@FutbolHoyCol\" \/>\n<meta name=\"twitter:site\" content=\"@FutbolHoyCol\" \/>\n<meta name=\"twitter:label1\" content=\"Escrito por\" \/>\n\t<meta name=\"twitter:data1\" content=\"contenido\" \/>\n\t<meta name=\"twitter:label2\" content=\"Tiempo de lectura\" \/>\n\t<meta name=\"twitter:data2\" content=\"1 minuto\" \/>\n<script type=\"application\/ld+json\" class=\"yoast-schema-graph\">{\"@context\":\"https:\/\/schema.org\",\"@graph\":[{\"@type\":\"Article\",\"@id\":\"https:\/\/futbolhoy.co\/index.php\/2024\/06\/14\/dudamel-hemos-sentido-que-el-pais-simpatiza-con-el-bucaramanga\/#article\",\"isPartOf\":{\"@id\":\"https:\/\/futbolhoy.co\/index.php\/2024\/06\/14\/dudamel-hemos-sentido-que-el-pais-simpatiza-con-el-bucaramanga\/\"},\"author\":{\"name\":\"contenido\",\"@id\":\"https:\/\/futbolhoy.co\/#\/schema\/person\/1721b69355b6623eaff15ac7b92d4cc3\"},\"headline\":\"Dudamel: \u201cHemos sentido que el pa\u00eds simpatiza con el Bucaramanga\u201d\",\"datePublished\":\"2024-06-14T23:49:10+00:00\",\"dateModified\":\"2024-06-21T00:28:13+00:00\",\"mainEntityOfPage\":{\"@id\":\"https:\/\/futbolhoy.co\/index.php\/2024\/06\/14\/dudamel-hemos-sentido-que-el-pais-simpatiza-con-el-bucaramanga\/\"},\"wordCount\":224,\"commentCount\":0,\"publisher\":{\"@id\":\"https:\/\/futbolhoy.co\/#organization\"},\"image\":{\"@id\":\"https:\/\/futbolhoy.co\/index.php\/2024\/06\/14\/dudamel-hemos-sentido-que-el-pais-simpatiza-con-el-bucaramanga\/#primaryimage\"},\"thumbnailUrl\":\"https:\/\/futbolhoy.co\/wp-content\/uploads\/2024\/06\/IMG_3154.jpeg\",\"articleSection\":[\"Liga BetPlay\"],\"inLanguage\":\"es\",\"potentialAction\":[{\"@type\":\"CommentAction\",\"name\":\"Comment\",\"target\":[\"https:\/\/futbolhoy.co\/index.php\/2024\/06\/14\/dudamel-hemos-sentido-que-el-pais-simpatiza-con-el-bucaramanga\/#respond\"]}]},{\"@type\":\"WebPage\",\"@id\":\"https:\/\/futbolhoy.co\/index.php\/2024\/06\/14\/dudamel-hemos-sentido-que-el-pais-simpatiza-con-el-bucaramanga\/\",\"url\":\"https:\/\/futbolhoy.co\/index.php\/2024\/06\/14\/dudamel-hemos-sentido-que-el-pais-simpatiza-con-el-bucaramanga\/\",\"name\":\"Dudamel: \u201cHemos sentido que el pa\u00eds simpatiza con el Bucaramanga\u201d -\",\"isPartOf\":{\"@id\":\"https:\/\/futbolhoy.co\/#website\"},\"primaryImageOfPage\":{\"@id\":\"https:\/\/futbolhoy.co\/index.php\/2024\/06\/14\/dudamel-hemos-sentido-que-el-pais-simpatiza-con-el-bucaramanga\/#primaryimage\"},\"image\":{\"@id\":\"https:\/\/futbolhoy.co\/index.php\/2024\/06\/14\/dudamel-hemos-sentido-que-el-pais-simpatiza-con-el-bucaramanga\/#primaryimage\"},\"thumbnailUrl\":\"https:\/\/futbolhoy.co\/wp-content\/uploads\/2024\/06\/IMG_3154.jpeg\",\"datePublished\":\"2024-06-14T23:49:10+00:00\",\"dateModified\":\"2024-06-21T00:28:13+00:00\",\"breadcrumb\":{\"@id\":\"https:\/\/futbolhoy.co\/index.php\/2024\/06\/14\/dudamel-hemos-sentido-que-el-pais-simpatiza-con-el-bucaramanga\/#breadcrumb\"},\"inLanguage\":\"es\",\"potentialAction\":[{\"@type\":\"ReadAction\",\"target\":[\"https:\/\/futbolhoy.co\/index.php\/2024\/06\/14\/dudamel-hemos-sentido-que-el-pais-simpatiza-con-el-bucaramanga\/\"]}]},{\"@type\":\"ImageObject\",\"inLanguage\":\"es\",\"@id\":\"https:\/\/futbolhoy.co\/index.php\/2024\/06\/14\/dudamel-hemos-sentido-que-el-pais-simpatiza-con-el-bucaramanga\/#primaryimage\",\"url\":\"https:\/\/futbolhoy.co\/wp-content\/uploads\/2024\/06\/IMG_3154.jpeg\",\"contentUrl\":\"https:\/\/futbolhoy.co\/wp-content\/uploads\/2024\/06\/IMG_3154.jpeg\",\"width\":2048,\"height\":1536},{\"@type\":\"BreadcrumbList\",\"@id\":\"https:\/\/futbolhoy.co\/index.php\/2024\/06\/14\/dudamel-hemos-sentido-que-el-pais-simpatiza-con-el-bucaramanga\/#breadcrumb\",\"itemListElement\":[{\"@type\":\"ListItem\",\"position\":1,\"name\":\"Portada\",\"item\":\"https:\/\/futbolhoy.co\/\"},{\"@type\":\"ListItem\",\"position\":2,\"name\":\"Dudamel: \u201cHemos sentido que el pa\u00eds simpatiza con el Bucaramanga\u201d\"}]},{\"@type\":\"WebSite\",\"@id\":\"https:\/\/futbolhoy.co\/#website\",\"url\":\"https:\/\/futbolhoy.co\/\",\"name\":\"FutbolHoy\",\"description\":\"\",\"publisher\":{\"@id\":\"https:\/\/futbolhoy.co\/#organization\"},\"potentialAction\":[{\"@type\":\"SearchAction\",\"target\":{\"@type\":\"EntryPoint\",\"urlTemplate\":\"https:\/\/futbolhoy.co\/?s={search_term_string}\"},\"query-input\":{\"@type\":\"PropertyValueSpecification\",\"valueRequired\":true,\"valueName\":\"search_term_string\"}}],\"inLanguage\":\"es\"},{\"@type\":\"Organization\",\"@id\":\"https:\/\/futbolhoy.co\/#organization\",\"name\":\"Futbolhoy.co\",\"url\":\"https:\/\/futbolhoy.co\/\",\"logo\":{\"@type\":\"ImageObject\",\"inLanguage\":\"es\",\"@id\":\"https:\/\/futbolhoy.co\/#\/schema\/logo\/image\/\",\"url\":\"https:\/\/futbolhoy.co\/wp-content\/uploads\/2018\/08\/17426380_1906371736249227_6326180412931521141_n.jpg\",\"contentUrl\":\"https:\/\/futbolhoy.co\/wp-content\/uploads\/2018\/08\/17426380_1906371736249227_6326180412931521141_n.jpg\",\"width\":960,\"height\":960,\"caption\":\"Futbolhoy.co\"},\"image\":{\"@id\":\"https:\/\/futbolhoy.co\/#\/schema\/logo\/image\/\"},\"sameAs\":[\"https:\/\/www.facebook.com\/FutbolHoyCol\/\",\"https:\/\/x.com\/FutbolHoyCol\",\"https:\/\/www.instagram.com\/futbolhoycol\/\"]},{\"@type\":\"Person\",\"@id\":\"https:\/\/futbolhoy.co\/#\/schema\/person\/1721b69355b6623eaff15ac7b92d4cc3\",\"name\":\"contenido\",\"image\":{\"@type\":\"ImageObject\",\"inLanguage\":\"es\",\"@id\":\"https:\/\/futbolhoy.co\/#\/schema\/person\/image\/\",\"url\":\"https:\/\/secure.gravatar.com\/avatar\/4f656d3256f5134f466206e7c3941518?s=96&d=mm&r=g\",\"contentUrl\":\"https:\/\/secure.gravatar.com\/avatar\/4f656d3256f5134f466206e7c3941518?s=96&d=mm&r=g\",\"caption\":\"contenido\"}}]}<\/script>\n<!-- \/ Yoast SEO plugin. -->","yoast_head_json":{"title":"Dudamel: \u201cHemos sentido que el pa\u00eds simpatiza con el Bucaramanga\u201d -","robots":{"index":"index","follow":"follow","max-snippet":"max-snippet:-1","max-image-preview":"max-image-preview:large","max-video-preview":"max-video-preview:-1"},"canonical":"https:\/\/futbolhoy.co\/index.php\/2024\/06\/14\/dudamel-hemos-sentido-que-el-pais-simpatiza-con-el-bucaramanga\/","og_locale":"es_ES","og_type":"article","og_title":"Dudamel: \u201cHemos sentido que el pa\u00eds simpatiza con el Bucaramanga\u201d -","og_description":"Rafael Dudamel, entrenador del Atl\u00e9tico Bucaramanga, habl\u00f3 en rueda de prensa antes del juego final de la Liga colombiana ante Independiente Santa Fe. El entrenador venezolano se mostr\u00f3 con entusiasmo y convicci\u00f3n para poder quedarse con el t\u00edtulo, en el cual cuentan con la ventaja m\u00ednima a favor, gracias al gol de Freddy Hinestroza. \u201cVamos [&hellip;]","og_url":"https:\/\/futbolhoy.co\/index.php\/2024\/06\/14\/dudamel-hemos-sentido-que-el-pais-simpatiza-con-el-bucaramanga\/","article_publisher":"https:\/\/www.facebook.com\/FutbolHoyCol\/","article_published_time":"2024-06-14T23:49:10+00:00","article_modified_time":"2024-06-21T00:28:13+00:00","og_image":[{"width":2048,"height":1536,"url":"https:\/\/futbolhoy.co\/wp-content\/uploads\/2024\/06\/IMG_3154.jpeg","type":"image\/jpeg"}],"author":"contenido","twitter_card":"summary_large_image","twitter_creator":"@FutbolHoyCol","twitter_site":"@FutbolHoyCol","twitter_misc":{"Escrito por":"contenido","Tiempo de lectura":"1 minuto"},"schema":{"@context":"https:\/\/schema.org","@graph":[{"@type":"Article","@id":"https:\/\/futbolhoy.co\/index.php\/2024\/06\/14\/dudamel-hemos-sentido-que-el-pais-simpatiza-con-el-bucaramanga\/#article","isPartOf":{"@id":"https:\/\/futbolhoy.co\/index.php\/2024\/06\/14\/dudamel-hemos-sentido-que-el-pais-simpatiza-con-el-bucaramanga\/"},"author":{"name":"contenido","@id":"https:\/\/futbolhoy.co\/#\/schema\/person\/1721b69355b6623eaff15ac7b92d4cc3"},"headline":"Dudamel: \u201cHemos sentido que el pa\u00eds simpatiza con el Bucaramanga\u201d","datePublished":"2024-06-14T23:49:10+00:00","dateModified":"2024-06-21T00:28:13+00:00","mainEntityOfPage":{"@id":"https:\/\/futbolhoy.co\/index.php\/2024\/06\/14\/dudamel-hemos-sentido-que-el-pais-simpatiza-con-el-bucaramanga\/"},"wordCount":224,"commentCount":0,"publisher":{"@id":"https:\/\/futbolhoy.co\/#organization"},"image":{"@id":"https:\/\/futbolhoy.co\/index.php\/2024\/06\/14\/dudamel-hemos-sentido-que-el-pais-simpatiza-con-el-bucaramanga\/#primaryimage"},"thumbnailUrl":"https:\/\/futbolhoy.co\/wp-content\/uploads\/2024\/06\/IMG_3154.jpeg","articleSection":["Liga BetPlay"],"inLanguage":"es","potentialAction":[{"@type":"CommentAction","name":"Comment","target":["https:\/\/futbolhoy.co\/index.php\/2024\/06\/14\/dudamel-hemos-sentido-que-el-pais-simpatiza-con-el-bucaramanga\/#respond"]}]},{"@type":"WebPage","@id":"https:\/\/futbolhoy.co\/index.php\/2024\/06\/14\/dudamel-hemos-sentido-que-el-pais-simpatiza-con-el-bucaramanga\/","url":"https:\/\/futbolhoy.co\/index.php\/2024\/06\/14\/dudamel-hemos-sentido-que-el-pais-simpatiza-con-el-bucaramanga\/","name":"Dudamel: \u201cHemos sentido que el pa\u00eds simpatiza con el Bucaramanga\u201d -","isPartOf":{"@id":"https:\/\/futbolhoy.co\/#website"},"primaryImageOfPage":{"@id":"https:\/\/futbolhoy.co\/index.php\/2024\/06\/14\/dudamel-hemos-sentido-que-el-pais-simpatiza-con-el-bucaramanga\/#primaryimage"},"image":{"@id":"https:\/\/futbolhoy.co\/index.php\/2024\/06\/14\/dudamel-hemos-sentido-que-el-pais-simpatiza-con-el-bucaramanga\/#primaryimage"},"thumbnailUrl":"https:\/\/futbolhoy.co\/wp-content\/uploads\/2024\/06\/IMG_3154.jpeg","datePublished":"2024-06-14T23:49:10+00:00","dateModified":"2024-06-21T00:28:13+00:00","breadcrumb":{"@id":"https:\/\/futbolhoy.co\/index.php\/2024\/06\/14\/dudamel-hemos-sentido-que-el-pais-simpatiza-con-el-bucaramanga\/#breadcrumb"},"inLanguage":"es","potentialAction":[{"@type":"ReadAction","target":["https:\/\/futbolhoy.co\/index.php\/2024\/06\/14\/dudamel-hemos-sentido-que-el-pais-simpatiza-con-el-bucaramanga\/"]}]},{"@type":"ImageObject","inLanguage":"es","@id":"https:\/\/futbolhoy.co\/index.php\/2024\/06\/14\/dudamel-hemos-sentido-que-el-pais-simpatiza-con-el-bucaramanga\/#primaryimage","url":"https:\/\/futbolhoy.co\/wp-content\/uploads\/2024\/06\/IMG_3154.jpeg","contentUrl":"https:\/\/futbolhoy.co\/wp-content\/uploads\/2024\/06\/IMG_3154.jpeg","width":2048,"height":1536},{"@type":"BreadcrumbList","@id":"https:\/\/futbolhoy.co\/index.php\/2024\/06\/14\/dudamel-hemos-sentido-que-el-pais-simpatiza-con-el-bucaramanga\/#breadcrumb","itemListElement":[{"@type":"ListItem","position":1,"name":"Portada","item":"https:\/\/futbolhoy.co\/"},{"@type":"ListItem","position":2,"name":"Dudamel: \u201cHemos sentido que el pa\u00eds simpatiza con el Bucaramanga\u201d"}]},{"@type":"WebSite","@id":"https:\/\/futbolhoy.co\/#website","url":"https:\/\/futbolhoy.co\/","name":"FutbolHoy","description":"","publisher":{"@id":"https:\/\/futbolhoy.co\/#organization"},"potentialAction":[{"@type":"SearchAction","target":{"@type":"EntryPoint","urlTemplate":"https:\/\/futbolhoy.co\/?s={search_term_string}"},"query-input":{"@type":"PropertyValueSpecification","valueRequired":true,"valueName":"search_term_string"}}],"inLanguage":"es"},{"@type":"Organization","@id":"https:\/\/futbolhoy.co\/#organization","name":"Futbolhoy.co","url":"https:\/\/futbolhoy.co\/","logo":{"@type":"ImageObject","inLanguage":"es","@id":"https:\/\/futbolhoy.co\/#\/schema\/logo\/image\/","url":"https:\/\/futbolhoy.co\/wp-content\/uploads\/2018\/08\/17426380_1906371736249227_6326180412931521141_n.jpg","contentUrl":"https:\/\/futbolhoy.co\/wp-content\/uploads\/2018\/08\/17426380_1906371736249227_6326180412931521141_n.jpg","width":960,"height":960,"caption":"Futbolhoy.co"},"image":{"@id":"https:\/\/futbolhoy.co\/#\/schema\/logo\/image\/"},"sameAs":["https:\/\/www.facebook.com\/FutbolHoyCol\/","https:\/\/x.com\/FutbolHoyCol","https:\/\/www.instagram.com\/futbolhoycol\/"]},{"@type":"Person","@id":"https:\/\/futbolhoy.co\/#\/schema\/person\/1721b69355b6623eaff15ac7b92d4cc3","name":"contenido","image":{"@type":"ImageObject","inLanguage":"es","@id":"https:\/\/futbolhoy.co\/#\/schema\/person\/image\/","url":"https:\/\/secure.gravatar.com\/avatar\/4f656d3256f5134f466206e7c3941518?s=96&d=mm&r=g","contentUrl":"https:\/\/secure.gravatar.com\/avatar\/4f656d3256f5134f466206e7c3941518?s=96&d=mm&r=g","caption":"contenido"}}]}},"publishpress_future_action":{"enabled":false,"date":"2026-05-03 20:25:46","action":"change-status","newStatus":"draft","terms":[],"taxonomy":"category","extraData":[]},"publishpress_future_workflow_manual_trigger":{"enabledWorkflows":[]},"_links":{"self":[{"href":"https:\/\/futbolhoy.co\/index.php\/wp-json\/wp\/v2\/posts\/109431","targetHints":{"allow":["GET"]}}],"collection":[{"href":"https:\/\/futbolhoy.co\/index.php\/wp-json\/wp\/v2\/posts"}],"about":[{"href":"https:\/\/futbolhoy.co\/index.php\/wp-json\/wp\/v2\/types\/post"}],"author":[{"embeddable":true,"href":"https:\/\/futbolhoy.co\/index.php\/wp-json\/wp\/v2\/users\/4"}],"replies":[{"embeddable":true,"href":"https:\/\/futbolhoy.co\/index.php\/wp-json\/wp\/v2\/comments?post=109431"}],"version-history":[{"count":2,"href":"https:\/\/futbolhoy.co\/index.php\/wp-json\/wp\/v2\/posts\/109431\/revisions"}],"predecessor-version":[{"id":109664,"href":"https:\/\/futbolhoy.co\/index.php\/wp-json\/wp\/v2\/posts\/109431\/revisions\/109664"}],"wp:featuredmedia":[{"embeddable":true,"href":"https:\/\/futbolhoy.co\/index.php\/wp-json\/wp\/v2\/media\/109432"}],"wp:attachment":[{"href":"https:\/\/futbolhoy.co\/index.php\/wp-json\/wp\/v2\/media?parent=109431"}],"wp:term":[{"taxonomy":"category","embeddable":true,"href":"https:\/\/futbolhoy.co\/index.php\/wp-json\/wp\/v2\/categories?post=109431"},{"taxonomy":"post_tag","embeddable":true,"href":"https:\/\/futbolhoy.co\/index.php\/wp-json\/wp\/v2\/tags?post=109431"}],"curies":[{"name":"wp","href":"https:\/\/api.w.org\/{rel}","templated":true}]}}