{"id":109435,"date":"2024-06-14T22:04:32","date_gmt":"2024-06-15T03:04:32","guid":{"rendered":"https:\/\/futbolhoy.co\/?p=109435"},"modified":"2024-06-15T08:36:07","modified_gmt":"2024-06-15T13:36:07","slug":"william-tesillo-nuevo-jugador-de-nacional","status":"publish","type":"post","link":"https:\/\/futbolhoy.co\/index.php\/2024\/06\/14\/william-tesillo-nuevo-jugador-de-nacional\/","title":{"rendered":"William Tesillo, nuevo jugador de Nacional"},"content":{"rendered":"<p style=\"text-align: justify;\"><span style=\"font-family: helvetica, arial, sans-serif;\"><strong>Atl\u00e9tico Nacional<\/strong> hizo oficial la contrataci\u00f3n de su tercer fichaje para encarar el segundo semestre del a\u00f1o, tras <strong>Edwin Cardona y Juan Manuel Zapata<\/strong>. Se trata de <strong>William Tesillo,<\/strong> quien llega libre luego de haber estado seis a\u00f1os en <strong>Le\u00f3n<\/strong> de <strong>M\u00e9xico<\/strong>.<\/span><\/p>\n<p style=\"text-align: justify;\"><span style=\"font-family: helvetica, arial, sans-serif;\">El defensa de 34 a\u00f1os dej\u00f3 Le\u00f3n de M\u00e9xico luego de terminar contrato con la instituci\u00f3n, para la que defendi\u00f3 los colores desde 2018. Puso fin as\u00ed a 6 a\u00f1os en este club, en el cual disput\u00f3 197 partidos (190 como titular), aport\u00f3 8 goles y dio 6 asistencias. <\/span><\/p>\n<p style=\"text-align: justify;\"><span style=\"font-family: helvetica, arial, sans-serif;\">En el conjunto mexicano, gan\u00f3 tres t\u00edtulos: la <strong>Copa de la Liga<\/strong> 2021, el <strong>Torneo Apertura 2021<\/strong> y la <strong>Concacaf Champions League 2022-2023.<\/strong><\/span><\/p>\n<p style=\"text-align: justify;\"><span style=\"font-family: helvetica, arial, sans-serif;\">Esta ser\u00e1 la cuarta experiencia de Tesillo en el f\u00fatbol colombiano, tras <strong>Centauros de Villavicencio (2009), Deportes Quind\u00edo (2010-2013), Junior (2014-2015) y Santa Fe (2016-2018).<\/strong><\/span><\/p>\n<p style=\"text-align: justify;\"><span style=\"font-family: helvetica, arial, sans-serif;\">El experimentado jugador, con paso en la <strong>Selecci\u00f3n Colombia<\/strong>, ya sabe lo que es ser campe\u00f3n con <strong>Junior (Copa Colombia 2015) y Santa Fe (Torneo Clausura 2016, Superliga 2017 y Suruga Bank 2016).<\/strong> Ahora buscar\u00e1 volver a levantar un t\u00edtulo con el cuadro Verdolaga.<\/span><\/p>\n","protected":false},"excerpt":{"rendered":"<p>Atl\u00e9tico Nacional hizo oficial la contrataci\u00f3n de su tercer fichaje para encarar el segundo semestre del a\u00f1o, tras Edwin Cardona y Juan Manuel Zapata. Se trata de William Tesillo, quien llega libre luego de haber estado seis a\u00f1os en Le\u00f3n de M\u00e9xico. El defensa de 34 a\u00f1os dej\u00f3 Le\u00f3n de M\u00e9xico luego de terminar contrato [&hellip;]<\/p>\n","protected":false},"author":4,"featured_media":109436,"comment_status":"open","ping_status":"open","sticky":false,"template":"","format":"standard","meta":{"_acf_changed":false,"footnotes":""},"categories":[7],"tags":[],"class_list":{"0":"post-109435","1":"post","2":"type-post","3":"status-publish","4":"format-standard","5":"has-post-thumbnail","7":"category-liga-betplay"},"acf":[],"yoast_head":"<!-- This site is optimized with the Yoast SEO plugin v26.8 - https:\/\/yoast.com\/product\/yoast-seo-wordpress\/ -->\n<title>William Tesillo, nuevo jugador de Nacional -<\/title>\n<meta name=\"robots\" content=\"index, follow, max-snippet:-1, max-image-preview:large, max-video-preview:-1\" \/>\n<link rel=\"canonical\" href=\"https:\/\/futbolhoy.co\/index.php\/2024\/06\/14\/william-tesillo-nuevo-jugador-de-nacional\/\" \/>\n<meta property=\"og:locale\" content=\"es_ES\" \/>\n<meta property=\"og:type\" content=\"article\" \/>\n<meta property=\"og:title\" content=\"William Tesillo, nuevo jugador de Nacional -\" \/>\n<meta property=\"og:description\" content=\"Atl\u00e9tico Nacional hizo oficial la contrataci\u00f3n de su tercer fichaje para encarar el segundo semestre del a\u00f1o, tras Edwin Cardona y Juan Manuel Zapata. Se trata de William Tesillo, quien llega libre luego de haber estado seis a\u00f1os en Le\u00f3n de M\u00e9xico. El defensa de 34 a\u00f1os dej\u00f3 Le\u00f3n de M\u00e9xico luego de terminar contrato [&hellip;]\" \/>\n<meta property=\"og:url\" content=\"https:\/\/futbolhoy.co\/index.php\/2024\/06\/14\/william-tesillo-nuevo-jugador-de-nacional\/\" \/>\n<meta property=\"article:publisher\" content=\"https:\/\/www.facebook.com\/FutbolHoyCol\/\" \/>\n<meta property=\"article:published_time\" content=\"2024-06-15T03:04:32+00:00\" \/>\n<meta property=\"article:modified_time\" content=\"2024-06-15T13:36:07+00:00\" \/>\n<meta property=\"og:image\" content=\"https:\/\/futbolhoy.co\/wp-content\/uploads\/2024\/06\/IMG_3157.jpeg\" \/>\n\t<meta property=\"og:image:width\" content=\"1179\" \/>\n\t<meta property=\"og:image:height\" content=\"646\" \/>\n\t<meta property=\"og:image:type\" content=\"image\/jpeg\" \/>\n<meta name=\"author\" content=\"contenido\" \/>\n<meta name=\"twitter:card\" content=\"summary_large_image\" \/>\n<meta name=\"twitter:creator\" content=\"@FutbolHoyCol\" \/>\n<meta name=\"twitter:site\" content=\"@FutbolHoyCol\" \/>\n<meta name=\"twitter:label1\" content=\"Escrito por\" \/>\n\t<meta name=\"twitter:data1\" content=\"contenido\" \/>\n\t<meta name=\"twitter:label2\" content=\"Tiempo de lectura\" \/>\n\t<meta name=\"twitter:data2\" content=\"1 minuto\" \/>\n<script type=\"application\/ld+json\" class=\"yoast-schema-graph\">{\"@context\":\"https:\/\/schema.org\",\"@graph\":[{\"@type\":\"Article\",\"@id\":\"https:\/\/futbolhoy.co\/index.php\/2024\/06\/14\/william-tesillo-nuevo-jugador-de-nacional\/#article\",\"isPartOf\":{\"@id\":\"https:\/\/futbolhoy.co\/index.php\/2024\/06\/14\/william-tesillo-nuevo-jugador-de-nacional\/\"},\"author\":{\"name\":\"contenido\",\"@id\":\"https:\/\/futbolhoy.co\/#\/schema\/person\/1721b69355b6623eaff15ac7b92d4cc3\"},\"headline\":\"William Tesillo, nuevo jugador de Nacional\",\"datePublished\":\"2024-06-15T03:04:32+00:00\",\"dateModified\":\"2024-06-15T13:36:07+00:00\",\"mainEntityOfPage\":{\"@id\":\"https:\/\/futbolhoy.co\/index.php\/2024\/06\/14\/william-tesillo-nuevo-jugador-de-nacional\/\"},\"wordCount\":192,\"commentCount\":0,\"publisher\":{\"@id\":\"https:\/\/futbolhoy.co\/#organization\"},\"image\":{\"@id\":\"https:\/\/futbolhoy.co\/index.php\/2024\/06\/14\/william-tesillo-nuevo-jugador-de-nacional\/#primaryimage\"},\"thumbnailUrl\":\"https:\/\/futbolhoy.co\/wp-content\/uploads\/2024\/06\/IMG_3157.jpeg\",\"articleSection\":[\"Liga BetPlay\"],\"inLanguage\":\"es\",\"potentialAction\":[{\"@type\":\"CommentAction\",\"name\":\"Comment\",\"target\":[\"https:\/\/futbolhoy.co\/index.php\/2024\/06\/14\/william-tesillo-nuevo-jugador-de-nacional\/#respond\"]}]},{\"@type\":\"WebPage\",\"@id\":\"https:\/\/futbolhoy.co\/index.php\/2024\/06\/14\/william-tesillo-nuevo-jugador-de-nacional\/\",\"url\":\"https:\/\/futbolhoy.co\/index.php\/2024\/06\/14\/william-tesillo-nuevo-jugador-de-nacional\/\",\"name\":\"William Tesillo, nuevo jugador de Nacional -\",\"isPartOf\":{\"@id\":\"https:\/\/futbolhoy.co\/#website\"},\"primaryImageOfPage\":{\"@id\":\"https:\/\/futbolhoy.co\/index.php\/2024\/06\/14\/william-tesillo-nuevo-jugador-de-nacional\/#primaryimage\"},\"image\":{\"@id\":\"https:\/\/futbolhoy.co\/index.php\/2024\/06\/14\/william-tesillo-nuevo-jugador-de-nacional\/#primaryimage\"},\"thumbnailUrl\":\"https:\/\/futbolhoy.co\/wp-content\/uploads\/2024\/06\/IMG_3157.jpeg\",\"datePublished\":\"2024-06-15T03:04:32+00:00\",\"dateModified\":\"2024-06-15T13:36:07+00:00\",\"breadcrumb\":{\"@id\":\"https:\/\/futbolhoy.co\/index.php\/2024\/06\/14\/william-tesillo-nuevo-jugador-de-nacional\/#breadcrumb\"},\"inLanguage\":\"es\",\"potentialAction\":[{\"@type\":\"ReadAction\",\"target\":[\"https:\/\/futbolhoy.co\/index.php\/2024\/06\/14\/william-tesillo-nuevo-jugador-de-nacional\/\"]}]},{\"@type\":\"ImageObject\",\"inLanguage\":\"es\",\"@id\":\"https:\/\/futbolhoy.co\/index.php\/2024\/06\/14\/william-tesillo-nuevo-jugador-de-nacional\/#primaryimage\",\"url\":\"https:\/\/futbolhoy.co\/wp-content\/uploads\/2024\/06\/IMG_3157.jpeg\",\"contentUrl\":\"https:\/\/futbolhoy.co\/wp-content\/uploads\/2024\/06\/IMG_3157.jpeg\",\"width\":1179,\"height\":646},{\"@type\":\"BreadcrumbList\",\"@id\":\"https:\/\/futbolhoy.co\/index.php\/2024\/06\/14\/william-tesillo-nuevo-jugador-de-nacional\/#breadcrumb\",\"itemListElement\":[{\"@type\":\"ListItem\",\"position\":1,\"name\":\"Portada\",\"item\":\"https:\/\/futbolhoy.co\/\"},{\"@type\":\"ListItem\",\"position\":2,\"name\":\"William Tesillo, nuevo jugador de Nacional\"}]},{\"@type\":\"WebSite\",\"@id\":\"https:\/\/futbolhoy.co\/#website\",\"url\":\"https:\/\/futbolhoy.co\/\",\"name\":\"FutbolHoy\",\"description\":\"\",\"publisher\":{\"@id\":\"https:\/\/futbolhoy.co\/#organization\"},\"potentialAction\":[{\"@type\":\"SearchAction\",\"target\":{\"@type\":\"EntryPoint\",\"urlTemplate\":\"https:\/\/futbolhoy.co\/?s={search_term_string}\"},\"query-input\":{\"@type\":\"PropertyValueSpecification\",\"valueRequired\":true,\"valueName\":\"search_term_string\"}}],\"inLanguage\":\"es\"},{\"@type\":\"Organization\",\"@id\":\"https:\/\/futbolhoy.co\/#organization\",\"name\":\"Futbolhoy.co\",\"url\":\"https:\/\/futbolhoy.co\/\",\"logo\":{\"@type\":\"ImageObject\",\"inLanguage\":\"es\",\"@id\":\"https:\/\/futbolhoy.co\/#\/schema\/logo\/image\/\",\"url\":\"https:\/\/futbolhoy.co\/wp-content\/uploads\/2018\/08\/17426380_1906371736249227_6326180412931521141_n.jpg\",\"contentUrl\":\"https:\/\/futbolhoy.co\/wp-content\/uploads\/2018\/08\/17426380_1906371736249227_6326180412931521141_n.jpg\",\"width\":960,\"height\":960,\"caption\":\"Futbolhoy.co\"},\"image\":{\"@id\":\"https:\/\/futbolhoy.co\/#\/schema\/logo\/image\/\"},\"sameAs\":[\"https:\/\/www.facebook.com\/FutbolHoyCol\/\",\"https:\/\/x.com\/FutbolHoyCol\",\"https:\/\/www.instagram.com\/futbolhoycol\/\"]},{\"@type\":\"Person\",\"@id\":\"https:\/\/futbolhoy.co\/#\/schema\/person\/1721b69355b6623eaff15ac7b92d4cc3\",\"name\":\"contenido\",\"image\":{\"@type\":\"ImageObject\",\"inLanguage\":\"es\",\"@id\":\"https:\/\/futbolhoy.co\/#\/schema\/person\/image\/\",\"url\":\"https:\/\/secure.gravatar.com\/avatar\/4f656d3256f5134f466206e7c3941518?s=96&d=mm&r=g\",\"contentUrl\":\"https:\/\/secure.gravatar.com\/avatar\/4f656d3256f5134f466206e7c3941518?s=96&d=mm&r=g\",\"caption\":\"contenido\"}}]}<\/script>\n<!-- \/ Yoast SEO plugin. -->","yoast_head_json":{"title":"William Tesillo, nuevo jugador de Nacional -","robots":{"index":"index","follow":"follow","max-snippet":"max-snippet:-1","max-image-preview":"max-image-preview:large","max-video-preview":"max-video-preview:-1"},"canonical":"https:\/\/futbolhoy.co\/index.php\/2024\/06\/14\/william-tesillo-nuevo-jugador-de-nacional\/","og_locale":"es_ES","og_type":"article","og_title":"William Tesillo, nuevo jugador de Nacional -","og_description":"Atl\u00e9tico Nacional hizo oficial la contrataci\u00f3n de su tercer fichaje para encarar el segundo semestre del a\u00f1o, tras Edwin Cardona y Juan Manuel Zapata. Se trata de William Tesillo, quien llega libre luego de haber estado seis a\u00f1os en Le\u00f3n de M\u00e9xico. El defensa de 34 a\u00f1os dej\u00f3 Le\u00f3n de M\u00e9xico luego de terminar contrato [&hellip;]","og_url":"https:\/\/futbolhoy.co\/index.php\/2024\/06\/14\/william-tesillo-nuevo-jugador-de-nacional\/","article_publisher":"https:\/\/www.facebook.com\/FutbolHoyCol\/","article_published_time":"2024-06-15T03:04:32+00:00","article_modified_time":"2024-06-15T13:36:07+00:00","og_image":[{"width":1179,"height":646,"url":"https:\/\/futbolhoy.co\/wp-content\/uploads\/2024\/06\/IMG_3157.jpeg","type":"image\/jpeg"}],"author":"contenido","twitter_card":"summary_large_image","twitter_creator":"@FutbolHoyCol","twitter_site":"@FutbolHoyCol","twitter_misc":{"Escrito por":"contenido","Tiempo de lectura":"1 minuto"},"schema":{"@context":"https:\/\/schema.org","@graph":[{"@type":"Article","@id":"https:\/\/futbolhoy.co\/index.php\/2024\/06\/14\/william-tesillo-nuevo-jugador-de-nacional\/#article","isPartOf":{"@id":"https:\/\/futbolhoy.co\/index.php\/2024\/06\/14\/william-tesillo-nuevo-jugador-de-nacional\/"},"author":{"name":"contenido","@id":"https:\/\/futbolhoy.co\/#\/schema\/person\/1721b69355b6623eaff15ac7b92d4cc3"},"headline":"William Tesillo, nuevo jugador de Nacional","datePublished":"2024-06-15T03:04:32+00:00","dateModified":"2024-06-15T13:36:07+00:00","mainEntityOfPage":{"@id":"https:\/\/futbolhoy.co\/index.php\/2024\/06\/14\/william-tesillo-nuevo-jugador-de-nacional\/"},"wordCount":192,"commentCount":0,"publisher":{"@id":"https:\/\/futbolhoy.co\/#organization"},"image":{"@id":"https:\/\/futbolhoy.co\/index.php\/2024\/06\/14\/william-tesillo-nuevo-jugador-de-nacional\/#primaryimage"},"thumbnailUrl":"https:\/\/futbolhoy.co\/wp-content\/uploads\/2024\/06\/IMG_3157.jpeg","articleSection":["Liga BetPlay"],"inLanguage":"es","potentialAction":[{"@type":"CommentAction","name":"Comment","target":["https:\/\/futbolhoy.co\/index.php\/2024\/06\/14\/william-tesillo-nuevo-jugador-de-nacional\/#respond"]}]},{"@type":"WebPage","@id":"https:\/\/futbolhoy.co\/index.php\/2024\/06\/14\/william-tesillo-nuevo-jugador-de-nacional\/","url":"https:\/\/futbolhoy.co\/index.php\/2024\/06\/14\/william-tesillo-nuevo-jugador-de-nacional\/","name":"William Tesillo, nuevo jugador de Nacional -","isPartOf":{"@id":"https:\/\/futbolhoy.co\/#website"},"primaryImageOfPage":{"@id":"https:\/\/futbolhoy.co\/index.php\/2024\/06\/14\/william-tesillo-nuevo-jugador-de-nacional\/#primaryimage"},"image":{"@id":"https:\/\/futbolhoy.co\/index.php\/2024\/06\/14\/william-tesillo-nuevo-jugador-de-nacional\/#primaryimage"},"thumbnailUrl":"https:\/\/futbolhoy.co\/wp-content\/uploads\/2024\/06\/IMG_3157.jpeg","datePublished":"2024-06-15T03:04:32+00:00","dateModified":"2024-06-15T13:36:07+00:00","breadcrumb":{"@id":"https:\/\/futbolhoy.co\/index.php\/2024\/06\/14\/william-tesillo-nuevo-jugador-de-nacional\/#breadcrumb"},"inLanguage":"es","potentialAction":[{"@type":"ReadAction","target":["https:\/\/futbolhoy.co\/index.php\/2024\/06\/14\/william-tesillo-nuevo-jugador-de-nacional\/"]}]},{"@type":"ImageObject","inLanguage":"es","@id":"https:\/\/futbolhoy.co\/index.php\/2024\/06\/14\/william-tesillo-nuevo-jugador-de-nacional\/#primaryimage","url":"https:\/\/futbolhoy.co\/wp-content\/uploads\/2024\/06\/IMG_3157.jpeg","contentUrl":"https:\/\/futbolhoy.co\/wp-content\/uploads\/2024\/06\/IMG_3157.jpeg","width":1179,"height":646},{"@type":"BreadcrumbList","@id":"https:\/\/futbolhoy.co\/index.php\/2024\/06\/14\/william-tesillo-nuevo-jugador-de-nacional\/#breadcrumb","itemListElement":[{"@type":"ListItem","position":1,"name":"Portada","item":"https:\/\/futbolhoy.co\/"},{"@type":"ListItem","position":2,"name":"William Tesillo, nuevo jugador de Nacional"}]},{"@type":"WebSite","@id":"https:\/\/futbolhoy.co\/#website","url":"https:\/\/futbolhoy.co\/","name":"FutbolHoy","description":"","publisher":{"@id":"https:\/\/futbolhoy.co\/#organization"},"potentialAction":[{"@type":"SearchAction","target":{"@type":"EntryPoint","urlTemplate":"https:\/\/futbolhoy.co\/?s={search_term_string}"},"query-input":{"@type":"PropertyValueSpecification","valueRequired":true,"valueName":"search_term_string"}}],"inLanguage":"es"},{"@type":"Organization","@id":"https:\/\/futbolhoy.co\/#organization","name":"Futbolhoy.co","url":"https:\/\/futbolhoy.co\/","logo":{"@type":"ImageObject","inLanguage":"es","@id":"https:\/\/futbolhoy.co\/#\/schema\/logo\/image\/","url":"https:\/\/futbolhoy.co\/wp-content\/uploads\/2018\/08\/17426380_1906371736249227_6326180412931521141_n.jpg","contentUrl":"https:\/\/futbolhoy.co\/wp-content\/uploads\/2018\/08\/17426380_1906371736249227_6326180412931521141_n.jpg","width":960,"height":960,"caption":"Futbolhoy.co"},"image":{"@id":"https:\/\/futbolhoy.co\/#\/schema\/logo\/image\/"},"sameAs":["https:\/\/www.facebook.com\/FutbolHoyCol\/","https:\/\/x.com\/FutbolHoyCol","https:\/\/www.instagram.com\/futbolhoycol\/"]},{"@type":"Person","@id":"https:\/\/futbolhoy.co\/#\/schema\/person\/1721b69355b6623eaff15ac7b92d4cc3","name":"contenido","image":{"@type":"ImageObject","inLanguage":"es","@id":"https:\/\/futbolhoy.co\/#\/schema\/person\/image\/","url":"https:\/\/secure.gravatar.com\/avatar\/4f656d3256f5134f466206e7c3941518?s=96&d=mm&r=g","contentUrl":"https:\/\/secure.gravatar.com\/avatar\/4f656d3256f5134f466206e7c3941518?s=96&d=mm&r=g","caption":"contenido"}}]}},"publishpress_future_action":{"enabled":false,"date":"2026-05-03 17:35:05","action":"change-status","newStatus":"draft","terms":[],"taxonomy":"category","extraData":[]},"publishpress_future_workflow_manual_trigger":{"enabledWorkflows":[]},"_links":{"self":[{"href":"https:\/\/futbolhoy.co\/index.php\/wp-json\/wp\/v2\/posts\/109435","targetHints":{"allow":["GET"]}}],"collection":[{"href":"https:\/\/futbolhoy.co\/index.php\/wp-json\/wp\/v2\/posts"}],"about":[{"href":"https:\/\/futbolhoy.co\/index.php\/wp-json\/wp\/v2\/types\/post"}],"author":[{"embeddable":true,"href":"https:\/\/futbolhoy.co\/index.php\/wp-json\/wp\/v2\/users\/4"}],"replies":[{"embeddable":true,"href":"https:\/\/futbolhoy.co\/index.php\/wp-json\/wp\/v2\/comments?post=109435"}],"version-history":[{"count":1,"href":"https:\/\/futbolhoy.co\/index.php\/wp-json\/wp\/v2\/posts\/109435\/revisions"}],"predecessor-version":[{"id":109437,"href":"https:\/\/futbolhoy.co\/index.php\/wp-json\/wp\/v2\/posts\/109435\/revisions\/109437"}],"wp:featuredmedia":[{"embeddable":true,"href":"https:\/\/futbolhoy.co\/index.php\/wp-json\/wp\/v2\/media\/109436"}],"wp:attachment":[{"href":"https:\/\/futbolhoy.co\/index.php\/wp-json\/wp\/v2\/media?parent=109435"}],"wp:term":[{"taxonomy":"category","embeddable":true,"href":"https:\/\/futbolhoy.co\/index.php\/wp-json\/wp\/v2\/categories?post=109435"},{"taxonomy":"post_tag","embeddable":true,"href":"https:\/\/futbolhoy.co\/index.php\/wp-json\/wp\/v2\/tags?post=109435"}],"curies":[{"name":"wp","href":"https:\/\/api.w.org\/{rel}","templated":true}]}}