{"id":109454,"date":"2024-06-15T07:10:14","date_gmt":"2024-06-15T12:10:14","guid":{"rendered":"https:\/\/futbolhoy.co\/?p=109454"},"modified":"2024-06-15T18:48:17","modified_gmt":"2024-06-15T23:48:17","slug":"scaloni-confirmo-sus-26-para-la-copa-america","status":"publish","type":"post","link":"https:\/\/futbolhoy.co\/index.php\/2024\/06\/15\/scaloni-confirmo-sus-26-para-la-copa-america\/","title":{"rendered":"Scaloni confirm\u00f3 sus 26 para la Copa Am\u00e9rica"},"content":{"rendered":"<p style=\"text-align: justify;\"><span style=\"font-family: helvetica, arial, sans-serif;\">El entrenador de la <strong>Selecci\u00f3n de Argentina, Lionel Scaloni,<\/strong> dio a conocer la lista definitiva de 26 jugadores con las que afrontar\u00e1 la <strong>Copa<\/strong> <strong>Am\u00e9rica<\/strong>, en la que defender\u00e1 el t\u00edtulo logrado en 2021 en la recordada final ante <strong>Brasil<\/strong>.<\/span><\/p>\n<p><span style=\"font-family: helvetica, arial, sans-serif;\">De la prelista inicial de 29 jugadores, fueron desconvocados el defensor central <strong>Leonardo Balerdi (Olympique Marsella de Francia)<\/strong>, el lateral izquierdo <strong>Valent\u00edn Barco (Brighton de Inglaterra)<\/strong> y el delantero <strong>\u00c1ngel Correa (Atl\u00e9tico de Madrid de Espa\u00f1a).<\/strong><\/span><\/p>\n<p style=\"text-align: justify;\"><span style=\"font-family: helvetica, arial, sans-serif;\">Como novedad, el entrenador argentino dej\u00f3 a <strong>Valent\u00edn Carboni (Monza de Italia)<\/strong> y <strong>Alejandro Garnacho (Manchester United)<\/strong>. El debut ser\u00e1 contra <strong>Canad\u00e1<\/strong>, en el juego inaugural por el <strong>Grupo A<\/strong>, luego se medir\u00e1n con <strong>Chile<\/strong> y cerrar\u00e1 contra <strong>Per\u00fa<\/strong>.<\/span><\/p>\n<p style=\"text-align: justify;\"><span style=\"font-family: helvetica, arial, sans-serif;\"><strong>Arqueros<\/strong>: Franco Armani - River Plate (ARG) \/ Ger\u00f3nimo Rulli - Ajax (NED) \/ Emiliano Mart\u00ednez - Aston Villa (ING)<\/span><\/p>\n<p style=\"text-align: justify;\"><span style=\"font-family: helvetica, arial, sans-serif;\"><strong>Defensores<\/strong>: Gonzalo Montiel - Nottingham (ING) \/ Germ\u00e1n Pezzella - Betis (ESP) \/ Nicol\u00e1s Otamendi - Benfica (POR) \/ Cristian Romero - Tottenham (ING)\/ Nicol\u00e1s Tagliafico - Lyon (FRA) \/ Lucas Mart\u00ednez Quarta - Fiorentina (ITA) \/ Lisandro Mart\u00ednez - Manchester United (ING) \/ Nahuel Molina Lucero - Atl\u00e9tico Madrid (ESP) \/ Marcos Acu\u00f1a - Sevilla (ESP) \/<\/span><\/p>\n<p style=\"text-align: justify;\"><span style=\"font-family: helvetica, arial, sans-serif;\"><strong>Mediocampistas:<\/strong> Exequiel Palacios - Bayer Leverkusen (ALE) \/ Rodrigo De Paul - Atl\u00e9tico de Madrid (ESP) \/ Leandro Paredes - Roma (ITA) \/ Alexis Mac Allister - Liverpool (ING) \/ Enzo Fern\u00e1ndez - Chelsea (ING) \/ Giovani Lo Celso - Tottenham (ING) \/ Guido Rodr\u00edguez Betis (ESP) \/ Valent\u00edn Carboni - Monza (ITA)<\/span><\/p>\n<p style=\"text-align: justify;\"><span style=\"font-family: helvetica, arial, sans-serif;\"><strong>Delanteros:<\/strong> Lionel Messi - Inter Miami (USA) \/ Nicol\u00e1s Gonz\u00e1lez - Fiorentina (ITA) \/ Alejandro Garnacho - Manchester United (ING) \/ \u00c1ngel Di Mar\u00eda - Benfica (POR) \/ Juli\u00e1n \u00c1lvarez - Manchester City (ING) \/ Lautaro Mart\u00ednez - Inter de Mil\u00e1n (TA)<\/span><\/p>\n","protected":false},"excerpt":{"rendered":"<p>El entrenador de la Selecci\u00f3n de Argentina, Lionel Scaloni, dio a conocer la lista definitiva de 26 jugadores con las que afrontar\u00e1 la Copa Am\u00e9rica, en la que defender\u00e1 el t\u00edtulo logrado en 2021 en la recordada final ante Brasil. De la prelista inicial de 29 jugadores, fueron desconvocados el defensor central Leonardo Balerdi (Olympique [&hellip;]<\/p>\n","protected":false},"author":4,"featured_media":109456,"comment_status":"open","ping_status":"open","sticky":false,"template":"","format":"standard","meta":{"_acf_changed":false,"footnotes":""},"categories":[1525,152],"tags":[],"class_list":{"0":"post-109454","1":"post","2":"type-post","3":"status-publish","4":"format-standard","5":"has-post-thumbnail","7":"category-copa-america","8":"category-mundo-futbol"},"acf":[],"yoast_head":"<!-- This site is optimized with the Yoast SEO plugin v26.8 - https:\/\/yoast.com\/product\/yoast-seo-wordpress\/ -->\n<title>Scaloni confirm\u00f3 sus 26 para la Copa Am\u00e9rica -<\/title>\n<meta name=\"robots\" content=\"index, follow, max-snippet:-1, max-image-preview:large, max-video-preview:-1\" \/>\n<link rel=\"canonical\" href=\"https:\/\/futbolhoy.co\/index.php\/2024\/06\/15\/scaloni-confirmo-sus-26-para-la-copa-america\/\" \/>\n<meta property=\"og:locale\" content=\"es_ES\" \/>\n<meta property=\"og:type\" content=\"article\" \/>\n<meta property=\"og:title\" content=\"Scaloni confirm\u00f3 sus 26 para la Copa Am\u00e9rica -\" \/>\n<meta property=\"og:description\" content=\"El entrenador de la Selecci\u00f3n de Argentina, Lionel Scaloni, dio a conocer la lista definitiva de 26 jugadores con las que afrontar\u00e1 la Copa Am\u00e9rica, en la que defender\u00e1 el t\u00edtulo logrado en 2021 en la recordada final ante Brasil. De la prelista inicial de 29 jugadores, fueron desconvocados el defensor central Leonardo Balerdi (Olympique [&hellip;]\" \/>\n<meta property=\"og:url\" content=\"https:\/\/futbolhoy.co\/index.php\/2024\/06\/15\/scaloni-confirmo-sus-26-para-la-copa-america\/\" \/>\n<meta property=\"article:publisher\" content=\"https:\/\/www.facebook.com\/FutbolHoyCol\/\" \/>\n<meta property=\"article:published_time\" content=\"2024-06-15T12:10:14+00:00\" \/>\n<meta property=\"article:modified_time\" content=\"2024-06-15T23:48:17+00:00\" \/>\n<meta property=\"og:image\" content=\"https:\/\/futbolhoy.co\/wp-content\/uploads\/2024\/06\/IMG_3167.jpeg\" \/>\n\t<meta property=\"og:image:width\" content=\"1080\" \/>\n\t<meta property=\"og:image:height\" content=\"1080\" \/>\n\t<meta property=\"og:image:type\" content=\"image\/jpeg\" \/>\n<meta name=\"author\" content=\"contenido\" \/>\n<meta name=\"twitter:card\" content=\"summary_large_image\" \/>\n<meta name=\"twitter:creator\" content=\"@FutbolHoyCol\" \/>\n<meta name=\"twitter:site\" content=\"@FutbolHoyCol\" \/>\n<meta name=\"twitter:label1\" content=\"Escrito por\" \/>\n\t<meta name=\"twitter:data1\" content=\"contenido\" \/>\n\t<meta name=\"twitter:label2\" content=\"Tiempo de lectura\" \/>\n\t<meta name=\"twitter:data2\" content=\"1 minuto\" \/>\n<script type=\"application\/ld+json\" class=\"yoast-schema-graph\">{\"@context\":\"https:\/\/schema.org\",\"@graph\":[{\"@type\":\"Article\",\"@id\":\"https:\/\/futbolhoy.co\/index.php\/2024\/06\/15\/scaloni-confirmo-sus-26-para-la-copa-america\/#article\",\"isPartOf\":{\"@id\":\"https:\/\/futbolhoy.co\/index.php\/2024\/06\/15\/scaloni-confirmo-sus-26-para-la-copa-america\/\"},\"author\":{\"name\":\"contenido\",\"@id\":\"https:\/\/futbolhoy.co\/#\/schema\/person\/1721b69355b6623eaff15ac7b92d4cc3\"},\"headline\":\"Scaloni confirm\u00f3 sus 26 para la Copa Am\u00e9rica\",\"datePublished\":\"2024-06-15T12:10:14+00:00\",\"dateModified\":\"2024-06-15T23:48:17+00:00\",\"mainEntityOfPage\":{\"@id\":\"https:\/\/futbolhoy.co\/index.php\/2024\/06\/15\/scaloni-confirmo-sus-26-para-la-copa-america\/\"},\"wordCount\":298,\"commentCount\":0,\"publisher\":{\"@id\":\"https:\/\/futbolhoy.co\/#organization\"},\"image\":{\"@id\":\"https:\/\/futbolhoy.co\/index.php\/2024\/06\/15\/scaloni-confirmo-sus-26-para-la-copa-america\/#primaryimage\"},\"thumbnailUrl\":\"https:\/\/futbolhoy.co\/wp-content\/uploads\/2024\/06\/IMG_3167.jpeg\",\"articleSection\":[\"Copa Am\u00e9rica\",\"Mundo Futbol\"],\"inLanguage\":\"es\",\"potentialAction\":[{\"@type\":\"CommentAction\",\"name\":\"Comment\",\"target\":[\"https:\/\/futbolhoy.co\/index.php\/2024\/06\/15\/scaloni-confirmo-sus-26-para-la-copa-america\/#respond\"]}]},{\"@type\":\"WebPage\",\"@id\":\"https:\/\/futbolhoy.co\/index.php\/2024\/06\/15\/scaloni-confirmo-sus-26-para-la-copa-america\/\",\"url\":\"https:\/\/futbolhoy.co\/index.php\/2024\/06\/15\/scaloni-confirmo-sus-26-para-la-copa-america\/\",\"name\":\"Scaloni confirm\u00f3 sus 26 para la Copa Am\u00e9rica -\",\"isPartOf\":{\"@id\":\"https:\/\/futbolhoy.co\/#website\"},\"primaryImageOfPage\":{\"@id\":\"https:\/\/futbolhoy.co\/index.php\/2024\/06\/15\/scaloni-confirmo-sus-26-para-la-copa-america\/#primaryimage\"},\"image\":{\"@id\":\"https:\/\/futbolhoy.co\/index.php\/2024\/06\/15\/scaloni-confirmo-sus-26-para-la-copa-america\/#primaryimage\"},\"thumbnailUrl\":\"https:\/\/futbolhoy.co\/wp-content\/uploads\/2024\/06\/IMG_3167.jpeg\",\"datePublished\":\"2024-06-15T12:10:14+00:00\",\"dateModified\":\"2024-06-15T23:48:17+00:00\",\"breadcrumb\":{\"@id\":\"https:\/\/futbolhoy.co\/index.php\/2024\/06\/15\/scaloni-confirmo-sus-26-para-la-copa-america\/#breadcrumb\"},\"inLanguage\":\"es\",\"potentialAction\":[{\"@type\":\"ReadAction\",\"target\":[\"https:\/\/futbolhoy.co\/index.php\/2024\/06\/15\/scaloni-confirmo-sus-26-para-la-copa-america\/\"]}]},{\"@type\":\"ImageObject\",\"inLanguage\":\"es\",\"@id\":\"https:\/\/futbolhoy.co\/index.php\/2024\/06\/15\/scaloni-confirmo-sus-26-para-la-copa-america\/#primaryimage\",\"url\":\"https:\/\/futbolhoy.co\/wp-content\/uploads\/2024\/06\/IMG_3167.jpeg\",\"contentUrl\":\"https:\/\/futbolhoy.co\/wp-content\/uploads\/2024\/06\/IMG_3167.jpeg\",\"width\":1080,\"height\":1080},{\"@type\":\"BreadcrumbList\",\"@id\":\"https:\/\/futbolhoy.co\/index.php\/2024\/06\/15\/scaloni-confirmo-sus-26-para-la-copa-america\/#breadcrumb\",\"itemListElement\":[{\"@type\":\"ListItem\",\"position\":1,\"name\":\"Portada\",\"item\":\"https:\/\/futbolhoy.co\/\"},{\"@type\":\"ListItem\",\"position\":2,\"name\":\"Scaloni confirm\u00f3 sus 26 para la Copa Am\u00e9rica\"}]},{\"@type\":\"WebSite\",\"@id\":\"https:\/\/futbolhoy.co\/#website\",\"url\":\"https:\/\/futbolhoy.co\/\",\"name\":\"FutbolHoy\",\"description\":\"\",\"publisher\":{\"@id\":\"https:\/\/futbolhoy.co\/#organization\"},\"potentialAction\":[{\"@type\":\"SearchAction\",\"target\":{\"@type\":\"EntryPoint\",\"urlTemplate\":\"https:\/\/futbolhoy.co\/?s={search_term_string}\"},\"query-input\":{\"@type\":\"PropertyValueSpecification\",\"valueRequired\":true,\"valueName\":\"search_term_string\"}}],\"inLanguage\":\"es\"},{\"@type\":\"Organization\",\"@id\":\"https:\/\/futbolhoy.co\/#organization\",\"name\":\"Futbolhoy.co\",\"url\":\"https:\/\/futbolhoy.co\/\",\"logo\":{\"@type\":\"ImageObject\",\"inLanguage\":\"es\",\"@id\":\"https:\/\/futbolhoy.co\/#\/schema\/logo\/image\/\",\"url\":\"https:\/\/futbolhoy.co\/wp-content\/uploads\/2018\/08\/17426380_1906371736249227_6326180412931521141_n.jpg\",\"contentUrl\":\"https:\/\/futbolhoy.co\/wp-content\/uploads\/2018\/08\/17426380_1906371736249227_6326180412931521141_n.jpg\",\"width\":960,\"height\":960,\"caption\":\"Futbolhoy.co\"},\"image\":{\"@id\":\"https:\/\/futbolhoy.co\/#\/schema\/logo\/image\/\"},\"sameAs\":[\"https:\/\/www.facebook.com\/FutbolHoyCol\/\",\"https:\/\/x.com\/FutbolHoyCol\",\"https:\/\/www.instagram.com\/futbolhoycol\/\"]},{\"@type\":\"Person\",\"@id\":\"https:\/\/futbolhoy.co\/#\/schema\/person\/1721b69355b6623eaff15ac7b92d4cc3\",\"name\":\"contenido\",\"image\":{\"@type\":\"ImageObject\",\"inLanguage\":\"es\",\"@id\":\"https:\/\/futbolhoy.co\/#\/schema\/person\/image\/\",\"url\":\"https:\/\/secure.gravatar.com\/avatar\/4f656d3256f5134f466206e7c3941518?s=96&d=mm&r=g\",\"contentUrl\":\"https:\/\/secure.gravatar.com\/avatar\/4f656d3256f5134f466206e7c3941518?s=96&d=mm&r=g\",\"caption\":\"contenido\"}}]}<\/script>\n<!-- \/ Yoast SEO plugin. -->","yoast_head_json":{"title":"Scaloni confirm\u00f3 sus 26 para la Copa Am\u00e9rica -","robots":{"index":"index","follow":"follow","max-snippet":"max-snippet:-1","max-image-preview":"max-image-preview:large","max-video-preview":"max-video-preview:-1"},"canonical":"https:\/\/futbolhoy.co\/index.php\/2024\/06\/15\/scaloni-confirmo-sus-26-para-la-copa-america\/","og_locale":"es_ES","og_type":"article","og_title":"Scaloni confirm\u00f3 sus 26 para la Copa Am\u00e9rica -","og_description":"El entrenador de la Selecci\u00f3n de Argentina, Lionel Scaloni, dio a conocer la lista definitiva de 26 jugadores con las que afrontar\u00e1 la Copa Am\u00e9rica, en la que defender\u00e1 el t\u00edtulo logrado en 2021 en la recordada final ante Brasil. De la prelista inicial de 29 jugadores, fueron desconvocados el defensor central Leonardo Balerdi (Olympique [&hellip;]","og_url":"https:\/\/futbolhoy.co\/index.php\/2024\/06\/15\/scaloni-confirmo-sus-26-para-la-copa-america\/","article_publisher":"https:\/\/www.facebook.com\/FutbolHoyCol\/","article_published_time":"2024-06-15T12:10:14+00:00","article_modified_time":"2024-06-15T23:48:17+00:00","og_image":[{"width":1080,"height":1080,"url":"https:\/\/futbolhoy.co\/wp-content\/uploads\/2024\/06\/IMG_3167.jpeg","type":"image\/jpeg"}],"author":"contenido","twitter_card":"summary_large_image","twitter_creator":"@FutbolHoyCol","twitter_site":"@FutbolHoyCol","twitter_misc":{"Escrito por":"contenido","Tiempo de lectura":"1 minuto"},"schema":{"@context":"https:\/\/schema.org","@graph":[{"@type":"Article","@id":"https:\/\/futbolhoy.co\/index.php\/2024\/06\/15\/scaloni-confirmo-sus-26-para-la-copa-america\/#article","isPartOf":{"@id":"https:\/\/futbolhoy.co\/index.php\/2024\/06\/15\/scaloni-confirmo-sus-26-para-la-copa-america\/"},"author":{"name":"contenido","@id":"https:\/\/futbolhoy.co\/#\/schema\/person\/1721b69355b6623eaff15ac7b92d4cc3"},"headline":"Scaloni confirm\u00f3 sus 26 para la Copa Am\u00e9rica","datePublished":"2024-06-15T12:10:14+00:00","dateModified":"2024-06-15T23:48:17+00:00","mainEntityOfPage":{"@id":"https:\/\/futbolhoy.co\/index.php\/2024\/06\/15\/scaloni-confirmo-sus-26-para-la-copa-america\/"},"wordCount":298,"commentCount":0,"publisher":{"@id":"https:\/\/futbolhoy.co\/#organization"},"image":{"@id":"https:\/\/futbolhoy.co\/index.php\/2024\/06\/15\/scaloni-confirmo-sus-26-para-la-copa-america\/#primaryimage"},"thumbnailUrl":"https:\/\/futbolhoy.co\/wp-content\/uploads\/2024\/06\/IMG_3167.jpeg","articleSection":["Copa Am\u00e9rica","Mundo Futbol"],"inLanguage":"es","potentialAction":[{"@type":"CommentAction","name":"Comment","target":["https:\/\/futbolhoy.co\/index.php\/2024\/06\/15\/scaloni-confirmo-sus-26-para-la-copa-america\/#respond"]}]},{"@type":"WebPage","@id":"https:\/\/futbolhoy.co\/index.php\/2024\/06\/15\/scaloni-confirmo-sus-26-para-la-copa-america\/","url":"https:\/\/futbolhoy.co\/index.php\/2024\/06\/15\/scaloni-confirmo-sus-26-para-la-copa-america\/","name":"Scaloni confirm\u00f3 sus 26 para la Copa Am\u00e9rica -","isPartOf":{"@id":"https:\/\/futbolhoy.co\/#website"},"primaryImageOfPage":{"@id":"https:\/\/futbolhoy.co\/index.php\/2024\/06\/15\/scaloni-confirmo-sus-26-para-la-copa-america\/#primaryimage"},"image":{"@id":"https:\/\/futbolhoy.co\/index.php\/2024\/06\/15\/scaloni-confirmo-sus-26-para-la-copa-america\/#primaryimage"},"thumbnailUrl":"https:\/\/futbolhoy.co\/wp-content\/uploads\/2024\/06\/IMG_3167.jpeg","datePublished":"2024-06-15T12:10:14+00:00","dateModified":"2024-06-15T23:48:17+00:00","breadcrumb":{"@id":"https:\/\/futbolhoy.co\/index.php\/2024\/06\/15\/scaloni-confirmo-sus-26-para-la-copa-america\/#breadcrumb"},"inLanguage":"es","potentialAction":[{"@type":"ReadAction","target":["https:\/\/futbolhoy.co\/index.php\/2024\/06\/15\/scaloni-confirmo-sus-26-para-la-copa-america\/"]}]},{"@type":"ImageObject","inLanguage":"es","@id":"https:\/\/futbolhoy.co\/index.php\/2024\/06\/15\/scaloni-confirmo-sus-26-para-la-copa-america\/#primaryimage","url":"https:\/\/futbolhoy.co\/wp-content\/uploads\/2024\/06\/IMG_3167.jpeg","contentUrl":"https:\/\/futbolhoy.co\/wp-content\/uploads\/2024\/06\/IMG_3167.jpeg","width":1080,"height":1080},{"@type":"BreadcrumbList","@id":"https:\/\/futbolhoy.co\/index.php\/2024\/06\/15\/scaloni-confirmo-sus-26-para-la-copa-america\/#breadcrumb","itemListElement":[{"@type":"ListItem","position":1,"name":"Portada","item":"https:\/\/futbolhoy.co\/"},{"@type":"ListItem","position":2,"name":"Scaloni confirm\u00f3 sus 26 para la Copa Am\u00e9rica"}]},{"@type":"WebSite","@id":"https:\/\/futbolhoy.co\/#website","url":"https:\/\/futbolhoy.co\/","name":"FutbolHoy","description":"","publisher":{"@id":"https:\/\/futbolhoy.co\/#organization"},"potentialAction":[{"@type":"SearchAction","target":{"@type":"EntryPoint","urlTemplate":"https:\/\/futbolhoy.co\/?s={search_term_string}"},"query-input":{"@type":"PropertyValueSpecification","valueRequired":true,"valueName":"search_term_string"}}],"inLanguage":"es"},{"@type":"Organization","@id":"https:\/\/futbolhoy.co\/#organization","name":"Futbolhoy.co","url":"https:\/\/futbolhoy.co\/","logo":{"@type":"ImageObject","inLanguage":"es","@id":"https:\/\/futbolhoy.co\/#\/schema\/logo\/image\/","url":"https:\/\/futbolhoy.co\/wp-content\/uploads\/2018\/08\/17426380_1906371736249227_6326180412931521141_n.jpg","contentUrl":"https:\/\/futbolhoy.co\/wp-content\/uploads\/2018\/08\/17426380_1906371736249227_6326180412931521141_n.jpg","width":960,"height":960,"caption":"Futbolhoy.co"},"image":{"@id":"https:\/\/futbolhoy.co\/#\/schema\/logo\/image\/"},"sameAs":["https:\/\/www.facebook.com\/FutbolHoyCol\/","https:\/\/x.com\/FutbolHoyCol","https:\/\/www.instagram.com\/futbolhoycol\/"]},{"@type":"Person","@id":"https:\/\/futbolhoy.co\/#\/schema\/person\/1721b69355b6623eaff15ac7b92d4cc3","name":"contenido","image":{"@type":"ImageObject","inLanguage":"es","@id":"https:\/\/futbolhoy.co\/#\/schema\/person\/image\/","url":"https:\/\/secure.gravatar.com\/avatar\/4f656d3256f5134f466206e7c3941518?s=96&d=mm&r=g","contentUrl":"https:\/\/secure.gravatar.com\/avatar\/4f656d3256f5134f466206e7c3941518?s=96&d=mm&r=g","caption":"contenido"}}]}},"publishpress_future_action":{"enabled":false,"date":"2026-05-03 10:28:12","action":"change-status","newStatus":"draft","terms":[],"taxonomy":"category","extraData":[]},"publishpress_future_workflow_manual_trigger":{"enabledWorkflows":[]},"_links":{"self":[{"href":"https:\/\/futbolhoy.co\/index.php\/wp-json\/wp\/v2\/posts\/109454","targetHints":{"allow":["GET"]}}],"collection":[{"href":"https:\/\/futbolhoy.co\/index.php\/wp-json\/wp\/v2\/posts"}],"about":[{"href":"https:\/\/futbolhoy.co\/index.php\/wp-json\/wp\/v2\/types\/post"}],"author":[{"embeddable":true,"href":"https:\/\/futbolhoy.co\/index.php\/wp-json\/wp\/v2\/users\/4"}],"replies":[{"embeddable":true,"href":"https:\/\/futbolhoy.co\/index.php\/wp-json\/wp\/v2\/comments?post=109454"}],"version-history":[{"count":3,"href":"https:\/\/futbolhoy.co\/index.php\/wp-json\/wp\/v2\/posts\/109454\/revisions"}],"predecessor-version":[{"id":109477,"href":"https:\/\/futbolhoy.co\/index.php\/wp-json\/wp\/v2\/posts\/109454\/revisions\/109477"}],"wp:featuredmedia":[{"embeddable":true,"href":"https:\/\/futbolhoy.co\/index.php\/wp-json\/wp\/v2\/media\/109456"}],"wp:attachment":[{"href":"https:\/\/futbolhoy.co\/index.php\/wp-json\/wp\/v2\/media?parent=109454"}],"wp:term":[{"taxonomy":"category","embeddable":true,"href":"https:\/\/futbolhoy.co\/index.php\/wp-json\/wp\/v2\/categories?post=109454"},{"taxonomy":"post_tag","embeddable":true,"href":"https:\/\/futbolhoy.co\/index.php\/wp-json\/wp\/v2\/tags?post=109454"}],"curies":[{"name":"wp","href":"https:\/\/api.w.org\/{rel}","templated":true}]}}