{"id":109460,"date":"2024-06-15T08:15:20","date_gmt":"2024-06-15T13:15:20","guid":{"rendered":"https:\/\/futbolhoy.co\/?p=109460"},"modified":"2024-06-15T21:41:26","modified_gmt":"2024-06-16T02:41:26","slug":"santa-fe-y-bucaramanga-definen-al-campeon-en-el-campin","status":"publish","type":"post","link":"https:\/\/futbolhoy.co\/index.php\/2024\/06\/15\/santa-fe-y-bucaramanga-definen-al-campeon-en-el-campin\/","title":{"rendered":"Santa Fe y Bucaramanga definen al campe\u00f3n en El Camp\u00edn"},"content":{"rendered":"<p style=\"text-align: justify;\"><span style=\"font-family: helvetica, arial, sans-serif;\">Momento de definici\u00f3n en el primer semestre de la <strong>Liga BetPlay. Independiente Santa Fe<\/strong> cierra ante su gente, pero con la obligaci\u00f3n de darle vuelta a la serie para poder bordar la d\u00e9cima estrella en su escudo, la cual ha sido esquiva desde 2016.<\/span><\/p>\n<p style=\"text-align: justify;\"><span style=\"font-family: helvetica, arial, sans-serif;\">Por su parte, el conjunto santandereano busca el primer t\u00edtulo en su historia y se puede decir que lo tiene encaminado, pues la ventaja est\u00e1 a su favor luego del resultado conseguido en la ida con la anotaci\u00f3n de <strong>Freddy Hinestroza<\/strong> que tiene so\u00f1ando al cuadro bumangu\u00e9s.<\/span><\/p>\n<p style=\"text-align: justify;\"><span style=\"font-family: helvetica, arial, sans-serif;\">\u201cM\u00e1s all\u00e1 de las formaciones y posibles variantes, vamos a buscar un equipo que sea profundo porque tenemos la necesidad del gol para meternos en partido porque comenzamos con diferencia negativa. La parte de ataque no va a estar ligada solo por las bandas, no descartamos el juego directo, pero s\u00ed vamos a tener un equipo m\u00e1s profundo y tener el desequilibrio en la parte de ataque\u201d, dijo <strong>Peirano<\/strong>.<\/span><\/p>\n<p style=\"text-align: justify;\"><span style=\"font-family: helvetica, arial, sans-serif;\">Se espera que haya cambios en el once, con la eventual inclusi\u00f3n de <strong>Jersson Gonz\u00e1lez<\/strong> en reemplazo de <strong>Agust\u00edn Rodr\u00edguez y Juan Pablo Zuluaga<\/strong> en lugar de <strong>Jhojan Torres.<\/strong> Por su parte, el cuadro de <strong>Rafael Dudamel<\/strong> no tendr\u00eda modificaciones y plantear\u00eda el mismo equipo que sali\u00f3 en la ida.<\/span><\/p>\n<p style=\"text-align: justify;\"><span style=\"font-family: helvetica, arial, sans-serif;\">El juego en el estadio <strong>El Camp\u00edn<\/strong> iniciar\u00e1 desde las 7:30 p.m. bajo la direcci\u00f3n del \u00e1rbitro <strong>Carlos Betancur.<\/strong><\/span><\/p>\n<p style=\"text-align: justify;\"><strong><span style=\"font-family: helvetica, arial, sans-serif;\">Posibles alineaciones de Santa Fe y Bucaramanga<\/span><\/strong><\/p>\n<p style=\"text-align: justify;\"><span style=\"font-family: helvetica, arial, sans-serif;\"><strong>Santa Fe:<\/strong> Andr\u00e9s Mosquera Marmolejo; Elvis Perlaza, Marcelo Ortiz, Diego Hern\u00e1ndez (David Ram\u00edrez), Juli\u00e1n Mill\u00e1n, Francisco Chaverra; Yilmar Vel\u00e1squez, Juan Pablo Zuluaga (Jhojan Torres), Daniel Torres; Jersson Gonz\u00e1lez (Agust\u00edn Rodr\u00edguez) y Hugo Rodallega. <strong>DT<\/strong>: Pablo Peirano.<\/span><\/p>\n<p style=\"text-align: justify;\"><span style=\"font-family: helvetica, arial, sans-serif;\"><strong>Bucaramanga:<\/strong> Aldair Quintana, Aldair Guti\u00e9rrez, Kevin Cuesta, Jefferson Mena, Carlos Henao; Freddy Hinestroza, Leonardo Flores, Fabry Castro, Fabi\u00e1n Sambueza, Jhon C\u00f3rdoba y Daniel Mosquera. <strong>DT<\/strong>: Rafael Dudamel.<\/span><\/p>\n","protected":false},"excerpt":{"rendered":"<p>Momento de definici\u00f3n en el primer semestre de la Liga BetPlay. Independiente Santa Fe cierra ante su gente, pero con la obligaci\u00f3n de darle vuelta a la serie para poder bordar la d\u00e9cima estrella en su escudo, la cual ha sido esquiva desde 2016. Por su parte, el conjunto santandereano busca el primer t\u00edtulo en [&hellip;]<\/p>\n","protected":false},"author":4,"featured_media":109461,"comment_status":"open","ping_status":"open","sticky":false,"template":"","format":"standard","meta":{"_acf_changed":false,"footnotes":""},"categories":[7],"tags":[],"class_list":{"0":"post-109460","1":"post","2":"type-post","3":"status-publish","4":"format-standard","5":"has-post-thumbnail","7":"category-liga-betplay"},"acf":[],"yoast_head":"<!-- This site is optimized with the Yoast SEO plugin v26.8 - https:\/\/yoast.com\/product\/yoast-seo-wordpress\/ -->\n<title>Santa Fe y Bucaramanga definen al campe\u00f3n en El Camp\u00edn -<\/title>\n<meta name=\"robots\" content=\"index, follow, max-snippet:-1, max-image-preview:large, max-video-preview:-1\" \/>\n<link rel=\"canonical\" href=\"https:\/\/futbolhoy.co\/index.php\/2024\/06\/15\/santa-fe-y-bucaramanga-definen-al-campeon-en-el-campin\/\" \/>\n<meta property=\"og:locale\" content=\"es_ES\" \/>\n<meta property=\"og:type\" content=\"article\" \/>\n<meta property=\"og:title\" content=\"Santa Fe y Bucaramanga definen al campe\u00f3n en El Camp\u00edn -\" \/>\n<meta property=\"og:description\" content=\"Momento de definici\u00f3n en el primer semestre de la Liga BetPlay. Independiente Santa Fe cierra ante su gente, pero con la obligaci\u00f3n de darle vuelta a la serie para poder bordar la d\u00e9cima estrella en su escudo, la cual ha sido esquiva desde 2016. Por su parte, el conjunto santandereano busca el primer t\u00edtulo en [&hellip;]\" \/>\n<meta property=\"og:url\" content=\"https:\/\/futbolhoy.co\/index.php\/2024\/06\/15\/santa-fe-y-bucaramanga-definen-al-campeon-en-el-campin\/\" \/>\n<meta property=\"article:publisher\" content=\"https:\/\/www.facebook.com\/FutbolHoyCol\/\" \/>\n<meta property=\"article:published_time\" content=\"2024-06-15T13:15:20+00:00\" \/>\n<meta property=\"article:modified_time\" content=\"2024-06-16T02:41:26+00:00\" \/>\n<meta property=\"og:image\" content=\"https:\/\/futbolhoy.co\/wp-content\/uploads\/2024\/06\/IMG_3169.jpeg\" \/>\n\t<meta property=\"og:image:width\" content=\"1600\" \/>\n\t<meta property=\"og:image:height\" content=\"1280\" \/>\n\t<meta property=\"og:image:type\" content=\"image\/jpeg\" \/>\n<meta name=\"author\" content=\"contenido\" \/>\n<meta name=\"twitter:card\" content=\"summary_large_image\" \/>\n<meta name=\"twitter:creator\" content=\"@FutbolHoyCol\" \/>\n<meta name=\"twitter:site\" content=\"@FutbolHoyCol\" \/>\n<meta name=\"twitter:label1\" content=\"Escrito por\" \/>\n\t<meta name=\"twitter:data1\" content=\"contenido\" \/>\n\t<meta name=\"twitter:label2\" content=\"Tiempo de lectura\" \/>\n\t<meta name=\"twitter:data2\" content=\"2 minutos\" \/>\n<script type=\"application\/ld+json\" class=\"yoast-schema-graph\">{\"@context\":\"https:\/\/schema.org\",\"@graph\":[{\"@type\":\"Article\",\"@id\":\"https:\/\/futbolhoy.co\/index.php\/2024\/06\/15\/santa-fe-y-bucaramanga-definen-al-campeon-en-el-campin\/#article\",\"isPartOf\":{\"@id\":\"https:\/\/futbolhoy.co\/index.php\/2024\/06\/15\/santa-fe-y-bucaramanga-definen-al-campeon-en-el-campin\/\"},\"author\":{\"name\":\"contenido\",\"@id\":\"https:\/\/futbolhoy.co\/#\/schema\/person\/1721b69355b6623eaff15ac7b92d4cc3\"},\"headline\":\"Santa Fe y Bucaramanga definen al campe\u00f3n en El Camp\u00edn\",\"datePublished\":\"2024-06-15T13:15:20+00:00\",\"dateModified\":\"2024-06-16T02:41:26+00:00\",\"mainEntityOfPage\":{\"@id\":\"https:\/\/futbolhoy.co\/index.php\/2024\/06\/15\/santa-fe-y-bucaramanga-definen-al-campeon-en-el-campin\/\"},\"wordCount\":339,\"commentCount\":0,\"publisher\":{\"@id\":\"https:\/\/futbolhoy.co\/#organization\"},\"image\":{\"@id\":\"https:\/\/futbolhoy.co\/index.php\/2024\/06\/15\/santa-fe-y-bucaramanga-definen-al-campeon-en-el-campin\/#primaryimage\"},\"thumbnailUrl\":\"https:\/\/futbolhoy.co\/wp-content\/uploads\/2024\/06\/IMG_3169.jpeg\",\"articleSection\":[\"Liga BetPlay\"],\"inLanguage\":\"es\",\"potentialAction\":[{\"@type\":\"CommentAction\",\"name\":\"Comment\",\"target\":[\"https:\/\/futbolhoy.co\/index.php\/2024\/06\/15\/santa-fe-y-bucaramanga-definen-al-campeon-en-el-campin\/#respond\"]}]},{\"@type\":\"WebPage\",\"@id\":\"https:\/\/futbolhoy.co\/index.php\/2024\/06\/15\/santa-fe-y-bucaramanga-definen-al-campeon-en-el-campin\/\",\"url\":\"https:\/\/futbolhoy.co\/index.php\/2024\/06\/15\/santa-fe-y-bucaramanga-definen-al-campeon-en-el-campin\/\",\"name\":\"Santa Fe y Bucaramanga definen al campe\u00f3n en El Camp\u00edn -\",\"isPartOf\":{\"@id\":\"https:\/\/futbolhoy.co\/#website\"},\"primaryImageOfPage\":{\"@id\":\"https:\/\/futbolhoy.co\/index.php\/2024\/06\/15\/santa-fe-y-bucaramanga-definen-al-campeon-en-el-campin\/#primaryimage\"},\"image\":{\"@id\":\"https:\/\/futbolhoy.co\/index.php\/2024\/06\/15\/santa-fe-y-bucaramanga-definen-al-campeon-en-el-campin\/#primaryimage\"},\"thumbnailUrl\":\"https:\/\/futbolhoy.co\/wp-content\/uploads\/2024\/06\/IMG_3169.jpeg\",\"datePublished\":\"2024-06-15T13:15:20+00:00\",\"dateModified\":\"2024-06-16T02:41:26+00:00\",\"breadcrumb\":{\"@id\":\"https:\/\/futbolhoy.co\/index.php\/2024\/06\/15\/santa-fe-y-bucaramanga-definen-al-campeon-en-el-campin\/#breadcrumb\"},\"inLanguage\":\"es\",\"potentialAction\":[{\"@type\":\"ReadAction\",\"target\":[\"https:\/\/futbolhoy.co\/index.php\/2024\/06\/15\/santa-fe-y-bucaramanga-definen-al-campeon-en-el-campin\/\"]}]},{\"@type\":\"ImageObject\",\"inLanguage\":\"es\",\"@id\":\"https:\/\/futbolhoy.co\/index.php\/2024\/06\/15\/santa-fe-y-bucaramanga-definen-al-campeon-en-el-campin\/#primaryimage\",\"url\":\"https:\/\/futbolhoy.co\/wp-content\/uploads\/2024\/06\/IMG_3169.jpeg\",\"contentUrl\":\"https:\/\/futbolhoy.co\/wp-content\/uploads\/2024\/06\/IMG_3169.jpeg\",\"width\":1600,\"height\":1280},{\"@type\":\"BreadcrumbList\",\"@id\":\"https:\/\/futbolhoy.co\/index.php\/2024\/06\/15\/santa-fe-y-bucaramanga-definen-al-campeon-en-el-campin\/#breadcrumb\",\"itemListElement\":[{\"@type\":\"ListItem\",\"position\":1,\"name\":\"Portada\",\"item\":\"https:\/\/futbolhoy.co\/\"},{\"@type\":\"ListItem\",\"position\":2,\"name\":\"Santa Fe y Bucaramanga definen al campe\u00f3n en El Camp\u00edn\"}]},{\"@type\":\"WebSite\",\"@id\":\"https:\/\/futbolhoy.co\/#website\",\"url\":\"https:\/\/futbolhoy.co\/\",\"name\":\"FutbolHoy\",\"description\":\"\",\"publisher\":{\"@id\":\"https:\/\/futbolhoy.co\/#organization\"},\"potentialAction\":[{\"@type\":\"SearchAction\",\"target\":{\"@type\":\"EntryPoint\",\"urlTemplate\":\"https:\/\/futbolhoy.co\/?s={search_term_string}\"},\"query-input\":{\"@type\":\"PropertyValueSpecification\",\"valueRequired\":true,\"valueName\":\"search_term_string\"}}],\"inLanguage\":\"es\"},{\"@type\":\"Organization\",\"@id\":\"https:\/\/futbolhoy.co\/#organization\",\"name\":\"Futbolhoy.co\",\"url\":\"https:\/\/futbolhoy.co\/\",\"logo\":{\"@type\":\"ImageObject\",\"inLanguage\":\"es\",\"@id\":\"https:\/\/futbolhoy.co\/#\/schema\/logo\/image\/\",\"url\":\"https:\/\/futbolhoy.co\/wp-content\/uploads\/2018\/08\/17426380_1906371736249227_6326180412931521141_n.jpg\",\"contentUrl\":\"https:\/\/futbolhoy.co\/wp-content\/uploads\/2018\/08\/17426380_1906371736249227_6326180412931521141_n.jpg\",\"width\":960,\"height\":960,\"caption\":\"Futbolhoy.co\"},\"image\":{\"@id\":\"https:\/\/futbolhoy.co\/#\/schema\/logo\/image\/\"},\"sameAs\":[\"https:\/\/www.facebook.com\/FutbolHoyCol\/\",\"https:\/\/x.com\/FutbolHoyCol\",\"https:\/\/www.instagram.com\/futbolhoycol\/\"]},{\"@type\":\"Person\",\"@id\":\"https:\/\/futbolhoy.co\/#\/schema\/person\/1721b69355b6623eaff15ac7b92d4cc3\",\"name\":\"contenido\",\"image\":{\"@type\":\"ImageObject\",\"inLanguage\":\"es\",\"@id\":\"https:\/\/futbolhoy.co\/#\/schema\/person\/image\/\",\"url\":\"https:\/\/secure.gravatar.com\/avatar\/4f656d3256f5134f466206e7c3941518?s=96&d=mm&r=g\",\"contentUrl\":\"https:\/\/secure.gravatar.com\/avatar\/4f656d3256f5134f466206e7c3941518?s=96&d=mm&r=g\",\"caption\":\"contenido\"}}]}<\/script>\n<!-- \/ Yoast SEO plugin. -->","yoast_head_json":{"title":"Santa Fe y Bucaramanga definen al campe\u00f3n en El Camp\u00edn -","robots":{"index":"index","follow":"follow","max-snippet":"max-snippet:-1","max-image-preview":"max-image-preview:large","max-video-preview":"max-video-preview:-1"},"canonical":"https:\/\/futbolhoy.co\/index.php\/2024\/06\/15\/santa-fe-y-bucaramanga-definen-al-campeon-en-el-campin\/","og_locale":"es_ES","og_type":"article","og_title":"Santa Fe y Bucaramanga definen al campe\u00f3n en El Camp\u00edn -","og_description":"Momento de definici\u00f3n en el primer semestre de la Liga BetPlay. Independiente Santa Fe cierra ante su gente, pero con la obligaci\u00f3n de darle vuelta a la serie para poder bordar la d\u00e9cima estrella en su escudo, la cual ha sido esquiva desde 2016. Por su parte, el conjunto santandereano busca el primer t\u00edtulo en [&hellip;]","og_url":"https:\/\/futbolhoy.co\/index.php\/2024\/06\/15\/santa-fe-y-bucaramanga-definen-al-campeon-en-el-campin\/","article_publisher":"https:\/\/www.facebook.com\/FutbolHoyCol\/","article_published_time":"2024-06-15T13:15:20+00:00","article_modified_time":"2024-06-16T02:41:26+00:00","og_image":[{"width":1600,"height":1280,"url":"https:\/\/futbolhoy.co\/wp-content\/uploads\/2024\/06\/IMG_3169.jpeg","type":"image\/jpeg"}],"author":"contenido","twitter_card":"summary_large_image","twitter_creator":"@FutbolHoyCol","twitter_site":"@FutbolHoyCol","twitter_misc":{"Escrito por":"contenido","Tiempo de lectura":"2 minutos"},"schema":{"@context":"https:\/\/schema.org","@graph":[{"@type":"Article","@id":"https:\/\/futbolhoy.co\/index.php\/2024\/06\/15\/santa-fe-y-bucaramanga-definen-al-campeon-en-el-campin\/#article","isPartOf":{"@id":"https:\/\/futbolhoy.co\/index.php\/2024\/06\/15\/santa-fe-y-bucaramanga-definen-al-campeon-en-el-campin\/"},"author":{"name":"contenido","@id":"https:\/\/futbolhoy.co\/#\/schema\/person\/1721b69355b6623eaff15ac7b92d4cc3"},"headline":"Santa Fe y Bucaramanga definen al campe\u00f3n en El Camp\u00edn","datePublished":"2024-06-15T13:15:20+00:00","dateModified":"2024-06-16T02:41:26+00:00","mainEntityOfPage":{"@id":"https:\/\/futbolhoy.co\/index.php\/2024\/06\/15\/santa-fe-y-bucaramanga-definen-al-campeon-en-el-campin\/"},"wordCount":339,"commentCount":0,"publisher":{"@id":"https:\/\/futbolhoy.co\/#organization"},"image":{"@id":"https:\/\/futbolhoy.co\/index.php\/2024\/06\/15\/santa-fe-y-bucaramanga-definen-al-campeon-en-el-campin\/#primaryimage"},"thumbnailUrl":"https:\/\/futbolhoy.co\/wp-content\/uploads\/2024\/06\/IMG_3169.jpeg","articleSection":["Liga BetPlay"],"inLanguage":"es","potentialAction":[{"@type":"CommentAction","name":"Comment","target":["https:\/\/futbolhoy.co\/index.php\/2024\/06\/15\/santa-fe-y-bucaramanga-definen-al-campeon-en-el-campin\/#respond"]}]},{"@type":"WebPage","@id":"https:\/\/futbolhoy.co\/index.php\/2024\/06\/15\/santa-fe-y-bucaramanga-definen-al-campeon-en-el-campin\/","url":"https:\/\/futbolhoy.co\/index.php\/2024\/06\/15\/santa-fe-y-bucaramanga-definen-al-campeon-en-el-campin\/","name":"Santa Fe y Bucaramanga definen al campe\u00f3n en El Camp\u00edn -","isPartOf":{"@id":"https:\/\/futbolhoy.co\/#website"},"primaryImageOfPage":{"@id":"https:\/\/futbolhoy.co\/index.php\/2024\/06\/15\/santa-fe-y-bucaramanga-definen-al-campeon-en-el-campin\/#primaryimage"},"image":{"@id":"https:\/\/futbolhoy.co\/index.php\/2024\/06\/15\/santa-fe-y-bucaramanga-definen-al-campeon-en-el-campin\/#primaryimage"},"thumbnailUrl":"https:\/\/futbolhoy.co\/wp-content\/uploads\/2024\/06\/IMG_3169.jpeg","datePublished":"2024-06-15T13:15:20+00:00","dateModified":"2024-06-16T02:41:26+00:00","breadcrumb":{"@id":"https:\/\/futbolhoy.co\/index.php\/2024\/06\/15\/santa-fe-y-bucaramanga-definen-al-campeon-en-el-campin\/#breadcrumb"},"inLanguage":"es","potentialAction":[{"@type":"ReadAction","target":["https:\/\/futbolhoy.co\/index.php\/2024\/06\/15\/santa-fe-y-bucaramanga-definen-al-campeon-en-el-campin\/"]}]},{"@type":"ImageObject","inLanguage":"es","@id":"https:\/\/futbolhoy.co\/index.php\/2024\/06\/15\/santa-fe-y-bucaramanga-definen-al-campeon-en-el-campin\/#primaryimage","url":"https:\/\/futbolhoy.co\/wp-content\/uploads\/2024\/06\/IMG_3169.jpeg","contentUrl":"https:\/\/futbolhoy.co\/wp-content\/uploads\/2024\/06\/IMG_3169.jpeg","width":1600,"height":1280},{"@type":"BreadcrumbList","@id":"https:\/\/futbolhoy.co\/index.php\/2024\/06\/15\/santa-fe-y-bucaramanga-definen-al-campeon-en-el-campin\/#breadcrumb","itemListElement":[{"@type":"ListItem","position":1,"name":"Portada","item":"https:\/\/futbolhoy.co\/"},{"@type":"ListItem","position":2,"name":"Santa Fe y Bucaramanga definen al campe\u00f3n en El Camp\u00edn"}]},{"@type":"WebSite","@id":"https:\/\/futbolhoy.co\/#website","url":"https:\/\/futbolhoy.co\/","name":"FutbolHoy","description":"","publisher":{"@id":"https:\/\/futbolhoy.co\/#organization"},"potentialAction":[{"@type":"SearchAction","target":{"@type":"EntryPoint","urlTemplate":"https:\/\/futbolhoy.co\/?s={search_term_string}"},"query-input":{"@type":"PropertyValueSpecification","valueRequired":true,"valueName":"search_term_string"}}],"inLanguage":"es"},{"@type":"Organization","@id":"https:\/\/futbolhoy.co\/#organization","name":"Futbolhoy.co","url":"https:\/\/futbolhoy.co\/","logo":{"@type":"ImageObject","inLanguage":"es","@id":"https:\/\/futbolhoy.co\/#\/schema\/logo\/image\/","url":"https:\/\/futbolhoy.co\/wp-content\/uploads\/2018\/08\/17426380_1906371736249227_6326180412931521141_n.jpg","contentUrl":"https:\/\/futbolhoy.co\/wp-content\/uploads\/2018\/08\/17426380_1906371736249227_6326180412931521141_n.jpg","width":960,"height":960,"caption":"Futbolhoy.co"},"image":{"@id":"https:\/\/futbolhoy.co\/#\/schema\/logo\/image\/"},"sameAs":["https:\/\/www.facebook.com\/FutbolHoyCol\/","https:\/\/x.com\/FutbolHoyCol","https:\/\/www.instagram.com\/futbolhoycol\/"]},{"@type":"Person","@id":"https:\/\/futbolhoy.co\/#\/schema\/person\/1721b69355b6623eaff15ac7b92d4cc3","name":"contenido","image":{"@type":"ImageObject","inLanguage":"es","@id":"https:\/\/futbolhoy.co\/#\/schema\/person\/image\/","url":"https:\/\/secure.gravatar.com\/avatar\/4f656d3256f5134f466206e7c3941518?s=96&d=mm&r=g","contentUrl":"https:\/\/secure.gravatar.com\/avatar\/4f656d3256f5134f466206e7c3941518?s=96&d=mm&r=g","caption":"contenido"}}]}},"publishpress_future_action":{"enabled":false,"date":"2026-05-03 07:23:11","action":"change-status","newStatus":"draft","terms":[],"taxonomy":"category","extraData":[]},"publishpress_future_workflow_manual_trigger":{"enabledWorkflows":[]},"_links":{"self":[{"href":"https:\/\/futbolhoy.co\/index.php\/wp-json\/wp\/v2\/posts\/109460","targetHints":{"allow":["GET"]}}],"collection":[{"href":"https:\/\/futbolhoy.co\/index.php\/wp-json\/wp\/v2\/posts"}],"about":[{"href":"https:\/\/futbolhoy.co\/index.php\/wp-json\/wp\/v2\/types\/post"}],"author":[{"embeddable":true,"href":"https:\/\/futbolhoy.co\/index.php\/wp-json\/wp\/v2\/users\/4"}],"replies":[{"embeddable":true,"href":"https:\/\/futbolhoy.co\/index.php\/wp-json\/wp\/v2\/comments?post=109460"}],"version-history":[{"count":1,"href":"https:\/\/futbolhoy.co\/index.php\/wp-json\/wp\/v2\/posts\/109460\/revisions"}],"predecessor-version":[{"id":109462,"href":"https:\/\/futbolhoy.co\/index.php\/wp-json\/wp\/v2\/posts\/109460\/revisions\/109462"}],"wp:featuredmedia":[{"embeddable":true,"href":"https:\/\/futbolhoy.co\/index.php\/wp-json\/wp\/v2\/media\/109461"}],"wp:attachment":[{"href":"https:\/\/futbolhoy.co\/index.php\/wp-json\/wp\/v2\/media?parent=109460"}],"wp:term":[{"taxonomy":"category","embeddable":true,"href":"https:\/\/futbolhoy.co\/index.php\/wp-json\/wp\/v2\/categories?post=109460"},{"taxonomy":"post_tag","embeddable":true,"href":"https:\/\/futbolhoy.co\/index.php\/wp-json\/wp\/v2\/tags?post=109460"}],"curies":[{"name":"wp","href":"https:\/\/api.w.org\/{rel}","templated":true}]}}