{"id":109478,"date":"2024-06-15T18:55:11","date_gmt":"2024-06-15T23:55:11","guid":{"rendered":"https:\/\/futbolhoy.co\/?p=109478"},"modified":"2024-06-16T11:37:06","modified_gmt":"2024-06-16T16:37:06","slug":"nacional-anuncia-a-ospina-el-buen-hijo-vuelve-a-casa","status":"publish","type":"post","link":"https:\/\/futbolhoy.co\/index.php\/2024\/06\/15\/nacional-anuncia-a-ospina-el-buen-hijo-vuelve-a-casa\/","title":{"rendered":"Nacional anuncia a Ospina: \u201cEl buen hijo vuelve a casa\u201d"},"content":{"rendered":"<p style=\"text-align: justify;\"><span style=\"font-family: helvetica, arial, sans-serif;\"><strong>Atl\u00e9tico Nacional<\/strong> hizo oficial una de las incorporaciones de m\u00e1s renombre en los \u00faltimos a\u00f1os en la <strong>Liga BetPlay.<\/strong> Se trata del tan ansiado regreso de <strong>David Ospina<\/strong>, quien qued\u00f3 como agente libre luego de su paso por el<strong> Al Nassr<\/strong> de la<strong> Liga de Arabia Saudita,<\/strong> para el que jug\u00f3 29 partidos y en el que vivi\u00f3 una de las lesiones m\u00e1s graves de su carrera.<\/span><\/p>\n<p style=\"text-align: justify;\"><span style=\"font-family: helvetica, arial, sans-serif;\"><strong>\u201cEl buen hijo vuelve a casa\u201d,<\/strong> fue la descripci\u00f3n que acompa\u00f1\u00f3 el video con el que se anunci\u00f3 la vuelta de Ospina a la instituci\u00f3n. Adem\u00e1s, uno de los protagonistas del clip fue el m\u00edtico <strong>Ren\u00e9 Higuita,<\/strong> que es quien le pone la camiseta con el n\u00famero 1 en el camerino.<\/span><\/p>\n<p style=\"text-align: justify;\"><span style=\"font-family: helvetica, arial, sans-serif;\">Luego de 16 a\u00f1os, el arquero se volver\u00e1 a infundir la camiseta del club que lo vio nacer profesionalmente. El arquero de la <strong>Selecci\u00f3n Colombia<\/strong> ya sabe lo que es ser campe\u00f3n con la instituci\u00f3n, luego de los t\u00edtulos en el <strong>Clausura 2005, el Apertura 2007 y el Finalizaci\u00f3n 2007<\/strong>. En su primera etapa con el club, disput\u00f3 111 encuentros.<\/span><\/p>\n<p style=\"text-align: justify;\"><span style=\"font-family: helvetica, arial, sans-serif;\">Tras su paso por clubes como <strong>Niza, Arsenal y Napoli,<\/strong> en <strong>Europa<\/strong>, y Al Nassr entre 2022 y 2024, el arquero antioque\u00f1o de 35 a\u00f1os llega al club Verdolaga en un momento clave, pues iniciar\u00e1 la reconstrucci\u00f3n con otros nombres como los de Edwin Cardona, quien ya fue anunciado con anterioridad.<\/span><\/p>\n<blockquote class=\"twitter-tweet\" data-media-max-width=\"560\">\n<p dir=\"ltr\" lang=\"es\">\u201cEl buen hijo vuelve a casa\u201d \ud83e\udd79\ud83d\ude2d\ud83e\udd34<a href=\"https:\/\/twitter.com\/hashtag\/VOLVEREMOS?src=hash&amp;ref_src=twsrc%5Etfw\">#VOLVEREMOS<\/a><a href=\"https:\/\/twitter.com\/hashtag\/VamosNacional?src=hash&amp;ref_src=twsrc%5Etfw\">#VamosNacional<\/a>\ud83c\uddf3\ud83c\uddec <a href=\"https:\/\/t.co\/5oa0HpI0BB\">pic.twitter.com\/5oa0HpI0BB<\/a><\/p>\n<p>\u2014 Atl\u00e9tico Nacional (@nacionaloficial) <a href=\"https:\/\/twitter.com\/nacionaloficial\/status\/1802113865531924555?ref_src=twsrc%5Etfw\">June 15, 2024<\/a><\/p><\/blockquote>\n<p><script async src=\"https:\/\/platform.twitter.com\/widgets.js\" charset=\"utf-8\"><\/script><\/p>\n","protected":false},"excerpt":{"rendered":"<p>Atl\u00e9tico Nacional hizo oficial una de las incorporaciones de m\u00e1s renombre en los \u00faltimos a\u00f1os en la Liga BetPlay. Se trata del tan ansiado regreso de David Ospina, quien qued\u00f3 como agente libre luego de su paso por el Al Nassr de la Liga de Arabia Saudita, para el que jug\u00f3 29 partidos y en [&hellip;]<\/p>\n","protected":false},"author":4,"featured_media":109479,"comment_status":"open","ping_status":"open","sticky":false,"template":"","format":"standard","meta":{"_acf_changed":false,"footnotes":""},"categories":[7],"tags":[],"class_list":{"0":"post-109478","1":"post","2":"type-post","3":"status-publish","4":"format-standard","5":"has-post-thumbnail","7":"category-liga-betplay"},"acf":[],"yoast_head":"<!-- This site is optimized with the Yoast SEO plugin v26.8 - https:\/\/yoast.com\/product\/yoast-seo-wordpress\/ -->\n<title>Nacional anuncia a Ospina: \u201cEl buen hijo vuelve a casa\u201d -<\/title>\n<meta name=\"robots\" content=\"index, follow, max-snippet:-1, max-image-preview:large, max-video-preview:-1\" \/>\n<link rel=\"canonical\" href=\"https:\/\/futbolhoy.co\/index.php\/2024\/06\/15\/nacional-anuncia-a-ospina-el-buen-hijo-vuelve-a-casa\/\" \/>\n<meta property=\"og:locale\" content=\"es_ES\" \/>\n<meta property=\"og:type\" content=\"article\" \/>\n<meta property=\"og:title\" content=\"Nacional anuncia a Ospina: \u201cEl buen hijo vuelve a casa\u201d -\" \/>\n<meta property=\"og:description\" content=\"Atl\u00e9tico Nacional hizo oficial una de las incorporaciones de m\u00e1s renombre en los \u00faltimos a\u00f1os en la Liga BetPlay. Se trata del tan ansiado regreso de David Ospina, quien qued\u00f3 como agente libre luego de su paso por el Al Nassr de la Liga de Arabia Saudita, para el que jug\u00f3 29 partidos y en [&hellip;]\" \/>\n<meta property=\"og:url\" content=\"https:\/\/futbolhoy.co\/index.php\/2024\/06\/15\/nacional-anuncia-a-ospina-el-buen-hijo-vuelve-a-casa\/\" \/>\n<meta property=\"article:publisher\" content=\"https:\/\/www.facebook.com\/FutbolHoyCol\/\" \/>\n<meta property=\"article:published_time\" content=\"2024-06-15T23:55:11+00:00\" \/>\n<meta property=\"article:modified_time\" content=\"2024-06-16T16:37:06+00:00\" \/>\n<meta property=\"og:image\" content=\"https:\/\/futbolhoy.co\/wp-content\/uploads\/2024\/06\/David-Ospina.png\" \/>\n\t<meta property=\"og:image:width\" content=\"838\" \/>\n\t<meta property=\"og:image:height\" content=\"429\" \/>\n\t<meta property=\"og:image:type\" content=\"image\/png\" \/>\n<meta name=\"author\" content=\"contenido\" \/>\n<meta name=\"twitter:card\" content=\"summary_large_image\" \/>\n<meta name=\"twitter:creator\" content=\"@FutbolHoyCol\" \/>\n<meta name=\"twitter:site\" content=\"@FutbolHoyCol\" \/>\n<meta name=\"twitter:label1\" content=\"Escrito por\" \/>\n\t<meta name=\"twitter:data1\" content=\"contenido\" \/>\n\t<meta name=\"twitter:label2\" content=\"Tiempo de lectura\" \/>\n\t<meta name=\"twitter:data2\" content=\"1 minuto\" \/>\n<script type=\"application\/ld+json\" class=\"yoast-schema-graph\">{\"@context\":\"https:\/\/schema.org\",\"@graph\":[{\"@type\":\"Article\",\"@id\":\"https:\/\/futbolhoy.co\/index.php\/2024\/06\/15\/nacional-anuncia-a-ospina-el-buen-hijo-vuelve-a-casa\/#article\",\"isPartOf\":{\"@id\":\"https:\/\/futbolhoy.co\/index.php\/2024\/06\/15\/nacional-anuncia-a-ospina-el-buen-hijo-vuelve-a-casa\/\"},\"author\":{\"name\":\"contenido\",\"@id\":\"https:\/\/futbolhoy.co\/#\/schema\/person\/1721b69355b6623eaff15ac7b92d4cc3\"},\"headline\":\"Nacional anuncia a Ospina: \u201cEl buen hijo vuelve a casa\u201d\",\"datePublished\":\"2024-06-15T23:55:11+00:00\",\"dateModified\":\"2024-06-16T16:37:06+00:00\",\"mainEntityOfPage\":{\"@id\":\"https:\/\/futbolhoy.co\/index.php\/2024\/06\/15\/nacional-anuncia-a-ospina-el-buen-hijo-vuelve-a-casa\/\"},\"wordCount\":266,\"commentCount\":0,\"publisher\":{\"@id\":\"https:\/\/futbolhoy.co\/#organization\"},\"image\":{\"@id\":\"https:\/\/futbolhoy.co\/index.php\/2024\/06\/15\/nacional-anuncia-a-ospina-el-buen-hijo-vuelve-a-casa\/#primaryimage\"},\"thumbnailUrl\":\"https:\/\/futbolhoy.co\/wp-content\/uploads\/2024\/06\/David-Ospina.png\",\"articleSection\":[\"Liga BetPlay\"],\"inLanguage\":\"es\",\"potentialAction\":[{\"@type\":\"CommentAction\",\"name\":\"Comment\",\"target\":[\"https:\/\/futbolhoy.co\/index.php\/2024\/06\/15\/nacional-anuncia-a-ospina-el-buen-hijo-vuelve-a-casa\/#respond\"]}]},{\"@type\":\"WebPage\",\"@id\":\"https:\/\/futbolhoy.co\/index.php\/2024\/06\/15\/nacional-anuncia-a-ospina-el-buen-hijo-vuelve-a-casa\/\",\"url\":\"https:\/\/futbolhoy.co\/index.php\/2024\/06\/15\/nacional-anuncia-a-ospina-el-buen-hijo-vuelve-a-casa\/\",\"name\":\"Nacional anuncia a Ospina: \u201cEl buen hijo vuelve a casa\u201d -\",\"isPartOf\":{\"@id\":\"https:\/\/futbolhoy.co\/#website\"},\"primaryImageOfPage\":{\"@id\":\"https:\/\/futbolhoy.co\/index.php\/2024\/06\/15\/nacional-anuncia-a-ospina-el-buen-hijo-vuelve-a-casa\/#primaryimage\"},\"image\":{\"@id\":\"https:\/\/futbolhoy.co\/index.php\/2024\/06\/15\/nacional-anuncia-a-ospina-el-buen-hijo-vuelve-a-casa\/#primaryimage\"},\"thumbnailUrl\":\"https:\/\/futbolhoy.co\/wp-content\/uploads\/2024\/06\/David-Ospina.png\",\"datePublished\":\"2024-06-15T23:55:11+00:00\",\"dateModified\":\"2024-06-16T16:37:06+00:00\",\"breadcrumb\":{\"@id\":\"https:\/\/futbolhoy.co\/index.php\/2024\/06\/15\/nacional-anuncia-a-ospina-el-buen-hijo-vuelve-a-casa\/#breadcrumb\"},\"inLanguage\":\"es\",\"potentialAction\":[{\"@type\":\"ReadAction\",\"target\":[\"https:\/\/futbolhoy.co\/index.php\/2024\/06\/15\/nacional-anuncia-a-ospina-el-buen-hijo-vuelve-a-casa\/\"]}]},{\"@type\":\"ImageObject\",\"inLanguage\":\"es\",\"@id\":\"https:\/\/futbolhoy.co\/index.php\/2024\/06\/15\/nacional-anuncia-a-ospina-el-buen-hijo-vuelve-a-casa\/#primaryimage\",\"url\":\"https:\/\/futbolhoy.co\/wp-content\/uploads\/2024\/06\/David-Ospina.png\",\"contentUrl\":\"https:\/\/futbolhoy.co\/wp-content\/uploads\/2024\/06\/David-Ospina.png\",\"width\":838,\"height\":429},{\"@type\":\"BreadcrumbList\",\"@id\":\"https:\/\/futbolhoy.co\/index.php\/2024\/06\/15\/nacional-anuncia-a-ospina-el-buen-hijo-vuelve-a-casa\/#breadcrumb\",\"itemListElement\":[{\"@type\":\"ListItem\",\"position\":1,\"name\":\"Portada\",\"item\":\"https:\/\/futbolhoy.co\/\"},{\"@type\":\"ListItem\",\"position\":2,\"name\":\"Nacional anuncia a Ospina: \u201cEl buen hijo vuelve a casa\u201d\"}]},{\"@type\":\"WebSite\",\"@id\":\"https:\/\/futbolhoy.co\/#website\",\"url\":\"https:\/\/futbolhoy.co\/\",\"name\":\"FutbolHoy\",\"description\":\"\",\"publisher\":{\"@id\":\"https:\/\/futbolhoy.co\/#organization\"},\"potentialAction\":[{\"@type\":\"SearchAction\",\"target\":{\"@type\":\"EntryPoint\",\"urlTemplate\":\"https:\/\/futbolhoy.co\/?s={search_term_string}\"},\"query-input\":{\"@type\":\"PropertyValueSpecification\",\"valueRequired\":true,\"valueName\":\"search_term_string\"}}],\"inLanguage\":\"es\"},{\"@type\":\"Organization\",\"@id\":\"https:\/\/futbolhoy.co\/#organization\",\"name\":\"Futbolhoy.co\",\"url\":\"https:\/\/futbolhoy.co\/\",\"logo\":{\"@type\":\"ImageObject\",\"inLanguage\":\"es\",\"@id\":\"https:\/\/futbolhoy.co\/#\/schema\/logo\/image\/\",\"url\":\"https:\/\/futbolhoy.co\/wp-content\/uploads\/2018\/08\/17426380_1906371736249227_6326180412931521141_n.jpg\",\"contentUrl\":\"https:\/\/futbolhoy.co\/wp-content\/uploads\/2018\/08\/17426380_1906371736249227_6326180412931521141_n.jpg\",\"width\":960,\"height\":960,\"caption\":\"Futbolhoy.co\"},\"image\":{\"@id\":\"https:\/\/futbolhoy.co\/#\/schema\/logo\/image\/\"},\"sameAs\":[\"https:\/\/www.facebook.com\/FutbolHoyCol\/\",\"https:\/\/x.com\/FutbolHoyCol\",\"https:\/\/www.instagram.com\/futbolhoycol\/\"]},{\"@type\":\"Person\",\"@id\":\"https:\/\/futbolhoy.co\/#\/schema\/person\/1721b69355b6623eaff15ac7b92d4cc3\",\"name\":\"contenido\",\"image\":{\"@type\":\"ImageObject\",\"inLanguage\":\"es\",\"@id\":\"https:\/\/futbolhoy.co\/#\/schema\/person\/image\/\",\"url\":\"https:\/\/secure.gravatar.com\/avatar\/4f656d3256f5134f466206e7c3941518?s=96&d=mm&r=g\",\"contentUrl\":\"https:\/\/secure.gravatar.com\/avatar\/4f656d3256f5134f466206e7c3941518?s=96&d=mm&r=g\",\"caption\":\"contenido\"}}]}<\/script>\n<!-- \/ Yoast SEO plugin. -->","yoast_head_json":{"title":"Nacional anuncia a Ospina: \u201cEl buen hijo vuelve a casa\u201d -","robots":{"index":"index","follow":"follow","max-snippet":"max-snippet:-1","max-image-preview":"max-image-preview:large","max-video-preview":"max-video-preview:-1"},"canonical":"https:\/\/futbolhoy.co\/index.php\/2024\/06\/15\/nacional-anuncia-a-ospina-el-buen-hijo-vuelve-a-casa\/","og_locale":"es_ES","og_type":"article","og_title":"Nacional anuncia a Ospina: \u201cEl buen hijo vuelve a casa\u201d -","og_description":"Atl\u00e9tico Nacional hizo oficial una de las incorporaciones de m\u00e1s renombre en los \u00faltimos a\u00f1os en la Liga BetPlay. Se trata del tan ansiado regreso de David Ospina, quien qued\u00f3 como agente libre luego de su paso por el Al Nassr de la Liga de Arabia Saudita, para el que jug\u00f3 29 partidos y en [&hellip;]","og_url":"https:\/\/futbolhoy.co\/index.php\/2024\/06\/15\/nacional-anuncia-a-ospina-el-buen-hijo-vuelve-a-casa\/","article_publisher":"https:\/\/www.facebook.com\/FutbolHoyCol\/","article_published_time":"2024-06-15T23:55:11+00:00","article_modified_time":"2024-06-16T16:37:06+00:00","og_image":[{"width":838,"height":429,"url":"https:\/\/futbolhoy.co\/wp-content\/uploads\/2024\/06\/David-Ospina.png","type":"image\/png"}],"author":"contenido","twitter_card":"summary_large_image","twitter_creator":"@FutbolHoyCol","twitter_site":"@FutbolHoyCol","twitter_misc":{"Escrito por":"contenido","Tiempo de lectura":"1 minuto"},"schema":{"@context":"https:\/\/schema.org","@graph":[{"@type":"Article","@id":"https:\/\/futbolhoy.co\/index.php\/2024\/06\/15\/nacional-anuncia-a-ospina-el-buen-hijo-vuelve-a-casa\/#article","isPartOf":{"@id":"https:\/\/futbolhoy.co\/index.php\/2024\/06\/15\/nacional-anuncia-a-ospina-el-buen-hijo-vuelve-a-casa\/"},"author":{"name":"contenido","@id":"https:\/\/futbolhoy.co\/#\/schema\/person\/1721b69355b6623eaff15ac7b92d4cc3"},"headline":"Nacional anuncia a Ospina: \u201cEl buen hijo vuelve a casa\u201d","datePublished":"2024-06-15T23:55:11+00:00","dateModified":"2024-06-16T16:37:06+00:00","mainEntityOfPage":{"@id":"https:\/\/futbolhoy.co\/index.php\/2024\/06\/15\/nacional-anuncia-a-ospina-el-buen-hijo-vuelve-a-casa\/"},"wordCount":266,"commentCount":0,"publisher":{"@id":"https:\/\/futbolhoy.co\/#organization"},"image":{"@id":"https:\/\/futbolhoy.co\/index.php\/2024\/06\/15\/nacional-anuncia-a-ospina-el-buen-hijo-vuelve-a-casa\/#primaryimage"},"thumbnailUrl":"https:\/\/futbolhoy.co\/wp-content\/uploads\/2024\/06\/David-Ospina.png","articleSection":["Liga BetPlay"],"inLanguage":"es","potentialAction":[{"@type":"CommentAction","name":"Comment","target":["https:\/\/futbolhoy.co\/index.php\/2024\/06\/15\/nacional-anuncia-a-ospina-el-buen-hijo-vuelve-a-casa\/#respond"]}]},{"@type":"WebPage","@id":"https:\/\/futbolhoy.co\/index.php\/2024\/06\/15\/nacional-anuncia-a-ospina-el-buen-hijo-vuelve-a-casa\/","url":"https:\/\/futbolhoy.co\/index.php\/2024\/06\/15\/nacional-anuncia-a-ospina-el-buen-hijo-vuelve-a-casa\/","name":"Nacional anuncia a Ospina: \u201cEl buen hijo vuelve a casa\u201d -","isPartOf":{"@id":"https:\/\/futbolhoy.co\/#website"},"primaryImageOfPage":{"@id":"https:\/\/futbolhoy.co\/index.php\/2024\/06\/15\/nacional-anuncia-a-ospina-el-buen-hijo-vuelve-a-casa\/#primaryimage"},"image":{"@id":"https:\/\/futbolhoy.co\/index.php\/2024\/06\/15\/nacional-anuncia-a-ospina-el-buen-hijo-vuelve-a-casa\/#primaryimage"},"thumbnailUrl":"https:\/\/futbolhoy.co\/wp-content\/uploads\/2024\/06\/David-Ospina.png","datePublished":"2024-06-15T23:55:11+00:00","dateModified":"2024-06-16T16:37:06+00:00","breadcrumb":{"@id":"https:\/\/futbolhoy.co\/index.php\/2024\/06\/15\/nacional-anuncia-a-ospina-el-buen-hijo-vuelve-a-casa\/#breadcrumb"},"inLanguage":"es","potentialAction":[{"@type":"ReadAction","target":["https:\/\/futbolhoy.co\/index.php\/2024\/06\/15\/nacional-anuncia-a-ospina-el-buen-hijo-vuelve-a-casa\/"]}]},{"@type":"ImageObject","inLanguage":"es","@id":"https:\/\/futbolhoy.co\/index.php\/2024\/06\/15\/nacional-anuncia-a-ospina-el-buen-hijo-vuelve-a-casa\/#primaryimage","url":"https:\/\/futbolhoy.co\/wp-content\/uploads\/2024\/06\/David-Ospina.png","contentUrl":"https:\/\/futbolhoy.co\/wp-content\/uploads\/2024\/06\/David-Ospina.png","width":838,"height":429},{"@type":"BreadcrumbList","@id":"https:\/\/futbolhoy.co\/index.php\/2024\/06\/15\/nacional-anuncia-a-ospina-el-buen-hijo-vuelve-a-casa\/#breadcrumb","itemListElement":[{"@type":"ListItem","position":1,"name":"Portada","item":"https:\/\/futbolhoy.co\/"},{"@type":"ListItem","position":2,"name":"Nacional anuncia a Ospina: \u201cEl buen hijo vuelve a casa\u201d"}]},{"@type":"WebSite","@id":"https:\/\/futbolhoy.co\/#website","url":"https:\/\/futbolhoy.co\/","name":"FutbolHoy","description":"","publisher":{"@id":"https:\/\/futbolhoy.co\/#organization"},"potentialAction":[{"@type":"SearchAction","target":{"@type":"EntryPoint","urlTemplate":"https:\/\/futbolhoy.co\/?s={search_term_string}"},"query-input":{"@type":"PropertyValueSpecification","valueRequired":true,"valueName":"search_term_string"}}],"inLanguage":"es"},{"@type":"Organization","@id":"https:\/\/futbolhoy.co\/#organization","name":"Futbolhoy.co","url":"https:\/\/futbolhoy.co\/","logo":{"@type":"ImageObject","inLanguage":"es","@id":"https:\/\/futbolhoy.co\/#\/schema\/logo\/image\/","url":"https:\/\/futbolhoy.co\/wp-content\/uploads\/2018\/08\/17426380_1906371736249227_6326180412931521141_n.jpg","contentUrl":"https:\/\/futbolhoy.co\/wp-content\/uploads\/2018\/08\/17426380_1906371736249227_6326180412931521141_n.jpg","width":960,"height":960,"caption":"Futbolhoy.co"},"image":{"@id":"https:\/\/futbolhoy.co\/#\/schema\/logo\/image\/"},"sameAs":["https:\/\/www.facebook.com\/FutbolHoyCol\/","https:\/\/x.com\/FutbolHoyCol","https:\/\/www.instagram.com\/futbolhoycol\/"]},{"@type":"Person","@id":"https:\/\/futbolhoy.co\/#\/schema\/person\/1721b69355b6623eaff15ac7b92d4cc3","name":"contenido","image":{"@type":"ImageObject","inLanguage":"es","@id":"https:\/\/futbolhoy.co\/#\/schema\/person\/image\/","url":"https:\/\/secure.gravatar.com\/avatar\/4f656d3256f5134f466206e7c3941518?s=96&d=mm&r=g","contentUrl":"https:\/\/secure.gravatar.com\/avatar\/4f656d3256f5134f466206e7c3941518?s=96&d=mm&r=g","caption":"contenido"}}]}},"publishpress_future_action":{"enabled":false,"date":"2026-05-03 21:41:34","action":"change-status","newStatus":"draft","terms":[],"taxonomy":"category","extraData":[]},"publishpress_future_workflow_manual_trigger":{"enabledWorkflows":[]},"_links":{"self":[{"href":"https:\/\/futbolhoy.co\/index.php\/wp-json\/wp\/v2\/posts\/109478","targetHints":{"allow":["GET"]}}],"collection":[{"href":"https:\/\/futbolhoy.co\/index.php\/wp-json\/wp\/v2\/posts"}],"about":[{"href":"https:\/\/futbolhoy.co\/index.php\/wp-json\/wp\/v2\/types\/post"}],"author":[{"embeddable":true,"href":"https:\/\/futbolhoy.co\/index.php\/wp-json\/wp\/v2\/users\/4"}],"replies":[{"embeddable":true,"href":"https:\/\/futbolhoy.co\/index.php\/wp-json\/wp\/v2\/comments?post=109478"}],"version-history":[{"count":1,"href":"https:\/\/futbolhoy.co\/index.php\/wp-json\/wp\/v2\/posts\/109478\/revisions"}],"predecessor-version":[{"id":109480,"href":"https:\/\/futbolhoy.co\/index.php\/wp-json\/wp\/v2\/posts\/109478\/revisions\/109480"}],"wp:featuredmedia":[{"embeddable":true,"href":"https:\/\/futbolhoy.co\/index.php\/wp-json\/wp\/v2\/media\/109479"}],"wp:attachment":[{"href":"https:\/\/futbolhoy.co\/index.php\/wp-json\/wp\/v2\/media?parent=109478"}],"wp:term":[{"taxonomy":"category","embeddable":true,"href":"https:\/\/futbolhoy.co\/index.php\/wp-json\/wp\/v2\/categories?post=109478"},{"taxonomy":"post_tag","embeddable":true,"href":"https:\/\/futbolhoy.co\/index.php\/wp-json\/wp\/v2\/tags?post=109478"}],"curies":[{"name":"wp","href":"https:\/\/api.w.org\/{rel}","templated":true}]}}