{"id":109501,"date":"2024-06-16T10:51:48","date_gmt":"2024-06-16T15:51:48","guid":{"rendered":"https:\/\/futbolhoy.co\/?p=109501"},"modified":"2024-06-17T10:36:51","modified_gmt":"2024-06-17T15:36:51","slug":"rafael-dudamel-primera-mision-cumplida","status":"publish","type":"post","link":"https:\/\/futbolhoy.co\/index.php\/2024\/06\/16\/rafael-dudamel-primera-mision-cumplida\/","title":{"rendered":"Rafael Dudamel: \u201cPrimera misi\u00f3n cumplida\u201d"},"content":{"rendered":"<p style=\"text-align: justify;\"><span style=\"font-family: helvetica, arial, sans-serif;\"><strong>Rafael Dudamel<\/strong> fue el entrenador que condujo al <strong>Atl\u00e9tico Bucaramanga<\/strong> a su primera estrella luego de 75 a\u00f1os de espera, desde que se fund\u00f3 la instituci\u00f3n. El t\u00e9cnico venezolano conquist\u00f3 su segundo t\u00edtulo en la <strong>Liga colombiana,<\/strong> luego del logrado con<strong> Deportivo Cali<\/strong> en 2021.<\/span><\/p>\n<p style=\"text-align: justify;\"><span style=\"font-family: helvetica, arial, sans-serif;\">Respecto a lo que se viene para el club, manifest\u00f3 que habr\u00e1 que seguir creciendo y aprendiendo, pues la primera tarea est\u00e1 hecha, pero lo pr\u00f3ximo ser\u00e1, en el 2025, afrontar la <strong>Copa Libertadores.<\/strong><\/span><\/p>\n<p style=\"text-align: justify;\"><span style=\"font-family: helvetica, arial, sans-serif;\">\u201cPrimera misi\u00f3n cumplida. Esto nos hace visualizar el futuro con mucho optimismo, tenemos que seguir creciendo todos, desde lo cultural, como ciudad, el estadio y nosotros como entrenadores, jugadores, tenemos que empezar a replantearnos todo lo que viene\u201d, dijo el entrenador de 51 a\u00f1os.<\/span><\/p>\n<p style=\"text-align: justify;\"><span style=\"font-family: helvetica, arial, sans-serif;\">Por su parte, cuando se le pregunt\u00f3 por su \u00e9xito en dos oportunidades en poco tiempo, tanto con el Cali como ahora con Bucaramanga, dijo:\u201cEl trabajo y la calidad de los jugadores son indispensables para poder triunfar\u201d.<\/span><\/p>\n","protected":false},"excerpt":{"rendered":"<p>Rafael Dudamel fue el entrenador que condujo al Atl\u00e9tico Bucaramanga a su primera estrella luego de 75 a\u00f1os de espera, desde que se fund\u00f3 la instituci\u00f3n. El t\u00e9cnico venezolano conquist\u00f3 su segundo t\u00edtulo en la Liga colombiana, luego del logrado con Deportivo Cali en 2021. Respecto a lo que se viene para el club, manifest\u00f3 [&hellip;]<\/p>\n","protected":false},"author":4,"featured_media":109502,"comment_status":"open","ping_status":"open","sticky":false,"template":"","format":"standard","meta":{"_acf_changed":false,"footnotes":""},"categories":[7],"tags":[],"class_list":{"0":"post-109501","1":"post","2":"type-post","3":"status-publish","4":"format-standard","5":"has-post-thumbnail","7":"category-liga-betplay"},"acf":[],"yoast_head":"<!-- This site is optimized with the Yoast SEO plugin v26.8 - https:\/\/yoast.com\/product\/yoast-seo-wordpress\/ -->\n<title>Rafael Dudamel: \u201cPrimera misi\u00f3n cumplida\u201d -<\/title>\n<meta name=\"robots\" content=\"index, follow, max-snippet:-1, max-image-preview:large, max-video-preview:-1\" \/>\n<link rel=\"canonical\" href=\"https:\/\/futbolhoy.co\/index.php\/2024\/06\/16\/rafael-dudamel-primera-mision-cumplida\/\" \/>\n<meta property=\"og:locale\" content=\"es_ES\" \/>\n<meta property=\"og:type\" content=\"article\" \/>\n<meta property=\"og:title\" content=\"Rafael Dudamel: \u201cPrimera misi\u00f3n cumplida\u201d -\" \/>\n<meta property=\"og:description\" content=\"Rafael Dudamel fue el entrenador que condujo al Atl\u00e9tico Bucaramanga a su primera estrella luego de 75 a\u00f1os de espera, desde que se fund\u00f3 la instituci\u00f3n. El t\u00e9cnico venezolano conquist\u00f3 su segundo t\u00edtulo en la Liga colombiana, luego del logrado con Deportivo Cali en 2021. Respecto a lo que se viene para el club, manifest\u00f3 [&hellip;]\" \/>\n<meta property=\"og:url\" content=\"https:\/\/futbolhoy.co\/index.php\/2024\/06\/16\/rafael-dudamel-primera-mision-cumplida\/\" \/>\n<meta property=\"article:publisher\" content=\"https:\/\/www.facebook.com\/FutbolHoyCol\/\" \/>\n<meta property=\"article:published_time\" content=\"2024-06-16T15:51:48+00:00\" \/>\n<meta property=\"article:modified_time\" content=\"2024-06-17T15:36:51+00:00\" \/>\n<meta property=\"og:image\" content=\"https:\/\/futbolhoy.co\/wp-content\/uploads\/2024\/06\/WhatsApp-Image-2024-06-16-at-10.51.17-AM.jpeg\" \/>\n\t<meta property=\"og:image:width\" content=\"1179\" \/>\n\t<meta property=\"og:image:height\" content=\"1134\" \/>\n\t<meta property=\"og:image:type\" content=\"image\/jpeg\" \/>\n<meta name=\"author\" content=\"contenido\" \/>\n<meta name=\"twitter:card\" content=\"summary_large_image\" \/>\n<meta name=\"twitter:creator\" content=\"@FutbolHoyCol\" \/>\n<meta name=\"twitter:site\" content=\"@FutbolHoyCol\" \/>\n<meta name=\"twitter:label1\" content=\"Escrito por\" \/>\n\t<meta name=\"twitter:data1\" content=\"contenido\" \/>\n\t<meta name=\"twitter:label2\" content=\"Tiempo de lectura\" \/>\n\t<meta name=\"twitter:data2\" content=\"1 minuto\" \/>\n<script type=\"application\/ld+json\" class=\"yoast-schema-graph\">{\"@context\":\"https:\/\/schema.org\",\"@graph\":[{\"@type\":\"Article\",\"@id\":\"https:\/\/futbolhoy.co\/index.php\/2024\/06\/16\/rafael-dudamel-primera-mision-cumplida\/#article\",\"isPartOf\":{\"@id\":\"https:\/\/futbolhoy.co\/index.php\/2024\/06\/16\/rafael-dudamel-primera-mision-cumplida\/\"},\"author\":{\"name\":\"contenido\",\"@id\":\"https:\/\/futbolhoy.co\/#\/schema\/person\/1721b69355b6623eaff15ac7b92d4cc3\"},\"headline\":\"Rafael Dudamel: \u201cPrimera misi\u00f3n cumplida\u201d\",\"datePublished\":\"2024-06-16T15:51:48+00:00\",\"dateModified\":\"2024-06-17T15:36:51+00:00\",\"mainEntityOfPage\":{\"@id\":\"https:\/\/futbolhoy.co\/index.php\/2024\/06\/16\/rafael-dudamel-primera-mision-cumplida\/\"},\"wordCount\":171,\"commentCount\":0,\"publisher\":{\"@id\":\"https:\/\/futbolhoy.co\/#organization\"},\"image\":{\"@id\":\"https:\/\/futbolhoy.co\/index.php\/2024\/06\/16\/rafael-dudamel-primera-mision-cumplida\/#primaryimage\"},\"thumbnailUrl\":\"https:\/\/futbolhoy.co\/wp-content\/uploads\/2024\/06\/WhatsApp-Image-2024-06-16-at-10.51.17-AM.jpeg\",\"articleSection\":[\"Liga BetPlay\"],\"inLanguage\":\"es\",\"potentialAction\":[{\"@type\":\"CommentAction\",\"name\":\"Comment\",\"target\":[\"https:\/\/futbolhoy.co\/index.php\/2024\/06\/16\/rafael-dudamel-primera-mision-cumplida\/#respond\"]}]},{\"@type\":\"WebPage\",\"@id\":\"https:\/\/futbolhoy.co\/index.php\/2024\/06\/16\/rafael-dudamel-primera-mision-cumplida\/\",\"url\":\"https:\/\/futbolhoy.co\/index.php\/2024\/06\/16\/rafael-dudamel-primera-mision-cumplida\/\",\"name\":\"Rafael Dudamel: \u201cPrimera misi\u00f3n cumplida\u201d -\",\"isPartOf\":{\"@id\":\"https:\/\/futbolhoy.co\/#website\"},\"primaryImageOfPage\":{\"@id\":\"https:\/\/futbolhoy.co\/index.php\/2024\/06\/16\/rafael-dudamel-primera-mision-cumplida\/#primaryimage\"},\"image\":{\"@id\":\"https:\/\/futbolhoy.co\/index.php\/2024\/06\/16\/rafael-dudamel-primera-mision-cumplida\/#primaryimage\"},\"thumbnailUrl\":\"https:\/\/futbolhoy.co\/wp-content\/uploads\/2024\/06\/WhatsApp-Image-2024-06-16-at-10.51.17-AM.jpeg\",\"datePublished\":\"2024-06-16T15:51:48+00:00\",\"dateModified\":\"2024-06-17T15:36:51+00:00\",\"breadcrumb\":{\"@id\":\"https:\/\/futbolhoy.co\/index.php\/2024\/06\/16\/rafael-dudamel-primera-mision-cumplida\/#breadcrumb\"},\"inLanguage\":\"es\",\"potentialAction\":[{\"@type\":\"ReadAction\",\"target\":[\"https:\/\/futbolhoy.co\/index.php\/2024\/06\/16\/rafael-dudamel-primera-mision-cumplida\/\"]}]},{\"@type\":\"ImageObject\",\"inLanguage\":\"es\",\"@id\":\"https:\/\/futbolhoy.co\/index.php\/2024\/06\/16\/rafael-dudamel-primera-mision-cumplida\/#primaryimage\",\"url\":\"https:\/\/futbolhoy.co\/wp-content\/uploads\/2024\/06\/WhatsApp-Image-2024-06-16-at-10.51.17-AM.jpeg\",\"contentUrl\":\"https:\/\/futbolhoy.co\/wp-content\/uploads\/2024\/06\/WhatsApp-Image-2024-06-16-at-10.51.17-AM.jpeg\",\"width\":1179,\"height\":1134},{\"@type\":\"BreadcrumbList\",\"@id\":\"https:\/\/futbolhoy.co\/index.php\/2024\/06\/16\/rafael-dudamel-primera-mision-cumplida\/#breadcrumb\",\"itemListElement\":[{\"@type\":\"ListItem\",\"position\":1,\"name\":\"Portada\",\"item\":\"https:\/\/futbolhoy.co\/\"},{\"@type\":\"ListItem\",\"position\":2,\"name\":\"Rafael Dudamel: \u201cPrimera misi\u00f3n cumplida\u201d\"}]},{\"@type\":\"WebSite\",\"@id\":\"https:\/\/futbolhoy.co\/#website\",\"url\":\"https:\/\/futbolhoy.co\/\",\"name\":\"FutbolHoy\",\"description\":\"\",\"publisher\":{\"@id\":\"https:\/\/futbolhoy.co\/#organization\"},\"potentialAction\":[{\"@type\":\"SearchAction\",\"target\":{\"@type\":\"EntryPoint\",\"urlTemplate\":\"https:\/\/futbolhoy.co\/?s={search_term_string}\"},\"query-input\":{\"@type\":\"PropertyValueSpecification\",\"valueRequired\":true,\"valueName\":\"search_term_string\"}}],\"inLanguage\":\"es\"},{\"@type\":\"Organization\",\"@id\":\"https:\/\/futbolhoy.co\/#organization\",\"name\":\"Futbolhoy.co\",\"url\":\"https:\/\/futbolhoy.co\/\",\"logo\":{\"@type\":\"ImageObject\",\"inLanguage\":\"es\",\"@id\":\"https:\/\/futbolhoy.co\/#\/schema\/logo\/image\/\",\"url\":\"https:\/\/futbolhoy.co\/wp-content\/uploads\/2018\/08\/17426380_1906371736249227_6326180412931521141_n.jpg\",\"contentUrl\":\"https:\/\/futbolhoy.co\/wp-content\/uploads\/2018\/08\/17426380_1906371736249227_6326180412931521141_n.jpg\",\"width\":960,\"height\":960,\"caption\":\"Futbolhoy.co\"},\"image\":{\"@id\":\"https:\/\/futbolhoy.co\/#\/schema\/logo\/image\/\"},\"sameAs\":[\"https:\/\/www.facebook.com\/FutbolHoyCol\/\",\"https:\/\/x.com\/FutbolHoyCol\",\"https:\/\/www.instagram.com\/futbolhoycol\/\"]},{\"@type\":\"Person\",\"@id\":\"https:\/\/futbolhoy.co\/#\/schema\/person\/1721b69355b6623eaff15ac7b92d4cc3\",\"name\":\"contenido\",\"image\":{\"@type\":\"ImageObject\",\"inLanguage\":\"es\",\"@id\":\"https:\/\/futbolhoy.co\/#\/schema\/person\/image\/\",\"url\":\"https:\/\/secure.gravatar.com\/avatar\/4f656d3256f5134f466206e7c3941518?s=96&d=mm&r=g\",\"contentUrl\":\"https:\/\/secure.gravatar.com\/avatar\/4f656d3256f5134f466206e7c3941518?s=96&d=mm&r=g\",\"caption\":\"contenido\"}}]}<\/script>\n<!-- \/ Yoast SEO plugin. -->","yoast_head_json":{"title":"Rafael Dudamel: \u201cPrimera misi\u00f3n cumplida\u201d -","robots":{"index":"index","follow":"follow","max-snippet":"max-snippet:-1","max-image-preview":"max-image-preview:large","max-video-preview":"max-video-preview:-1"},"canonical":"https:\/\/futbolhoy.co\/index.php\/2024\/06\/16\/rafael-dudamel-primera-mision-cumplida\/","og_locale":"es_ES","og_type":"article","og_title":"Rafael Dudamel: \u201cPrimera misi\u00f3n cumplida\u201d -","og_description":"Rafael Dudamel fue el entrenador que condujo al Atl\u00e9tico Bucaramanga a su primera estrella luego de 75 a\u00f1os de espera, desde que se fund\u00f3 la instituci\u00f3n. El t\u00e9cnico venezolano conquist\u00f3 su segundo t\u00edtulo en la Liga colombiana, luego del logrado con Deportivo Cali en 2021. Respecto a lo que se viene para el club, manifest\u00f3 [&hellip;]","og_url":"https:\/\/futbolhoy.co\/index.php\/2024\/06\/16\/rafael-dudamel-primera-mision-cumplida\/","article_publisher":"https:\/\/www.facebook.com\/FutbolHoyCol\/","article_published_time":"2024-06-16T15:51:48+00:00","article_modified_time":"2024-06-17T15:36:51+00:00","og_image":[{"width":1179,"height":1134,"url":"https:\/\/futbolhoy.co\/wp-content\/uploads\/2024\/06\/WhatsApp-Image-2024-06-16-at-10.51.17-AM.jpeg","type":"image\/jpeg"}],"author":"contenido","twitter_card":"summary_large_image","twitter_creator":"@FutbolHoyCol","twitter_site":"@FutbolHoyCol","twitter_misc":{"Escrito por":"contenido","Tiempo de lectura":"1 minuto"},"schema":{"@context":"https:\/\/schema.org","@graph":[{"@type":"Article","@id":"https:\/\/futbolhoy.co\/index.php\/2024\/06\/16\/rafael-dudamel-primera-mision-cumplida\/#article","isPartOf":{"@id":"https:\/\/futbolhoy.co\/index.php\/2024\/06\/16\/rafael-dudamel-primera-mision-cumplida\/"},"author":{"name":"contenido","@id":"https:\/\/futbolhoy.co\/#\/schema\/person\/1721b69355b6623eaff15ac7b92d4cc3"},"headline":"Rafael Dudamel: \u201cPrimera misi\u00f3n cumplida\u201d","datePublished":"2024-06-16T15:51:48+00:00","dateModified":"2024-06-17T15:36:51+00:00","mainEntityOfPage":{"@id":"https:\/\/futbolhoy.co\/index.php\/2024\/06\/16\/rafael-dudamel-primera-mision-cumplida\/"},"wordCount":171,"commentCount":0,"publisher":{"@id":"https:\/\/futbolhoy.co\/#organization"},"image":{"@id":"https:\/\/futbolhoy.co\/index.php\/2024\/06\/16\/rafael-dudamel-primera-mision-cumplida\/#primaryimage"},"thumbnailUrl":"https:\/\/futbolhoy.co\/wp-content\/uploads\/2024\/06\/WhatsApp-Image-2024-06-16-at-10.51.17-AM.jpeg","articleSection":["Liga BetPlay"],"inLanguage":"es","potentialAction":[{"@type":"CommentAction","name":"Comment","target":["https:\/\/futbolhoy.co\/index.php\/2024\/06\/16\/rafael-dudamel-primera-mision-cumplida\/#respond"]}]},{"@type":"WebPage","@id":"https:\/\/futbolhoy.co\/index.php\/2024\/06\/16\/rafael-dudamel-primera-mision-cumplida\/","url":"https:\/\/futbolhoy.co\/index.php\/2024\/06\/16\/rafael-dudamel-primera-mision-cumplida\/","name":"Rafael Dudamel: \u201cPrimera misi\u00f3n cumplida\u201d -","isPartOf":{"@id":"https:\/\/futbolhoy.co\/#website"},"primaryImageOfPage":{"@id":"https:\/\/futbolhoy.co\/index.php\/2024\/06\/16\/rafael-dudamel-primera-mision-cumplida\/#primaryimage"},"image":{"@id":"https:\/\/futbolhoy.co\/index.php\/2024\/06\/16\/rafael-dudamel-primera-mision-cumplida\/#primaryimage"},"thumbnailUrl":"https:\/\/futbolhoy.co\/wp-content\/uploads\/2024\/06\/WhatsApp-Image-2024-06-16-at-10.51.17-AM.jpeg","datePublished":"2024-06-16T15:51:48+00:00","dateModified":"2024-06-17T15:36:51+00:00","breadcrumb":{"@id":"https:\/\/futbolhoy.co\/index.php\/2024\/06\/16\/rafael-dudamel-primera-mision-cumplida\/#breadcrumb"},"inLanguage":"es","potentialAction":[{"@type":"ReadAction","target":["https:\/\/futbolhoy.co\/index.php\/2024\/06\/16\/rafael-dudamel-primera-mision-cumplida\/"]}]},{"@type":"ImageObject","inLanguage":"es","@id":"https:\/\/futbolhoy.co\/index.php\/2024\/06\/16\/rafael-dudamel-primera-mision-cumplida\/#primaryimage","url":"https:\/\/futbolhoy.co\/wp-content\/uploads\/2024\/06\/WhatsApp-Image-2024-06-16-at-10.51.17-AM.jpeg","contentUrl":"https:\/\/futbolhoy.co\/wp-content\/uploads\/2024\/06\/WhatsApp-Image-2024-06-16-at-10.51.17-AM.jpeg","width":1179,"height":1134},{"@type":"BreadcrumbList","@id":"https:\/\/futbolhoy.co\/index.php\/2024\/06\/16\/rafael-dudamel-primera-mision-cumplida\/#breadcrumb","itemListElement":[{"@type":"ListItem","position":1,"name":"Portada","item":"https:\/\/futbolhoy.co\/"},{"@type":"ListItem","position":2,"name":"Rafael Dudamel: \u201cPrimera misi\u00f3n cumplida\u201d"}]},{"@type":"WebSite","@id":"https:\/\/futbolhoy.co\/#website","url":"https:\/\/futbolhoy.co\/","name":"FutbolHoy","description":"","publisher":{"@id":"https:\/\/futbolhoy.co\/#organization"},"potentialAction":[{"@type":"SearchAction","target":{"@type":"EntryPoint","urlTemplate":"https:\/\/futbolhoy.co\/?s={search_term_string}"},"query-input":{"@type":"PropertyValueSpecification","valueRequired":true,"valueName":"search_term_string"}}],"inLanguage":"es"},{"@type":"Organization","@id":"https:\/\/futbolhoy.co\/#organization","name":"Futbolhoy.co","url":"https:\/\/futbolhoy.co\/","logo":{"@type":"ImageObject","inLanguage":"es","@id":"https:\/\/futbolhoy.co\/#\/schema\/logo\/image\/","url":"https:\/\/futbolhoy.co\/wp-content\/uploads\/2018\/08\/17426380_1906371736249227_6326180412931521141_n.jpg","contentUrl":"https:\/\/futbolhoy.co\/wp-content\/uploads\/2018\/08\/17426380_1906371736249227_6326180412931521141_n.jpg","width":960,"height":960,"caption":"Futbolhoy.co"},"image":{"@id":"https:\/\/futbolhoy.co\/#\/schema\/logo\/image\/"},"sameAs":["https:\/\/www.facebook.com\/FutbolHoyCol\/","https:\/\/x.com\/FutbolHoyCol","https:\/\/www.instagram.com\/futbolhoycol\/"]},{"@type":"Person","@id":"https:\/\/futbolhoy.co\/#\/schema\/person\/1721b69355b6623eaff15ac7b92d4cc3","name":"contenido","image":{"@type":"ImageObject","inLanguage":"es","@id":"https:\/\/futbolhoy.co\/#\/schema\/person\/image\/","url":"https:\/\/secure.gravatar.com\/avatar\/4f656d3256f5134f466206e7c3941518?s=96&d=mm&r=g","contentUrl":"https:\/\/secure.gravatar.com\/avatar\/4f656d3256f5134f466206e7c3941518?s=96&d=mm&r=g","caption":"contenido"}}]}},"publishpress_future_action":{"enabled":false,"date":"2026-05-04 04:43:56","action":"change-status","newStatus":"draft","terms":[],"taxonomy":"category","extraData":[]},"publishpress_future_workflow_manual_trigger":{"enabledWorkflows":[]},"_links":{"self":[{"href":"https:\/\/futbolhoy.co\/index.php\/wp-json\/wp\/v2\/posts\/109501","targetHints":{"allow":["GET"]}}],"collection":[{"href":"https:\/\/futbolhoy.co\/index.php\/wp-json\/wp\/v2\/posts"}],"about":[{"href":"https:\/\/futbolhoy.co\/index.php\/wp-json\/wp\/v2\/types\/post"}],"author":[{"embeddable":true,"href":"https:\/\/futbolhoy.co\/index.php\/wp-json\/wp\/v2\/users\/4"}],"replies":[{"embeddable":true,"href":"https:\/\/futbolhoy.co\/index.php\/wp-json\/wp\/v2\/comments?post=109501"}],"version-history":[{"count":1,"href":"https:\/\/futbolhoy.co\/index.php\/wp-json\/wp\/v2\/posts\/109501\/revisions"}],"predecessor-version":[{"id":109503,"href":"https:\/\/futbolhoy.co\/index.php\/wp-json\/wp\/v2\/posts\/109501\/revisions\/109503"}],"wp:featuredmedia":[{"embeddable":true,"href":"https:\/\/futbolhoy.co\/index.php\/wp-json\/wp\/v2\/media\/109502"}],"wp:attachment":[{"href":"https:\/\/futbolhoy.co\/index.php\/wp-json\/wp\/v2\/media?parent=109501"}],"wp:term":[{"taxonomy":"category","embeddable":true,"href":"https:\/\/futbolhoy.co\/index.php\/wp-json\/wp\/v2\/categories?post=109501"},{"taxonomy":"post_tag","embeddable":true,"href":"https:\/\/futbolhoy.co\/index.php\/wp-json\/wp\/v2\/tags?post=109501"}],"curies":[{"name":"wp","href":"https:\/\/api.w.org\/{rel}","templated":true}]}}