{"id":109508,"date":"2024-06-16T17:17:58","date_gmt":"2024-06-16T22:17:58","guid":{"rendered":"https:\/\/futbolhoy.co\/?p=109508"},"modified":"2024-06-17T11:37:47","modified_gmt":"2024-06-17T16:37:47","slug":"bolivia-lista-para-la-copa-america","status":"publish","type":"post","link":"https:\/\/futbolhoy.co\/index.php\/2024\/06\/16\/bolivia-lista-para-la-copa-america\/","title":{"rendered":"Bolivia lista para la Copa Am\u00e9rica"},"content":{"rendered":"<p class=\"ydp8072a517MsoNormal\" style=\"text-align: justify;\"><span style=\"font-family: helvetica, arial, sans-serif;\"><b>La selecci\u00f3n de Bolivia encarar\u00e1 la Copa Am\u00e9rica<\/b> con una plantilla que incluye a seis jugadores que militan en clubes del exterior, dentro de la lista de 26 definida por el entrenador brasile\u00f1o <b>Antonio Carlos Zago<\/b>.<\/span><\/p>\n<p class=\"ydp8072a517MsoNormal\" style=\"text-align: justify;\"><span style=\"font-family: helvetica, arial, sans-serif;\">La n\u00f3mina boliviana incluye a los defensores <b>Luis Haqu\u00edn<\/b>, del Atl\u00e9tico Ponte Preta brasile\u00f1o, y <b>Roberto Carlos Fern\u00e1ndez<\/b>, del Baltika Kaliningrad ruso; los volantes Boris C\u00e9spedes, del Yverdon Sport suizo; Jaume Cu\u00e9llar, del Barcelona B espa\u00f1ol; Gabriel Villamil, de Liga de Quito, y Miguel Terceros, del Santos brasile\u00f1o.<\/span><\/p>\n<p class=\"ydp8072a517MsoNormal\" style=\"text-align: justify;\"><span style=\"font-family: helvetica, arial, sans-serif;\"><b>Zago<\/b> anunci\u00f3 a principios de mes una lista inicial con 29 jugadores, quedando por fuera el defensa central C\u00e9sar Romero del <b>Blooming<\/b>, el zaguero Pablo Vaca, del <b>Always Ready<\/b> y Jairo Quinteros, del Bol\u00edvar.<\/span><\/p>\n<p class=\"ydp8072a517MsoNormal\" style=\"text-align: justify;\"><span style=\"font-family: helvetica, arial, sans-serif;\">La Bolivia de Zago llega al torneo continental con tres derrotas en igual n\u00famero de amistosos: <b>1-0 ante M\u00e9xico, 3-1 con Ecuador y 3-0 frente Colombia<\/b>.<\/span><\/p>\n<p class=\"ydp8072a517MsoNormal\" style=\"text-align: justify;\"><span style=\"font-family: helvetica, arial, sans-serif;\">Los bolivianos integran el grupo C de la Copa Am\u00e9rica con <b>Estados Unidos<\/b>, Panam\u00e1 y Uruguay y debutar\u00e1 contra la selecci\u00f3n anfitriona <span dir=\"ltr\">el 23 de junio<\/span> en el estadio AT&amp;T, en <b>Arlington, Texas<\/b>.<\/span><\/p>\n<p class=\"ydp8072a517MsoNormal\" style=\"text-align: justify;\"><span style=\"font-family: helvetica, arial, sans-serif;\">\u00c9stos son los 26 elegidos por Zago para la Copa Am\u00e9rica:<\/span><\/p>\n<p class=\"ydp8072a517MsoNormal\" style=\"text-align: justify;\"><span style=\"font-family: helvetica, arial, sans-serif;\"><b>Porteros:<\/b> Guillermo Viscarra (The Strongest), Carlos Lampe (Bol\u00edvar) y Gustavo Almada (Universitario de Vinto).<\/span><\/p>\n<p class=\"ydp8072a517MsoNormal\" style=\"text-align: justify;\"><span style=\"font-family: helvetica, arial, sans-serif;\"><b>Defensas:<\/b> Diego Medina, H\u00e9ctor Cu\u00e9llar y Marcelo Su\u00e1rez (Always Ready); Yomar Rocha, Jes\u00fas Sagredo y Jos\u00e9 Sagredo (Bol\u00edvar); Adri\u00e1n Jusino (The Strongest), Luis Haqu\u00edn (Atl\u00e9tico Ponte Preta-BRA), y Roberto Carlos Fern\u00e1ndez (Baltika Kaliningrad-RUS).<\/span><\/p>\n<p class=\"ydp8072a517MsoNormal\" style=\"text-align: justify;\"><span style=\"font-family: helvetica, arial, sans-serif;\"><b>Volantes:<\/b> Lucas Ch\u00e1vez, Leonel Justiniano, Fernando Saucedo y Ramiro Vaca (Bol\u00edvar); Robson Matheus y Adalid Terrazas (Always Ready); Rodrigo Ramallo (The Strongest), Boris C\u00e9spedes (Yverdon Sport-SUI), Jaume Cu\u00e9llar (Barcelona B-ESP), Gabriel Villamil (Liga de Quito-ECU) y Miguel Terceros (Santos-BRA).<\/span><\/p>\n<p class=\"ydp8072a517MsoNormal\" style=\"text-align: justify;\"><span style=\"font-family: helvetica, arial, sans-serif;\"><b>Delanteros: <\/b>C\u00e9sar Menacho (Blooming), Carmelo Algara\u00f1az (Bol\u00edvar) y Bruno Miranda (The Strongest).<\/span><\/p>\n","protected":false},"excerpt":{"rendered":"<p>La selecci\u00f3n de Bolivia encarar\u00e1 la Copa Am\u00e9rica con una plantilla que incluye a seis jugadores que militan en clubes del exterior, dentro de la lista de 26 definida por el entrenador brasile\u00f1o Antonio Carlos Zago. La n\u00f3mina boliviana incluye a los defensores Luis Haqu\u00edn, del Atl\u00e9tico Ponte Preta brasile\u00f1o, y Roberto Carlos Fern\u00e1ndez, del [&hellip;]<\/p>\n","protected":false},"author":4,"featured_media":109509,"comment_status":"open","ping_status":"open","sticky":false,"template":"","format":"standard","meta":{"_acf_changed":false,"footnotes":""},"categories":[1525,152],"tags":[],"class_list":{"0":"post-109508","1":"post","2":"type-post","3":"status-publish","4":"format-standard","5":"has-post-thumbnail","7":"category-copa-america","8":"category-mundo-futbol"},"acf":[],"yoast_head":"<!-- This site is optimized with the Yoast SEO plugin v26.8 - https:\/\/yoast.com\/product\/yoast-seo-wordpress\/ -->\n<title>Bolivia lista para la Copa Am\u00e9rica -<\/title>\n<meta name=\"robots\" content=\"index, follow, max-snippet:-1, max-image-preview:large, max-video-preview:-1\" \/>\n<link rel=\"canonical\" href=\"https:\/\/futbolhoy.co\/index.php\/2024\/06\/16\/bolivia-lista-para-la-copa-america\/\" \/>\n<meta property=\"og:locale\" content=\"es_ES\" \/>\n<meta property=\"og:type\" content=\"article\" \/>\n<meta property=\"og:title\" content=\"Bolivia lista para la Copa Am\u00e9rica -\" \/>\n<meta property=\"og:description\" content=\"La selecci\u00f3n de Bolivia encarar\u00e1 la Copa Am\u00e9rica con una plantilla que incluye a seis jugadores que militan en clubes del exterior, dentro de la lista de 26 definida por el entrenador brasile\u00f1o Antonio Carlos Zago. La n\u00f3mina boliviana incluye a los defensores Luis Haqu\u00edn, del Atl\u00e9tico Ponte Preta brasile\u00f1o, y Roberto Carlos Fern\u00e1ndez, del [&hellip;]\" \/>\n<meta property=\"og:url\" content=\"https:\/\/futbolhoy.co\/index.php\/2024\/06\/16\/bolivia-lista-para-la-copa-america\/\" \/>\n<meta property=\"article:publisher\" content=\"https:\/\/www.facebook.com\/FutbolHoyCol\/\" \/>\n<meta property=\"article:published_time\" content=\"2024-06-16T22:17:58+00:00\" \/>\n<meta property=\"article:modified_time\" content=\"2024-06-17T16:37:47+00:00\" \/>\n<meta property=\"og:image\" content=\"https:\/\/futbolhoy.co\/wp-content\/uploads\/2024\/06\/IMG_2922.jpeg\" \/>\n\t<meta property=\"og:image:width\" content=\"1280\" \/>\n\t<meta property=\"og:image:height\" content=\"855\" \/>\n\t<meta property=\"og:image:type\" content=\"image\/jpeg\" \/>\n<meta name=\"author\" content=\"contenido\" \/>\n<meta name=\"twitter:card\" content=\"summary_large_image\" \/>\n<meta name=\"twitter:creator\" content=\"@FutbolHoyCol\" \/>\n<meta name=\"twitter:site\" content=\"@FutbolHoyCol\" \/>\n<meta name=\"twitter:label1\" content=\"Escrito por\" \/>\n\t<meta name=\"twitter:data1\" content=\"contenido\" \/>\n\t<meta name=\"twitter:label2\" content=\"Tiempo de lectura\" \/>\n\t<meta name=\"twitter:data2\" content=\"2 minutos\" \/>\n<script type=\"application\/ld+json\" class=\"yoast-schema-graph\">{\"@context\":\"https:\/\/schema.org\",\"@graph\":[{\"@type\":\"Article\",\"@id\":\"https:\/\/futbolhoy.co\/index.php\/2024\/06\/16\/bolivia-lista-para-la-copa-america\/#article\",\"isPartOf\":{\"@id\":\"https:\/\/futbolhoy.co\/index.php\/2024\/06\/16\/bolivia-lista-para-la-copa-america\/\"},\"author\":{\"name\":\"contenido\",\"@id\":\"https:\/\/futbolhoy.co\/#\/schema\/person\/1721b69355b6623eaff15ac7b92d4cc3\"},\"headline\":\"Bolivia lista para la Copa Am\u00e9rica\",\"datePublished\":\"2024-06-16T22:17:58+00:00\",\"dateModified\":\"2024-06-17T16:37:47+00:00\",\"mainEntityOfPage\":{\"@id\":\"https:\/\/futbolhoy.co\/index.php\/2024\/06\/16\/bolivia-lista-para-la-copa-america\/\"},\"wordCount\":327,\"commentCount\":0,\"publisher\":{\"@id\":\"https:\/\/futbolhoy.co\/#organization\"},\"image\":{\"@id\":\"https:\/\/futbolhoy.co\/index.php\/2024\/06\/16\/bolivia-lista-para-la-copa-america\/#primaryimage\"},\"thumbnailUrl\":\"https:\/\/futbolhoy.co\/wp-content\/uploads\/2024\/06\/IMG_2922.jpeg\",\"articleSection\":[\"Copa Am\u00e9rica\",\"Mundo Futbol\"],\"inLanguage\":\"es\",\"potentialAction\":[{\"@type\":\"CommentAction\",\"name\":\"Comment\",\"target\":[\"https:\/\/futbolhoy.co\/index.php\/2024\/06\/16\/bolivia-lista-para-la-copa-america\/#respond\"]}]},{\"@type\":\"WebPage\",\"@id\":\"https:\/\/futbolhoy.co\/index.php\/2024\/06\/16\/bolivia-lista-para-la-copa-america\/\",\"url\":\"https:\/\/futbolhoy.co\/index.php\/2024\/06\/16\/bolivia-lista-para-la-copa-america\/\",\"name\":\"Bolivia lista para la Copa Am\u00e9rica -\",\"isPartOf\":{\"@id\":\"https:\/\/futbolhoy.co\/#website\"},\"primaryImageOfPage\":{\"@id\":\"https:\/\/futbolhoy.co\/index.php\/2024\/06\/16\/bolivia-lista-para-la-copa-america\/#primaryimage\"},\"image\":{\"@id\":\"https:\/\/futbolhoy.co\/index.php\/2024\/06\/16\/bolivia-lista-para-la-copa-america\/#primaryimage\"},\"thumbnailUrl\":\"https:\/\/futbolhoy.co\/wp-content\/uploads\/2024\/06\/IMG_2922.jpeg\",\"datePublished\":\"2024-06-16T22:17:58+00:00\",\"dateModified\":\"2024-06-17T16:37:47+00:00\",\"breadcrumb\":{\"@id\":\"https:\/\/futbolhoy.co\/index.php\/2024\/06\/16\/bolivia-lista-para-la-copa-america\/#breadcrumb\"},\"inLanguage\":\"es\",\"potentialAction\":[{\"@type\":\"ReadAction\",\"target\":[\"https:\/\/futbolhoy.co\/index.php\/2024\/06\/16\/bolivia-lista-para-la-copa-america\/\"]}]},{\"@type\":\"ImageObject\",\"inLanguage\":\"es\",\"@id\":\"https:\/\/futbolhoy.co\/index.php\/2024\/06\/16\/bolivia-lista-para-la-copa-america\/#primaryimage\",\"url\":\"https:\/\/futbolhoy.co\/wp-content\/uploads\/2024\/06\/IMG_2922.jpeg\",\"contentUrl\":\"https:\/\/futbolhoy.co\/wp-content\/uploads\/2024\/06\/IMG_2922.jpeg\",\"width\":1280,\"height\":855},{\"@type\":\"BreadcrumbList\",\"@id\":\"https:\/\/futbolhoy.co\/index.php\/2024\/06\/16\/bolivia-lista-para-la-copa-america\/#breadcrumb\",\"itemListElement\":[{\"@type\":\"ListItem\",\"position\":1,\"name\":\"Portada\",\"item\":\"https:\/\/futbolhoy.co\/\"},{\"@type\":\"ListItem\",\"position\":2,\"name\":\"Bolivia lista para la Copa Am\u00e9rica\"}]},{\"@type\":\"WebSite\",\"@id\":\"https:\/\/futbolhoy.co\/#website\",\"url\":\"https:\/\/futbolhoy.co\/\",\"name\":\"FutbolHoy\",\"description\":\"\",\"publisher\":{\"@id\":\"https:\/\/futbolhoy.co\/#organization\"},\"potentialAction\":[{\"@type\":\"SearchAction\",\"target\":{\"@type\":\"EntryPoint\",\"urlTemplate\":\"https:\/\/futbolhoy.co\/?s={search_term_string}\"},\"query-input\":{\"@type\":\"PropertyValueSpecification\",\"valueRequired\":true,\"valueName\":\"search_term_string\"}}],\"inLanguage\":\"es\"},{\"@type\":\"Organization\",\"@id\":\"https:\/\/futbolhoy.co\/#organization\",\"name\":\"Futbolhoy.co\",\"url\":\"https:\/\/futbolhoy.co\/\",\"logo\":{\"@type\":\"ImageObject\",\"inLanguage\":\"es\",\"@id\":\"https:\/\/futbolhoy.co\/#\/schema\/logo\/image\/\",\"url\":\"https:\/\/futbolhoy.co\/wp-content\/uploads\/2018\/08\/17426380_1906371736249227_6326180412931521141_n.jpg\",\"contentUrl\":\"https:\/\/futbolhoy.co\/wp-content\/uploads\/2018\/08\/17426380_1906371736249227_6326180412931521141_n.jpg\",\"width\":960,\"height\":960,\"caption\":\"Futbolhoy.co\"},\"image\":{\"@id\":\"https:\/\/futbolhoy.co\/#\/schema\/logo\/image\/\"},\"sameAs\":[\"https:\/\/www.facebook.com\/FutbolHoyCol\/\",\"https:\/\/x.com\/FutbolHoyCol\",\"https:\/\/www.instagram.com\/futbolhoycol\/\"]},{\"@type\":\"Person\",\"@id\":\"https:\/\/futbolhoy.co\/#\/schema\/person\/1721b69355b6623eaff15ac7b92d4cc3\",\"name\":\"contenido\",\"image\":{\"@type\":\"ImageObject\",\"inLanguage\":\"es\",\"@id\":\"https:\/\/futbolhoy.co\/#\/schema\/person\/image\/\",\"url\":\"https:\/\/secure.gravatar.com\/avatar\/4f656d3256f5134f466206e7c3941518?s=96&d=mm&r=g\",\"contentUrl\":\"https:\/\/secure.gravatar.com\/avatar\/4f656d3256f5134f466206e7c3941518?s=96&d=mm&r=g\",\"caption\":\"contenido\"}}]}<\/script>\n<!-- \/ Yoast SEO plugin. -->","yoast_head_json":{"title":"Bolivia lista para la Copa Am\u00e9rica -","robots":{"index":"index","follow":"follow","max-snippet":"max-snippet:-1","max-image-preview":"max-image-preview:large","max-video-preview":"max-video-preview:-1"},"canonical":"https:\/\/futbolhoy.co\/index.php\/2024\/06\/16\/bolivia-lista-para-la-copa-america\/","og_locale":"es_ES","og_type":"article","og_title":"Bolivia lista para la Copa Am\u00e9rica -","og_description":"La selecci\u00f3n de Bolivia encarar\u00e1 la Copa Am\u00e9rica con una plantilla que incluye a seis jugadores que militan en clubes del exterior, dentro de la lista de 26 definida por el entrenador brasile\u00f1o Antonio Carlos Zago. La n\u00f3mina boliviana incluye a los defensores Luis Haqu\u00edn, del Atl\u00e9tico Ponte Preta brasile\u00f1o, y Roberto Carlos Fern\u00e1ndez, del [&hellip;]","og_url":"https:\/\/futbolhoy.co\/index.php\/2024\/06\/16\/bolivia-lista-para-la-copa-america\/","article_publisher":"https:\/\/www.facebook.com\/FutbolHoyCol\/","article_published_time":"2024-06-16T22:17:58+00:00","article_modified_time":"2024-06-17T16:37:47+00:00","og_image":[{"width":1280,"height":855,"url":"https:\/\/futbolhoy.co\/wp-content\/uploads\/2024\/06\/IMG_2922.jpeg","type":"image\/jpeg"}],"author":"contenido","twitter_card":"summary_large_image","twitter_creator":"@FutbolHoyCol","twitter_site":"@FutbolHoyCol","twitter_misc":{"Escrito por":"contenido","Tiempo de lectura":"2 minutos"},"schema":{"@context":"https:\/\/schema.org","@graph":[{"@type":"Article","@id":"https:\/\/futbolhoy.co\/index.php\/2024\/06\/16\/bolivia-lista-para-la-copa-america\/#article","isPartOf":{"@id":"https:\/\/futbolhoy.co\/index.php\/2024\/06\/16\/bolivia-lista-para-la-copa-america\/"},"author":{"name":"contenido","@id":"https:\/\/futbolhoy.co\/#\/schema\/person\/1721b69355b6623eaff15ac7b92d4cc3"},"headline":"Bolivia lista para la Copa Am\u00e9rica","datePublished":"2024-06-16T22:17:58+00:00","dateModified":"2024-06-17T16:37:47+00:00","mainEntityOfPage":{"@id":"https:\/\/futbolhoy.co\/index.php\/2024\/06\/16\/bolivia-lista-para-la-copa-america\/"},"wordCount":327,"commentCount":0,"publisher":{"@id":"https:\/\/futbolhoy.co\/#organization"},"image":{"@id":"https:\/\/futbolhoy.co\/index.php\/2024\/06\/16\/bolivia-lista-para-la-copa-america\/#primaryimage"},"thumbnailUrl":"https:\/\/futbolhoy.co\/wp-content\/uploads\/2024\/06\/IMG_2922.jpeg","articleSection":["Copa Am\u00e9rica","Mundo Futbol"],"inLanguage":"es","potentialAction":[{"@type":"CommentAction","name":"Comment","target":["https:\/\/futbolhoy.co\/index.php\/2024\/06\/16\/bolivia-lista-para-la-copa-america\/#respond"]}]},{"@type":"WebPage","@id":"https:\/\/futbolhoy.co\/index.php\/2024\/06\/16\/bolivia-lista-para-la-copa-america\/","url":"https:\/\/futbolhoy.co\/index.php\/2024\/06\/16\/bolivia-lista-para-la-copa-america\/","name":"Bolivia lista para la Copa Am\u00e9rica -","isPartOf":{"@id":"https:\/\/futbolhoy.co\/#website"},"primaryImageOfPage":{"@id":"https:\/\/futbolhoy.co\/index.php\/2024\/06\/16\/bolivia-lista-para-la-copa-america\/#primaryimage"},"image":{"@id":"https:\/\/futbolhoy.co\/index.php\/2024\/06\/16\/bolivia-lista-para-la-copa-america\/#primaryimage"},"thumbnailUrl":"https:\/\/futbolhoy.co\/wp-content\/uploads\/2024\/06\/IMG_2922.jpeg","datePublished":"2024-06-16T22:17:58+00:00","dateModified":"2024-06-17T16:37:47+00:00","breadcrumb":{"@id":"https:\/\/futbolhoy.co\/index.php\/2024\/06\/16\/bolivia-lista-para-la-copa-america\/#breadcrumb"},"inLanguage":"es","potentialAction":[{"@type":"ReadAction","target":["https:\/\/futbolhoy.co\/index.php\/2024\/06\/16\/bolivia-lista-para-la-copa-america\/"]}]},{"@type":"ImageObject","inLanguage":"es","@id":"https:\/\/futbolhoy.co\/index.php\/2024\/06\/16\/bolivia-lista-para-la-copa-america\/#primaryimage","url":"https:\/\/futbolhoy.co\/wp-content\/uploads\/2024\/06\/IMG_2922.jpeg","contentUrl":"https:\/\/futbolhoy.co\/wp-content\/uploads\/2024\/06\/IMG_2922.jpeg","width":1280,"height":855},{"@type":"BreadcrumbList","@id":"https:\/\/futbolhoy.co\/index.php\/2024\/06\/16\/bolivia-lista-para-la-copa-america\/#breadcrumb","itemListElement":[{"@type":"ListItem","position":1,"name":"Portada","item":"https:\/\/futbolhoy.co\/"},{"@type":"ListItem","position":2,"name":"Bolivia lista para la Copa Am\u00e9rica"}]},{"@type":"WebSite","@id":"https:\/\/futbolhoy.co\/#website","url":"https:\/\/futbolhoy.co\/","name":"FutbolHoy","description":"","publisher":{"@id":"https:\/\/futbolhoy.co\/#organization"},"potentialAction":[{"@type":"SearchAction","target":{"@type":"EntryPoint","urlTemplate":"https:\/\/futbolhoy.co\/?s={search_term_string}"},"query-input":{"@type":"PropertyValueSpecification","valueRequired":true,"valueName":"search_term_string"}}],"inLanguage":"es"},{"@type":"Organization","@id":"https:\/\/futbolhoy.co\/#organization","name":"Futbolhoy.co","url":"https:\/\/futbolhoy.co\/","logo":{"@type":"ImageObject","inLanguage":"es","@id":"https:\/\/futbolhoy.co\/#\/schema\/logo\/image\/","url":"https:\/\/futbolhoy.co\/wp-content\/uploads\/2018\/08\/17426380_1906371736249227_6326180412931521141_n.jpg","contentUrl":"https:\/\/futbolhoy.co\/wp-content\/uploads\/2018\/08\/17426380_1906371736249227_6326180412931521141_n.jpg","width":960,"height":960,"caption":"Futbolhoy.co"},"image":{"@id":"https:\/\/futbolhoy.co\/#\/schema\/logo\/image\/"},"sameAs":["https:\/\/www.facebook.com\/FutbolHoyCol\/","https:\/\/x.com\/FutbolHoyCol","https:\/\/www.instagram.com\/futbolhoycol\/"]},{"@type":"Person","@id":"https:\/\/futbolhoy.co\/#\/schema\/person\/1721b69355b6623eaff15ac7b92d4cc3","name":"contenido","image":{"@type":"ImageObject","inLanguage":"es","@id":"https:\/\/futbolhoy.co\/#\/schema\/person\/image\/","url":"https:\/\/secure.gravatar.com\/avatar\/4f656d3256f5134f466206e7c3941518?s=96&d=mm&r=g","contentUrl":"https:\/\/secure.gravatar.com\/avatar\/4f656d3256f5134f466206e7c3941518?s=96&d=mm&r=g","caption":"contenido"}}]}},"publishpress_future_action":{"enabled":false,"date":"2026-05-04 14:37:39","action":"change-status","newStatus":"draft","terms":[],"taxonomy":"category","extraData":[]},"publishpress_future_workflow_manual_trigger":{"enabledWorkflows":[]},"_links":{"self":[{"href":"https:\/\/futbolhoy.co\/index.php\/wp-json\/wp\/v2\/posts\/109508","targetHints":{"allow":["GET"]}}],"collection":[{"href":"https:\/\/futbolhoy.co\/index.php\/wp-json\/wp\/v2\/posts"}],"about":[{"href":"https:\/\/futbolhoy.co\/index.php\/wp-json\/wp\/v2\/types\/post"}],"author":[{"embeddable":true,"href":"https:\/\/futbolhoy.co\/index.php\/wp-json\/wp\/v2\/users\/4"}],"replies":[{"embeddable":true,"href":"https:\/\/futbolhoy.co\/index.php\/wp-json\/wp\/v2\/comments?post=109508"}],"version-history":[{"count":1,"href":"https:\/\/futbolhoy.co\/index.php\/wp-json\/wp\/v2\/posts\/109508\/revisions"}],"predecessor-version":[{"id":109510,"href":"https:\/\/futbolhoy.co\/index.php\/wp-json\/wp\/v2\/posts\/109508\/revisions\/109510"}],"wp:featuredmedia":[{"embeddable":true,"href":"https:\/\/futbolhoy.co\/index.php\/wp-json\/wp\/v2\/media\/109509"}],"wp:attachment":[{"href":"https:\/\/futbolhoy.co\/index.php\/wp-json\/wp\/v2\/media?parent=109508"}],"wp:term":[{"taxonomy":"category","embeddable":true,"href":"https:\/\/futbolhoy.co\/index.php\/wp-json\/wp\/v2\/categories?post=109508"},{"taxonomy":"post_tag","embeddable":true,"href":"https:\/\/futbolhoy.co\/index.php\/wp-json\/wp\/v2\/tags?post=109508"}],"curies":[{"name":"wp","href":"https:\/\/api.w.org\/{rel}","templated":true}]}}