{"id":109529,"date":"2024-06-17T07:38:55","date_gmt":"2024-06-17T12:38:55","guid":{"rendered":"https:\/\/futbolhoy.co\/?p=109529"},"modified":"2024-06-17T20:49:39","modified_gmt":"2024-06-18T01:49:39","slug":"cafu-optimista-con-brasil-los-veo-mas-favoritos-que-a-argentina","status":"publish","type":"post","link":"https:\/\/futbolhoy.co\/index.php\/2024\/06\/17\/cafu-optimista-con-brasil-los-veo-mas-favoritos-que-a-argentina\/","title":{"rendered":"Caf\u00fa, optimista con Brasil: \"Los veo m\u00e1s favoritos que a Argentina\""},"content":{"rendered":"<p style=\"text-align: justify;\"><span style=\"font-family: helvetica, arial, sans-serif;\">El excapit\u00e1n de la selecci\u00f3n brasile\u00f1a,<strong> Marcos Evangelista de Moraes 'Caf\u00fa',<\/strong> se muestra optimista con la actuaci\u00f3n que puede tener la Canarinha en la <strong>Copa Am\u00e9rica<\/strong> que comienza el pr\u00f3ximo jueves en <strong>Estados Unidos<\/strong> e, incluso, considera al conjunto de <strong>Dorival Junior<\/strong> m\u00e1s favorito que la propia <strong>Argentina,<\/strong> vigente campeona.<\/span><\/p>\n<p style=\"text-align: justify;\"><span style=\"font-family: helvetica, arial, sans-serif;\">\"En esta <strong>Copa Am\u00e9rica,<\/strong> se le espera plenamente. <strong>Brasil,<\/strong> donde llega, llega para ser campe\u00f3n. La expectativa es que Brasil sea uno de los protagonistas de la Copa Am\u00e9rica, con plenas condiciones para ganar esta Copa Am\u00e9rica. Argentina es el \u00faltimo campe\u00f3n del mundo, por eso es uno de los favoritos, pero hoy veo a Brasil a\u00fan m\u00e1s favorito que Argentina para ganar esta <strong>Copa Am\u00e9rica<\/strong>\", dijo a <strong><em>EFE.<\/em><\/strong><\/span><\/p>\n<p style=\"text-align: justify;\"><span style=\"font-family: helvetica, arial, sans-serif;\">En ese sentido, Caf\u00fa, campe\u00f3n de la Copa Am\u00e9rica en <strong>Bolivia 1997<\/strong> y <strong>Paraguay 1999,<\/strong> considera que ser\u00e1 muy importante la actuaci\u00f3n del delantero del <strong>Real Madrid, Vinicius<\/strong>, a quien considera el l\u00edder de la selecci\u00f3n que dirige Dorival Junior. \"Veo a Vin\u00edcius J\u00fanior como uno de los jugadores clave que tiene que asumir la responsabilidad de la selecci\u00f3n brasile\u00f1a en la actualidad. Lo veo ya en ese papel de l\u00edder\", resalt\u00f3.<\/span><\/p>\n<p style=\"text-align: justify;\"><span style=\"font-family: helvetica, arial, sans-serif;\">El exlateral derecho se declara admirador de <strong>Leo Messi<\/strong> y conf\u00eda en que la final de Miami, el 14 de julio, enfrente a las dos potencias del continente. \"Somos fans del maestro (Messi), \u00bfno? Lo somos. Somos fans de los grandes jugadores, aunque seamos brasile\u00f1os. Ver jugar al maestro es fant\u00e1stico, aunque est\u00e9 en Estados Unidos, est\u00e1 acostumbrado, est\u00e1 en su h\u00e1bitat natural jugando al f\u00fatbol. Va a ser genial ver a Argentina jugando, tal vez en una final contra Brasil. La gente va a esta Copa Am\u00e9rica para ver a estas potencias mundiales del f\u00fatbol juntas de nuevo\", a\u00f1adi\u00f3.<\/span><\/p>\n","protected":false},"excerpt":{"rendered":"<p>El excapit\u00e1n de la selecci\u00f3n brasile\u00f1a, Marcos Evangelista de Moraes 'Caf\u00fa', se muestra optimista con la actuaci\u00f3n que puede tener la Canarinha en la Copa Am\u00e9rica que comienza el pr\u00f3ximo jueves en Estados Unidos e, incluso, considera al conjunto de Dorival Junior m\u00e1s favorito que la propia Argentina, vigente campeona. \"En esta Copa Am\u00e9rica, se [&hellip;]<\/p>\n","protected":false},"author":4,"featured_media":109530,"comment_status":"open","ping_status":"open","sticky":false,"template":"","format":"standard","meta":{"_acf_changed":false,"footnotes":""},"categories":[152],"tags":[],"class_list":{"0":"post-109529","1":"post","2":"type-post","3":"status-publish","4":"format-standard","5":"has-post-thumbnail","7":"category-mundo-futbol"},"acf":[],"yoast_head":"<!-- This site is optimized with the Yoast SEO plugin v26.8 - https:\/\/yoast.com\/product\/yoast-seo-wordpress\/ -->\n<title>Caf\u00fa, optimista con Brasil: &quot;Los veo m\u00e1s favoritos que a Argentina&quot; -<\/title>\n<meta name=\"robots\" content=\"index, follow, max-snippet:-1, max-image-preview:large, max-video-preview:-1\" \/>\n<link rel=\"canonical\" href=\"https:\/\/futbolhoy.co\/index.php\/2024\/06\/17\/cafu-optimista-con-brasil-los-veo-mas-favoritos-que-a-argentina\/\" \/>\n<meta property=\"og:locale\" content=\"es_ES\" \/>\n<meta property=\"og:type\" content=\"article\" \/>\n<meta property=\"og:title\" content=\"Caf\u00fa, optimista con Brasil: &quot;Los veo m\u00e1s favoritos que a Argentina&quot; -\" \/>\n<meta property=\"og:description\" content=\"El excapit\u00e1n de la selecci\u00f3n brasile\u00f1a, Marcos Evangelista de Moraes &#039;Caf\u00fa&#039;, se muestra optimista con la actuaci\u00f3n que puede tener la Canarinha en la Copa Am\u00e9rica que comienza el pr\u00f3ximo jueves en Estados Unidos e, incluso, considera al conjunto de Dorival Junior m\u00e1s favorito que la propia Argentina, vigente campeona. &quot;En esta Copa Am\u00e9rica, se [&hellip;]\" \/>\n<meta property=\"og:url\" content=\"https:\/\/futbolhoy.co\/index.php\/2024\/06\/17\/cafu-optimista-con-brasil-los-veo-mas-favoritos-que-a-argentina\/\" \/>\n<meta property=\"article:publisher\" content=\"https:\/\/www.facebook.com\/FutbolHoyCol\/\" \/>\n<meta property=\"article:published_time\" content=\"2024-06-17T12:38:55+00:00\" \/>\n<meta property=\"article:modified_time\" content=\"2024-06-18T01:49:39+00:00\" \/>\n<meta property=\"og:image\" content=\"https:\/\/futbolhoy.co\/wp-content\/uploads\/2024\/06\/Cafu.png\" \/>\n\t<meta property=\"og:image:width\" content=\"1130\" \/>\n\t<meta property=\"og:image:height\" content=\"750\" \/>\n\t<meta property=\"og:image:type\" content=\"image\/png\" \/>\n<meta name=\"author\" content=\"contenido\" \/>\n<meta name=\"twitter:card\" content=\"summary_large_image\" \/>\n<meta name=\"twitter:creator\" content=\"@FutbolHoyCol\" \/>\n<meta name=\"twitter:site\" content=\"@FutbolHoyCol\" \/>\n<meta name=\"twitter:label1\" content=\"Escrito por\" \/>\n\t<meta name=\"twitter:data1\" content=\"contenido\" \/>\n\t<meta name=\"twitter:label2\" content=\"Tiempo de lectura\" \/>\n\t<meta name=\"twitter:data2\" content=\"2 minutos\" \/>\n<script type=\"application\/ld+json\" class=\"yoast-schema-graph\">{\"@context\":\"https:\/\/schema.org\",\"@graph\":[{\"@type\":\"Article\",\"@id\":\"https:\/\/futbolhoy.co\/index.php\/2024\/06\/17\/cafu-optimista-con-brasil-los-veo-mas-favoritos-que-a-argentina\/#article\",\"isPartOf\":{\"@id\":\"https:\/\/futbolhoy.co\/index.php\/2024\/06\/17\/cafu-optimista-con-brasil-los-veo-mas-favoritos-que-a-argentina\/\"},\"author\":{\"name\":\"contenido\",\"@id\":\"https:\/\/futbolhoy.co\/#\/schema\/person\/1721b69355b6623eaff15ac7b92d4cc3\"},\"headline\":\"Caf\u00fa, optimista con Brasil: \\\"Los veo m\u00e1s favoritos que a Argentina\\\"\",\"datePublished\":\"2024-06-17T12:38:55+00:00\",\"dateModified\":\"2024-06-18T01:49:39+00:00\",\"mainEntityOfPage\":{\"@id\":\"https:\/\/futbolhoy.co\/index.php\/2024\/06\/17\/cafu-optimista-con-brasil-los-veo-mas-favoritos-que-a-argentina\/\"},\"wordCount\":334,\"commentCount\":0,\"publisher\":{\"@id\":\"https:\/\/futbolhoy.co\/#organization\"},\"image\":{\"@id\":\"https:\/\/futbolhoy.co\/index.php\/2024\/06\/17\/cafu-optimista-con-brasil-los-veo-mas-favoritos-que-a-argentina\/#primaryimage\"},\"thumbnailUrl\":\"https:\/\/futbolhoy.co\/wp-content\/uploads\/2024\/06\/Cafu.png\",\"articleSection\":[\"Mundo Futbol\"],\"inLanguage\":\"es\",\"potentialAction\":[{\"@type\":\"CommentAction\",\"name\":\"Comment\",\"target\":[\"https:\/\/futbolhoy.co\/index.php\/2024\/06\/17\/cafu-optimista-con-brasil-los-veo-mas-favoritos-que-a-argentina\/#respond\"]}]},{\"@type\":\"WebPage\",\"@id\":\"https:\/\/futbolhoy.co\/index.php\/2024\/06\/17\/cafu-optimista-con-brasil-los-veo-mas-favoritos-que-a-argentina\/\",\"url\":\"https:\/\/futbolhoy.co\/index.php\/2024\/06\/17\/cafu-optimista-con-brasil-los-veo-mas-favoritos-que-a-argentina\/\",\"name\":\"Caf\u00fa, optimista con Brasil: \\\"Los veo m\u00e1s favoritos que a Argentina\\\" -\",\"isPartOf\":{\"@id\":\"https:\/\/futbolhoy.co\/#website\"},\"primaryImageOfPage\":{\"@id\":\"https:\/\/futbolhoy.co\/index.php\/2024\/06\/17\/cafu-optimista-con-brasil-los-veo-mas-favoritos-que-a-argentina\/#primaryimage\"},\"image\":{\"@id\":\"https:\/\/futbolhoy.co\/index.php\/2024\/06\/17\/cafu-optimista-con-brasil-los-veo-mas-favoritos-que-a-argentina\/#primaryimage\"},\"thumbnailUrl\":\"https:\/\/futbolhoy.co\/wp-content\/uploads\/2024\/06\/Cafu.png\",\"datePublished\":\"2024-06-17T12:38:55+00:00\",\"dateModified\":\"2024-06-18T01:49:39+00:00\",\"breadcrumb\":{\"@id\":\"https:\/\/futbolhoy.co\/index.php\/2024\/06\/17\/cafu-optimista-con-brasil-los-veo-mas-favoritos-que-a-argentina\/#breadcrumb\"},\"inLanguage\":\"es\",\"potentialAction\":[{\"@type\":\"ReadAction\",\"target\":[\"https:\/\/futbolhoy.co\/index.php\/2024\/06\/17\/cafu-optimista-con-brasil-los-veo-mas-favoritos-que-a-argentina\/\"]}]},{\"@type\":\"ImageObject\",\"inLanguage\":\"es\",\"@id\":\"https:\/\/futbolhoy.co\/index.php\/2024\/06\/17\/cafu-optimista-con-brasil-los-veo-mas-favoritos-que-a-argentina\/#primaryimage\",\"url\":\"https:\/\/futbolhoy.co\/wp-content\/uploads\/2024\/06\/Cafu.png\",\"contentUrl\":\"https:\/\/futbolhoy.co\/wp-content\/uploads\/2024\/06\/Cafu.png\",\"width\":1130,\"height\":750},{\"@type\":\"BreadcrumbList\",\"@id\":\"https:\/\/futbolhoy.co\/index.php\/2024\/06\/17\/cafu-optimista-con-brasil-los-veo-mas-favoritos-que-a-argentina\/#breadcrumb\",\"itemListElement\":[{\"@type\":\"ListItem\",\"position\":1,\"name\":\"Portada\",\"item\":\"https:\/\/futbolhoy.co\/\"},{\"@type\":\"ListItem\",\"position\":2,\"name\":\"Caf\u00fa, optimista con Brasil: \\\"Los veo m\u00e1s favoritos que a Argentina\\\"\"}]},{\"@type\":\"WebSite\",\"@id\":\"https:\/\/futbolhoy.co\/#website\",\"url\":\"https:\/\/futbolhoy.co\/\",\"name\":\"FutbolHoy\",\"description\":\"\",\"publisher\":{\"@id\":\"https:\/\/futbolhoy.co\/#organization\"},\"potentialAction\":[{\"@type\":\"SearchAction\",\"target\":{\"@type\":\"EntryPoint\",\"urlTemplate\":\"https:\/\/futbolhoy.co\/?s={search_term_string}\"},\"query-input\":{\"@type\":\"PropertyValueSpecification\",\"valueRequired\":true,\"valueName\":\"search_term_string\"}}],\"inLanguage\":\"es\"},{\"@type\":\"Organization\",\"@id\":\"https:\/\/futbolhoy.co\/#organization\",\"name\":\"Futbolhoy.co\",\"url\":\"https:\/\/futbolhoy.co\/\",\"logo\":{\"@type\":\"ImageObject\",\"inLanguage\":\"es\",\"@id\":\"https:\/\/futbolhoy.co\/#\/schema\/logo\/image\/\",\"url\":\"https:\/\/futbolhoy.co\/wp-content\/uploads\/2018\/08\/17426380_1906371736249227_6326180412931521141_n.jpg\",\"contentUrl\":\"https:\/\/futbolhoy.co\/wp-content\/uploads\/2018\/08\/17426380_1906371736249227_6326180412931521141_n.jpg\",\"width\":960,\"height\":960,\"caption\":\"Futbolhoy.co\"},\"image\":{\"@id\":\"https:\/\/futbolhoy.co\/#\/schema\/logo\/image\/\"},\"sameAs\":[\"https:\/\/www.facebook.com\/FutbolHoyCol\/\",\"https:\/\/x.com\/FutbolHoyCol\",\"https:\/\/www.instagram.com\/futbolhoycol\/\"]},{\"@type\":\"Person\",\"@id\":\"https:\/\/futbolhoy.co\/#\/schema\/person\/1721b69355b6623eaff15ac7b92d4cc3\",\"name\":\"contenido\",\"image\":{\"@type\":\"ImageObject\",\"inLanguage\":\"es\",\"@id\":\"https:\/\/futbolhoy.co\/#\/schema\/person\/image\/\",\"url\":\"https:\/\/secure.gravatar.com\/avatar\/4f656d3256f5134f466206e7c3941518?s=96&d=mm&r=g\",\"contentUrl\":\"https:\/\/secure.gravatar.com\/avatar\/4f656d3256f5134f466206e7c3941518?s=96&d=mm&r=g\",\"caption\":\"contenido\"}}]}<\/script>\n<!-- \/ Yoast SEO plugin. -->","yoast_head_json":{"title":"Caf\u00fa, optimista con Brasil: \"Los veo m\u00e1s favoritos que a Argentina\" -","robots":{"index":"index","follow":"follow","max-snippet":"max-snippet:-1","max-image-preview":"max-image-preview:large","max-video-preview":"max-video-preview:-1"},"canonical":"https:\/\/futbolhoy.co\/index.php\/2024\/06\/17\/cafu-optimista-con-brasil-los-veo-mas-favoritos-que-a-argentina\/","og_locale":"es_ES","og_type":"article","og_title":"Caf\u00fa, optimista con Brasil: \"Los veo m\u00e1s favoritos que a Argentina\" -","og_description":"El excapit\u00e1n de la selecci\u00f3n brasile\u00f1a, Marcos Evangelista de Moraes 'Caf\u00fa', se muestra optimista con la actuaci\u00f3n que puede tener la Canarinha en la Copa Am\u00e9rica que comienza el pr\u00f3ximo jueves en Estados Unidos e, incluso, considera al conjunto de Dorival Junior m\u00e1s favorito que la propia Argentina, vigente campeona. \"En esta Copa Am\u00e9rica, se [&hellip;]","og_url":"https:\/\/futbolhoy.co\/index.php\/2024\/06\/17\/cafu-optimista-con-brasil-los-veo-mas-favoritos-que-a-argentina\/","article_publisher":"https:\/\/www.facebook.com\/FutbolHoyCol\/","article_published_time":"2024-06-17T12:38:55+00:00","article_modified_time":"2024-06-18T01:49:39+00:00","og_image":[{"width":1130,"height":750,"url":"https:\/\/futbolhoy.co\/wp-content\/uploads\/2024\/06\/Cafu.png","type":"image\/png"}],"author":"contenido","twitter_card":"summary_large_image","twitter_creator":"@FutbolHoyCol","twitter_site":"@FutbolHoyCol","twitter_misc":{"Escrito por":"contenido","Tiempo de lectura":"2 minutos"},"schema":{"@context":"https:\/\/schema.org","@graph":[{"@type":"Article","@id":"https:\/\/futbolhoy.co\/index.php\/2024\/06\/17\/cafu-optimista-con-brasil-los-veo-mas-favoritos-que-a-argentina\/#article","isPartOf":{"@id":"https:\/\/futbolhoy.co\/index.php\/2024\/06\/17\/cafu-optimista-con-brasil-los-veo-mas-favoritos-que-a-argentina\/"},"author":{"name":"contenido","@id":"https:\/\/futbolhoy.co\/#\/schema\/person\/1721b69355b6623eaff15ac7b92d4cc3"},"headline":"Caf\u00fa, optimista con Brasil: \"Los veo m\u00e1s favoritos que a Argentina\"","datePublished":"2024-06-17T12:38:55+00:00","dateModified":"2024-06-18T01:49:39+00:00","mainEntityOfPage":{"@id":"https:\/\/futbolhoy.co\/index.php\/2024\/06\/17\/cafu-optimista-con-brasil-los-veo-mas-favoritos-que-a-argentina\/"},"wordCount":334,"commentCount":0,"publisher":{"@id":"https:\/\/futbolhoy.co\/#organization"},"image":{"@id":"https:\/\/futbolhoy.co\/index.php\/2024\/06\/17\/cafu-optimista-con-brasil-los-veo-mas-favoritos-que-a-argentina\/#primaryimage"},"thumbnailUrl":"https:\/\/futbolhoy.co\/wp-content\/uploads\/2024\/06\/Cafu.png","articleSection":["Mundo Futbol"],"inLanguage":"es","potentialAction":[{"@type":"CommentAction","name":"Comment","target":["https:\/\/futbolhoy.co\/index.php\/2024\/06\/17\/cafu-optimista-con-brasil-los-veo-mas-favoritos-que-a-argentina\/#respond"]}]},{"@type":"WebPage","@id":"https:\/\/futbolhoy.co\/index.php\/2024\/06\/17\/cafu-optimista-con-brasil-los-veo-mas-favoritos-que-a-argentina\/","url":"https:\/\/futbolhoy.co\/index.php\/2024\/06\/17\/cafu-optimista-con-brasil-los-veo-mas-favoritos-que-a-argentina\/","name":"Caf\u00fa, optimista con Brasil: \"Los veo m\u00e1s favoritos que a Argentina\" -","isPartOf":{"@id":"https:\/\/futbolhoy.co\/#website"},"primaryImageOfPage":{"@id":"https:\/\/futbolhoy.co\/index.php\/2024\/06\/17\/cafu-optimista-con-brasil-los-veo-mas-favoritos-que-a-argentina\/#primaryimage"},"image":{"@id":"https:\/\/futbolhoy.co\/index.php\/2024\/06\/17\/cafu-optimista-con-brasil-los-veo-mas-favoritos-que-a-argentina\/#primaryimage"},"thumbnailUrl":"https:\/\/futbolhoy.co\/wp-content\/uploads\/2024\/06\/Cafu.png","datePublished":"2024-06-17T12:38:55+00:00","dateModified":"2024-06-18T01:49:39+00:00","breadcrumb":{"@id":"https:\/\/futbolhoy.co\/index.php\/2024\/06\/17\/cafu-optimista-con-brasil-los-veo-mas-favoritos-que-a-argentina\/#breadcrumb"},"inLanguage":"es","potentialAction":[{"@type":"ReadAction","target":["https:\/\/futbolhoy.co\/index.php\/2024\/06\/17\/cafu-optimista-con-brasil-los-veo-mas-favoritos-que-a-argentina\/"]}]},{"@type":"ImageObject","inLanguage":"es","@id":"https:\/\/futbolhoy.co\/index.php\/2024\/06\/17\/cafu-optimista-con-brasil-los-veo-mas-favoritos-que-a-argentina\/#primaryimage","url":"https:\/\/futbolhoy.co\/wp-content\/uploads\/2024\/06\/Cafu.png","contentUrl":"https:\/\/futbolhoy.co\/wp-content\/uploads\/2024\/06\/Cafu.png","width":1130,"height":750},{"@type":"BreadcrumbList","@id":"https:\/\/futbolhoy.co\/index.php\/2024\/06\/17\/cafu-optimista-con-brasil-los-veo-mas-favoritos-que-a-argentina\/#breadcrumb","itemListElement":[{"@type":"ListItem","position":1,"name":"Portada","item":"https:\/\/futbolhoy.co\/"},{"@type":"ListItem","position":2,"name":"Caf\u00fa, optimista con Brasil: \"Los veo m\u00e1s favoritos que a Argentina\""}]},{"@type":"WebSite","@id":"https:\/\/futbolhoy.co\/#website","url":"https:\/\/futbolhoy.co\/","name":"FutbolHoy","description":"","publisher":{"@id":"https:\/\/futbolhoy.co\/#organization"},"potentialAction":[{"@type":"SearchAction","target":{"@type":"EntryPoint","urlTemplate":"https:\/\/futbolhoy.co\/?s={search_term_string}"},"query-input":{"@type":"PropertyValueSpecification","valueRequired":true,"valueName":"search_term_string"}}],"inLanguage":"es"},{"@type":"Organization","@id":"https:\/\/futbolhoy.co\/#organization","name":"Futbolhoy.co","url":"https:\/\/futbolhoy.co\/","logo":{"@type":"ImageObject","inLanguage":"es","@id":"https:\/\/futbolhoy.co\/#\/schema\/logo\/image\/","url":"https:\/\/futbolhoy.co\/wp-content\/uploads\/2018\/08\/17426380_1906371736249227_6326180412931521141_n.jpg","contentUrl":"https:\/\/futbolhoy.co\/wp-content\/uploads\/2018\/08\/17426380_1906371736249227_6326180412931521141_n.jpg","width":960,"height":960,"caption":"Futbolhoy.co"},"image":{"@id":"https:\/\/futbolhoy.co\/#\/schema\/logo\/image\/"},"sameAs":["https:\/\/www.facebook.com\/FutbolHoyCol\/","https:\/\/x.com\/FutbolHoyCol","https:\/\/www.instagram.com\/futbolhoycol\/"]},{"@type":"Person","@id":"https:\/\/futbolhoy.co\/#\/schema\/person\/1721b69355b6623eaff15ac7b92d4cc3","name":"contenido","image":{"@type":"ImageObject","inLanguage":"es","@id":"https:\/\/futbolhoy.co\/#\/schema\/person\/image\/","url":"https:\/\/secure.gravatar.com\/avatar\/4f656d3256f5134f466206e7c3941518?s=96&d=mm&r=g","contentUrl":"https:\/\/secure.gravatar.com\/avatar\/4f656d3256f5134f466206e7c3941518?s=96&d=mm&r=g","caption":"contenido"}}]}},"publishpress_future_action":{"enabled":false,"date":"2026-05-04 20:36:20","action":"change-status","newStatus":"draft","terms":[],"taxonomy":"category","extraData":[]},"publishpress_future_workflow_manual_trigger":{"enabledWorkflows":[]},"_links":{"self":[{"href":"https:\/\/futbolhoy.co\/index.php\/wp-json\/wp\/v2\/posts\/109529","targetHints":{"allow":["GET"]}}],"collection":[{"href":"https:\/\/futbolhoy.co\/index.php\/wp-json\/wp\/v2\/posts"}],"about":[{"href":"https:\/\/futbolhoy.co\/index.php\/wp-json\/wp\/v2\/types\/post"}],"author":[{"embeddable":true,"href":"https:\/\/futbolhoy.co\/index.php\/wp-json\/wp\/v2\/users\/4"}],"replies":[{"embeddable":true,"href":"https:\/\/futbolhoy.co\/index.php\/wp-json\/wp\/v2\/comments?post=109529"}],"version-history":[{"count":1,"href":"https:\/\/futbolhoy.co\/index.php\/wp-json\/wp\/v2\/posts\/109529\/revisions"}],"predecessor-version":[{"id":109531,"href":"https:\/\/futbolhoy.co\/index.php\/wp-json\/wp\/v2\/posts\/109529\/revisions\/109531"}],"wp:featuredmedia":[{"embeddable":true,"href":"https:\/\/futbolhoy.co\/index.php\/wp-json\/wp\/v2\/media\/109530"}],"wp:attachment":[{"href":"https:\/\/futbolhoy.co\/index.php\/wp-json\/wp\/v2\/media?parent=109529"}],"wp:term":[{"taxonomy":"category","embeddable":true,"href":"https:\/\/futbolhoy.co\/index.php\/wp-json\/wp\/v2\/categories?post=109529"},{"taxonomy":"post_tag","embeddable":true,"href":"https:\/\/futbolhoy.co\/index.php\/wp-json\/wp\/v2\/tags?post=109529"}],"curies":[{"name":"wp","href":"https:\/\/api.w.org\/{rel}","templated":true}]}}