{"id":110011,"date":"2024-07-03T09:42:55","date_gmt":"2024-07-03T14:42:55","guid":{"rendered":"https:\/\/futbolhoy.co\/?p=110011"},"modified":"2024-07-04T10:18:13","modified_gmt":"2024-07-04T15:18:13","slug":"james-pone-a-dudar-al-sao-paulo","status":"publish","type":"post","link":"https:\/\/futbolhoy.co\/index.php\/2024\/07\/03\/james-pone-a-dudar-al-sao-paulo\/","title":{"rendered":"James pone a dudar al Sao Paulo"},"content":{"rendered":"<p style=\"text-align: justify;\"><span style=\"font-family: helvetica, arial, sans-serif;\"><strong>James Rodr\u00edguez<\/strong> est\u00e1 firmando una <strong>Copa<\/strong> <strong>Am\u00e9rica<\/strong> de un alt\u00edsimo nivel. El volante cucute\u00f1o ha sido el eje de la <strong>Selecci\u00f3n<\/strong> <strong>Colombia<\/strong> en la competici\u00f3n, fue escogido dos veces el mejor jugador del partido en tres duelos disputados y estuvo en el once ideal de la fecha en las dos primeras jornadas.<\/span><\/p>\n<p style=\"text-align: justify;\"><span style=\"font-family: helvetica, arial, sans-serif;\">Ante <strong>Brasil<\/strong>, el 10 volvi\u00f3 a demostrar su talento y capacidad, que una vez m\u00e1s fueron elogiados. Al t\u00e9rmino del compromiso, James salud\u00f3 al presidente del <strong>Sao Paulo, Julio Casares,<\/strong> quien destac\u00f3 el acto del jugador.<\/span><\/p>\n<p style=\"text-align: justify;\"><span style=\"font-family: helvetica, arial, sans-serif;\">\u201cJames lleg\u00f3 a Sao Paulo por sus condiciones y lo que est\u00e1 mostrando en la Copa Am\u00e9rica ratifica su gran nivel\u2026 Una vez concluya el torneo se definir\u00e1 la situaci\u00f3n del volante en el club\u201d, dijo.<\/span><\/p>\n<p style=\"text-align: justify;\"><span style=\"font-family: helvetica, arial, sans-serif;\">Es de mencionar que James ha jugado poco en el equipo Paulista en lo que va del a\u00f1o. El t\u00e9cnico <strong>Luis Zubeld\u00eda<\/strong> no lo ha tenido en cuenta para los partidos y por eso se especula que James saldr\u00eda de la instituci\u00f3n. No obstante, su gran nivel har\u00eda pensar al club sobre dejarlo marchar.<\/span><\/p>\n","protected":false},"excerpt":{"rendered":"<p>James Rodr\u00edguez est\u00e1 firmando una Copa Am\u00e9rica de un alt\u00edsimo nivel. El volante cucute\u00f1o ha sido el eje de la Selecci\u00f3n Colombia en la competici\u00f3n, fue escogido dos veces el mejor jugador del partido en tres duelos disputados y estuvo en el once ideal de la fecha en las dos primeras jornadas. Ante Brasil, el [&hellip;]<\/p>\n","protected":false},"author":4,"featured_media":110012,"comment_status":"open","ping_status":"closed","sticky":false,"template":"","format":"standard","meta":{"_acf_changed":false,"footnotes":""},"categories":[418,1525],"tags":[],"class_list":{"0":"post-110011","1":"post","2":"type-post","3":"status-publish","4":"format-standard","5":"has-post-thumbnail","7":"category-colombia","8":"category-copa-america"},"acf":[],"_links":{"self":[{"href":"https:\/\/futbolhoy.co\/index.php\/wp-json\/wp\/v2\/posts\/110011","targetHints":{"allow":["GET"]}}],"collection":[{"href":"https:\/\/futbolhoy.co\/index.php\/wp-json\/wp\/v2\/posts"}],"about":[{"href":"https:\/\/futbolhoy.co\/index.php\/wp-json\/wp\/v2\/types\/post"}],"author":[{"embeddable":true,"href":"https:\/\/futbolhoy.co\/index.php\/wp-json\/wp\/v2\/users\/4"}],"replies":[{"embeddable":true,"href":"https:\/\/futbolhoy.co\/index.php\/wp-json\/wp\/v2\/comments?post=110011"}],"version-history":[{"count":1,"href":"https:\/\/futbolhoy.co\/index.php\/wp-json\/wp\/v2\/posts\/110011\/revisions"}],"predecessor-version":[{"id":110013,"href":"https:\/\/futbolhoy.co\/index.php\/wp-json\/wp\/v2\/posts\/110011\/revisions\/110013"}],"wp:featuredmedia":[{"embeddable":true,"href":"https:\/\/futbolhoy.co\/index.php\/wp-json\/wp\/v2\/media\/110012"}],"wp:attachment":[{"href":"https:\/\/futbolhoy.co\/index.php\/wp-json\/wp\/v2\/media?parent=110011"}],"wp:term":[{"taxonomy":"category","embeddable":true,"href":"https:\/\/futbolhoy.co\/index.php\/wp-json\/wp\/v2\/categories?post=110011"},{"taxonomy":"post_tag","embeddable":true,"href":"https:\/\/futbolhoy.co\/index.php\/wp-json\/wp\/v2\/tags?post=110011"}],"curies":[{"name":"wp","href":"https:\/\/api.w.org\/{rel}","templated":true}]}}