{"id":110017,"date":"2024-07-03T18:42:37","date_gmt":"2024-07-03T23:42:37","guid":{"rendered":"https:\/\/futbolhoy.co\/?p=110017"},"modified":"2024-07-04T16:22:15","modified_gmt":"2024-07-04T21:22:15","slug":"james-y-daniel-munoz-entre-los-once-mejores-de-la-semana-de-la-copa","status":"publish","type":"post","link":"https:\/\/futbolhoy.co\/index.php\/2024\/07\/03\/james-y-daniel-munoz-entre-los-once-mejores-de-la-semana-de-la-copa\/","title":{"rendered":"James y Daniel Mu\u00f1oz, entre los once mejores de la semana de la Copa"},"content":{"rendered":"<p style=\"text-align: justify;\"><span style=\"font-family: helvetica, arial, sans-serif;\"><span style=\"font-weight: 400;\">Dos colombianos hacen parte del once ideal de la Conmebol en la Copa Am\u00e9rica esta semana, luego del empate de la Selecci\u00f3n <\/span><b>Colombia frente a Brasil por la tercera jornada del Grupo D: James Rodr\u00edguez y Daniel Mu\u00f1oz.<\/b><\/span><\/p>\n<p style=\"text-align: justify;\"><span style=\"font-family: helvetica, arial, sans-serif;\"><b>Nuevamente hay presencia colombiana<\/b><span style=\"font-weight: 400;\"> entre los mejores jugadores de la fecha en la Copa Am\u00e9rica, siendo adem\u00e1s James Rodr\u00edguez quien ha hecho presencia en las tres semanas de la Conmebol eligiendo el equipo ideal.<\/span><\/span><\/p>\n<p style=\"text-align: justify;\"><span style=\"font-family: helvetica, arial, sans-serif;\"><span style=\"font-weight: 400;\">As\u00ed mismo, en esta ocasi\u00f3n el once ideal solamente tiene jugadores <\/span><b>de equipos clasificados a los cuartos de final.<\/b><\/span><\/p>\n<p style=\"text-align: justify;\"><span style=\"font-family: helvetica, arial, sans-serif;\"><span style=\"font-weight: 400;\">Daniel Mu\u00f1oz<\/span><b>, con el gol que le marc\u00f3 a Brasil en esta jornada<\/b><span style=\"font-weight: 400;\">, tambi\u00e9n hace parte de los mejores jugadores del torneo en esta semana.<\/span><\/span><\/p>\n<p style=\"text-align: justify;\"><span style=\"font-family: helvetica, arial, sans-serif;\"><b>XI ideal de la Copa Am\u00e9rica en la fecha 3 de grupos:<\/b><\/span><\/p>\n<p style=\"text-align: justify;\"><span style=\"font-weight: 400; font-family: helvetica, arial, sans-serif;\">Alexander Dom\u00ednguez (Ecuador);\u00a0<\/span><\/p>\n<p style=\"text-align: justify;\"><span style=\"font-family: helvetica, arial, sans-serif;\"><b>Daniel Mu\u00f1oz (Colombia), <\/b><span style=\"font-weight: 400;\">Ronald Ara\u00fajo (Uruguay), Marquinhos (Brasil), Alphonso Davies (Canad\u00e1);<\/span><\/span><\/p>\n<p style=\"text-align: justify;\"><span style=\"font-family: helvetica, arial, sans-serif;\"><span style=\"font-weight: 400;\">Manuel Ugarte (Uruguay), Cristian Mart\u00ednez (Panam\u00e1), <\/span><b>James Rodr\u00edguez (Colombia);\u00a0<\/b><\/span><\/p>\n<p style=\"text-align: justify;\"><span style=\"font-weight: 400; font-family: helvetica, arial, sans-serif;\">Eduard Bello (Venezuela), Lautaro Mart\u00ednez (Argentina) y Raphinha (Brasil)<\/span><\/p>\n<blockquote class=\"twitter-tweet\">\n<p dir=\"ltr\" lang=\"es\">Nueva ronda, nuevo equipo de la semana cortes\u00eda de <a href=\"https:\/\/twitter.com\/pumafootball?ref_src=twsrc%5Etfw\">@pumafootball<\/a> \ud83c\udf1f <a href=\"https:\/\/t.co\/JVjb7VTuFN\">pic.twitter.com\/JVjb7VTuFN<\/a><\/p>\n<p>\u2014 CONMEBOL Copa Am\u00e9rica\u2122\ufe0f (@CopaAmerica) <a href=\"https:\/\/twitter.com\/CopaAmerica\/status\/1808516378246152493?ref_src=twsrc%5Etfw\">July 3, 2024<\/a><\/p><\/blockquote>\n<p><script async src=\"https:\/\/platform.twitter.com\/widgets.js\" charset=\"utf-8\"><\/script><\/p>\n","protected":false},"excerpt":{"rendered":"<p>Dos colombianos hacen parte del once ideal de la Conmebol en la Copa Am\u00e9rica esta semana, luego del empate de la Selecci\u00f3n Colombia frente a Brasil por la tercera jornada del Grupo D: James Rodr\u00edguez y Daniel Mu\u00f1oz. Nuevamente hay presencia colombiana entre los mejores jugadores de la fecha en la Copa Am\u00e9rica, siendo adem\u00e1s [&hellip;]<\/p>\n","protected":false},"author":4,"featured_media":110018,"comment_status":"open","ping_status":"closed","sticky":false,"template":"","format":"standard","meta":{"_acf_changed":false,"footnotes":""},"categories":[418],"tags":[],"class_list":{"0":"post-110017","1":"post","2":"type-post","3":"status-publish","4":"format-standard","5":"has-post-thumbnail","7":"category-colombia"},"acf":[],"_links":{"self":[{"href":"https:\/\/futbolhoy.co\/index.php\/wp-json\/wp\/v2\/posts\/110017","targetHints":{"allow":["GET"]}}],"collection":[{"href":"https:\/\/futbolhoy.co\/index.php\/wp-json\/wp\/v2\/posts"}],"about":[{"href":"https:\/\/futbolhoy.co\/index.php\/wp-json\/wp\/v2\/types\/post"}],"author":[{"embeddable":true,"href":"https:\/\/futbolhoy.co\/index.php\/wp-json\/wp\/v2\/users\/4"}],"replies":[{"embeddable":true,"href":"https:\/\/futbolhoy.co\/index.php\/wp-json\/wp\/v2\/comments?post=110017"}],"version-history":[{"count":1,"href":"https:\/\/futbolhoy.co\/index.php\/wp-json\/wp\/v2\/posts\/110017\/revisions"}],"predecessor-version":[{"id":110019,"href":"https:\/\/futbolhoy.co\/index.php\/wp-json\/wp\/v2\/posts\/110017\/revisions\/110019"}],"wp:featuredmedia":[{"embeddable":true,"href":"https:\/\/futbolhoy.co\/index.php\/wp-json\/wp\/v2\/media\/110018"}],"wp:attachment":[{"href":"https:\/\/futbolhoy.co\/index.php\/wp-json\/wp\/v2\/media?parent=110017"}],"wp:term":[{"taxonomy":"category","embeddable":true,"href":"https:\/\/futbolhoy.co\/index.php\/wp-json\/wp\/v2\/categories?post=110017"},{"taxonomy":"post_tag","embeddable":true,"href":"https:\/\/futbolhoy.co\/index.php\/wp-json\/wp\/v2\/tags?post=110017"}],"curies":[{"name":"wp","href":"https:\/\/api.w.org\/{rel}","templated":true}]}}