{"id":110027,"date":"2024-07-04T07:59:29","date_gmt":"2024-07-04T12:59:29","guid":{"rendered":"https:\/\/futbolhoy.co\/?p=110027"},"modified":"2024-07-04T20:41:06","modified_gmt":"2024-07-05T01:41:06","slug":"jose-cordoba-por-partido-ante-colombia-sabemos-lo-peligrosos-que-son","status":"publish","type":"post","link":"https:\/\/futbolhoy.co\/index.php\/2024\/07\/04\/jose-cordoba-por-partido-ante-colombia-sabemos-lo-peligrosos-que-son\/","title":{"rendered":"Jos\u00e9 C\u00f3rdoba por partido ante Colombia: \u201cSabemos lo peligrosos que son\u201d"},"content":{"rendered":"<p style=\"text-align: justify;\"><span style=\"font-family: helvetica, arial, sans-serif;\"><span style=\"font-weight: 400;\">El jugador de la Selecci\u00f3n de Panam\u00e1,<\/span><b> Jos\u00e9 C\u00f3rdoba, habl\u00f3 en rueda de prensa sobre el duelo que vivir\u00e1 su equipo frente a Colombia<\/b><span style=\"font-weight: 400;\"> por los cuartos de final de la Copa Am\u00e9rica: \u201csabemos lo peligrosos que son\u201d.<\/span><\/span><\/p>\n<p style=\"text-align: justify;\"><span style=\"font-family: helvetica, arial, sans-serif;\"><span style=\"font-weight: 400;\">\u00abCreo que<\/span><b> tendremos que ser muy efectivos<\/b><span style=\"font-weight: 400;\"> a la hora de tener la pelota. Hay que ser muy efectivos, la verdad. Cada opci\u00f3n que tengamos, aprovecharla al m\u00e1ximo, porque sabemos lo peligrosos que s<\/span><b>on\u00bb, declar\u00f3 el zaguero reci\u00e9n fichado por el Norwich de Inglaterra.<\/b><\/span><\/p>\n<p style=\"text-align: justify;\"><span style=\"font-family: helvetica, arial, sans-serif;\"><span style=\"font-weight: 400;\">El jugador de 23 a\u00f1os confirm\u00f3 que han visto en repetidas ocasiones los partidos de la Selecci\u00f3n <\/span><b>Colombia y son conscientes de \u201clo fuertes que son<\/b><span style=\"font-weight: 400;\">\u201d.<\/span><\/span><\/p>\n<p style=\"text-align: justify;\"><span style=\"font-family: helvetica, arial, sans-serif;\"><span style=\"font-weight: 400;\">\u00abEstamos<\/span><b> muy concentrados para que no suceda<\/b><span style=\"font-weight: 400;\">n ese tipo de situaciones (jugadas a bal\u00f3n parado). Sabemos lo fuertes que son y nosotros tambi\u00e9n nos haremos fuertes para no darles mucha ventaja\u00bb, afirm\u00f3.<\/span><\/span><\/p>\n<p style=\"text-align: justify;\"><span style=\"font-family: helvetica, arial, sans-serif;\"><b>\u00abNos atamos muy r\u00e1pido el uno al otro<\/b><span style=\"font-weight: 400;\"> y las sensaciones siempre han sido positivas. Eso nos ha ayudado much\u00edsimo\u00bb, asegur\u00f3.<\/span><\/span><\/p>\n<p style=\"text-align: justify;\"><span style=\"font-family: helvetica, arial, sans-serif;\"><span style=\"font-weight: 400;\">Este s\u00e1bado, Panam\u00e1 jugar\u00e1 contra una Selecci\u00f3n Colombia que lleva 26 partidos invicta, en un duelo que se<\/span><b> vivir\u00e1 en el State Farm Stadium, de Glendale, casa de los Arizona Cardinals<\/b><span style=\"font-weight: 400;\">.<\/span><\/span><\/p>\n","protected":false},"excerpt":{"rendered":"<p>El jugador de la Selecci\u00f3n de Panam\u00e1, Jos\u00e9 C\u00f3rdoba, habl\u00f3 en rueda de prensa sobre el duelo que vivir\u00e1 su equipo frente a Colombia por los cuartos de final de la Copa Am\u00e9rica: \u201csabemos lo peligrosos que son\u201d. \u00abCreo que tendremos que ser muy efectivos a la hora de tener la pelota. Hay que ser [&hellip;]<\/p>\n","protected":false},"author":4,"featured_media":110028,"comment_status":"open","ping_status":"closed","sticky":false,"template":"","format":"standard","meta":{"_acf_changed":false,"footnotes":""},"categories":[418],"tags":[],"class_list":{"0":"post-110027","1":"post","2":"type-post","3":"status-publish","4":"format-standard","5":"has-post-thumbnail","7":"category-colombia"},"acf":[],"_links":{"self":[{"href":"https:\/\/futbolhoy.co\/index.php\/wp-json\/wp\/v2\/posts\/110027","targetHints":{"allow":["GET"]}}],"collection":[{"href":"https:\/\/futbolhoy.co\/index.php\/wp-json\/wp\/v2\/posts"}],"about":[{"href":"https:\/\/futbolhoy.co\/index.php\/wp-json\/wp\/v2\/types\/post"}],"author":[{"embeddable":true,"href":"https:\/\/futbolhoy.co\/index.php\/wp-json\/wp\/v2\/users\/4"}],"replies":[{"embeddable":true,"href":"https:\/\/futbolhoy.co\/index.php\/wp-json\/wp\/v2\/comments?post=110027"}],"version-history":[{"count":1,"href":"https:\/\/futbolhoy.co\/index.php\/wp-json\/wp\/v2\/posts\/110027\/revisions"}],"predecessor-version":[{"id":110029,"href":"https:\/\/futbolhoy.co\/index.php\/wp-json\/wp\/v2\/posts\/110027\/revisions\/110029"}],"wp:featuredmedia":[{"embeddable":true,"href":"https:\/\/futbolhoy.co\/index.php\/wp-json\/wp\/v2\/media\/110028"}],"wp:attachment":[{"href":"https:\/\/futbolhoy.co\/index.php\/wp-json\/wp\/v2\/media?parent=110027"}],"wp:term":[{"taxonomy":"category","embeddable":true,"href":"https:\/\/futbolhoy.co\/index.php\/wp-json\/wp\/v2\/categories?post=110027"},{"taxonomy":"post_tag","embeddable":true,"href":"https:\/\/futbolhoy.co\/index.php\/wp-json\/wp\/v2\/tags?post=110027"}],"curies":[{"name":"wp","href":"https:\/\/api.w.org\/{rel}","templated":true}]}}