{"id":110031,"date":"2024-07-04T17:10:08","date_gmt":"2024-07-04T22:10:08","guid":{"rendered":"https:\/\/futbolhoy.co\/?p=110031"},"modified":"2024-07-04T22:25:40","modified_gmt":"2024-07-05T03:25:40","slug":"juan-carlos-osorio-debuta-en-su-regreso-al-futbol-mexicano","status":"publish","type":"post","link":"https:\/\/futbolhoy.co\/index.php\/2024\/07\/04\/juan-carlos-osorio-debuta-en-su-regreso-al-futbol-mexicano\/","title":{"rendered":"Juan Carlos Osorio debuta en su regreso al f\u00fatbol mexicano"},"content":{"rendered":"<p style=\"text-align: justify;\"><span style=\"font-family: helvetica, arial, sans-serif;\"><b>Juan Carlos Osorio <\/b><span style=\"font-weight: 400;\">debutar\u00e1 este viernes en su regreso al f\u00fatbol mexicano, cuando su equipo <\/span><b>Tijuana visite al Quer\u00e9taro en la primera jornada del Torneo Apertura 2024.<\/b><\/span><\/p>\n<p style=\"text-align: justify;\"><span style=\"font-family: helvetica, arial, sans-serif;\"><b>El t\u00e9cnico colombiano debutar\u00e1 en el estadio La Corregidor<\/b><span style=\"font-weight: 400;\">a ante Quer\u00e9taro, dirigido por el argentino Mauro Gerk.\u00a0<\/span><\/span><\/p>\n<p style=\"text-align: justify;\"><span style=\"font-family: helvetica, arial, sans-serif;\"><b>A sus 62 a\u00f1os, Osorio volver\u00e1 al f\u00fatbol mexicano con Tijuana<\/b><span style=\"font-weight: 400;\">, equipo que termin\u00f3 en la parte baja de la clasificaci\u00f3n en el pasado campeonato con el\u00a0 mexicano Miguel Herrera al frente.<\/span><\/span><\/p>\n<p style=\"text-align: justify;\"><span style=\"font-family: helvetica, arial, sans-serif;\"><span style=\"font-weight: 400;\">\u00abEstoy contento, tranquilo, ilusionado, <\/span><b>esperanzado en hacer cosas importantes<\/b><span style=\"font-weight: 400;\">, tener logros deportivos y contribuir al futbol mexicano, aport\u00e1ndole jugadores al club y, ojal\u00e1, a la selecci\u00f3n\u00bb, dijo Osorio en la previa de su debut.<\/span><\/span><\/p>\n<p style=\"text-align: justify;\"><span style=\"font-family: helvetica, arial, sans-serif;\"><span style=\"font-weight: 400;\">Fue en 2012 cuando el &#8216;Profe&#8217; Osorio tuvo una breve participaci\u00f3n de casi tres meses en la liga mexicana con el Puebla. Despu\u00e9s, en 2015, qued\u00f3 como seleccionador de M\u00e9xico, <\/span><b>cargo que mantuvo hasta 2018.<\/b><\/span><\/p>\n","protected":false},"excerpt":{"rendered":"<p>Juan Carlos Osorio debutar\u00e1 este viernes en su regreso al f\u00fatbol mexicano, cuando su equipo Tijuana visite al Quer\u00e9taro en la primera jornada del Torneo Apertura 2024. El t\u00e9cnico colombiano debutar\u00e1 en el estadio La Corregidora ante Quer\u00e9taro, dirigido por el argentino Mauro Gerk.\u00a0 A sus 62 a\u00f1os, Osorio volver\u00e1 al f\u00fatbol mexicano con Tijuana, [&hellip;]<\/p>\n","protected":false},"author":4,"featured_media":110032,"comment_status":"open","ping_status":"closed","sticky":false,"template":"","format":"standard","meta":{"_acf_changed":false,"footnotes":""},"categories":[152],"tags":[],"class_list":{"0":"post-110031","1":"post","2":"type-post","3":"status-publish","4":"format-standard","5":"has-post-thumbnail","7":"category-mundo-futbol"},"acf":[],"_links":{"self":[{"href":"https:\/\/futbolhoy.co\/index.php\/wp-json\/wp\/v2\/posts\/110031","targetHints":{"allow":["GET"]}}],"collection":[{"href":"https:\/\/futbolhoy.co\/index.php\/wp-json\/wp\/v2\/posts"}],"about":[{"href":"https:\/\/futbolhoy.co\/index.php\/wp-json\/wp\/v2\/types\/post"}],"author":[{"embeddable":true,"href":"https:\/\/futbolhoy.co\/index.php\/wp-json\/wp\/v2\/users\/4"}],"replies":[{"embeddable":true,"href":"https:\/\/futbolhoy.co\/index.php\/wp-json\/wp\/v2\/comments?post=110031"}],"version-history":[{"count":2,"href":"https:\/\/futbolhoy.co\/index.php\/wp-json\/wp\/v2\/posts\/110031\/revisions"}],"predecessor-version":[{"id":110034,"href":"https:\/\/futbolhoy.co\/index.php\/wp-json\/wp\/v2\/posts\/110031\/revisions\/110034"}],"wp:featuredmedia":[{"embeddable":true,"href":"https:\/\/futbolhoy.co\/index.php\/wp-json\/wp\/v2\/media\/110032"}],"wp:attachment":[{"href":"https:\/\/futbolhoy.co\/index.php\/wp-json\/wp\/v2\/media?parent=110031"}],"wp:term":[{"taxonomy":"category","embeddable":true,"href":"https:\/\/futbolhoy.co\/index.php\/wp-json\/wp\/v2\/categories?post=110031"},{"taxonomy":"post_tag","embeddable":true,"href":"https:\/\/futbolhoy.co\/index.php\/wp-json\/wp\/v2\/tags?post=110031"}],"curies":[{"name":"wp","href":"https:\/\/api.w.org\/{rel}","templated":true}]}}