{"id":110061,"date":"2024-07-04T19:30:36","date_gmt":"2024-07-05T00:30:36","guid":{"rendered":"https:\/\/futbolhoy.co\/?p=110061"},"modified":"2024-07-05T14:55:28","modified_gmt":"2024-07-05T19:55:28","slug":"destituido-en-ecuador-el-tecnico-felix-sanchez","status":"publish","type":"post","link":"https:\/\/futbolhoy.co\/index.php\/2024\/07\/04\/destituido-en-ecuador-el-tecnico-felix-sanchez\/","title":{"rendered":"Destituido en Ecuador el t\u00e9cnico F\u00e9lix S\u00e1nchez"},"content":{"rendered":"<p style=\"text-align: justify;\"><span style=\"font-family: helvetica, arial, sans-serif;\"><b><span lang=\"ES-MX\">La Federaci\u00f3n Ecuatoriana de F\u00fatbol<\/span><\/b><span lang=\"ES-MX\">\u00a0emiti\u00f3 un comunicado en el que anunci\u00f3 que el espa\u00f1ol\u00a0<b>F\u00e9lix S\u00e1nchez Bas<\/b>\u00a0deja de ser el seleccionador del equipo de mayores luego de la eliminaci\u00f3n de la\u00a0<b>Copa Am\u00e9rica<\/b>\u00a0en los cuartos de final, tras\u00a0<b>caer 4-2 ante Argentina en lanzamientos desde el punto penalti<\/b>, tras igualar 1-1 en el tiempo reglamentario.<\/span><\/span><\/p>\n<p style=\"text-align: justify;\"><span lang=\"ES-MX\" style=\"font-family: helvetica, arial, sans-serif;\">S\u00e1nchez no quiso confirmar tal extremo en la rueda de prensa porque, seg\u00fan dijo, no era \u00abel momento cuando se est\u00e1 digiriendo la derrota adem\u00e1s en una tanda de penaltis, que es m\u00e1s doloroso\u00bb.<\/span><\/p>\n<p style=\"text-align: justify;\"><span lang=\"ES-MX\" style=\"font-family: helvetica, arial, sans-serif;\">Una hora despu\u00e9s, la\u00a0<b>FEF<\/b>\u00a0emiti\u00f3 un comunicado en el anunciaba que \u00abse ha acordado la terminaci\u00f3n del v\u00ednculo contractual con el director t\u00e9cnico F\u00e9lix S\u00e1nchez\u00bb.<\/span><\/p>\n<p style=\"text-align: justify;\"><span lang=\"ES-MX\" style=\"font-family: helvetica, arial, sans-serif;\">\u00abAgradecemos a F\u00e9lix y su cuerpo t\u00e9cnico por su trabajo, profesionalismo y le deseamos \u00e9xito en sus futuros proyectos\u00bb, terminaba el comunicado.<\/span><\/p>\n<p style=\"text-align: justify;\"><span lang=\"ES-MX\" style=\"font-family: helvetica, arial, sans-serif;\">F\u00e9lix S\u00e1nchez Bas fue contratado en marzo del a\u00f1o pasado,\u00a0<b>con un v\u00ednculo hasta 2026<\/b>, pero ha tenido una fuerte oposici\u00f3n a su gesti\u00f3n por una parte de la afici\u00f3n y los medios ecuatorianos.<\/span><\/p>\n<p style=\"text-align: justify;\"><span lang=\"ES-MX\" style=\"font-family: helvetica, arial, sans-serif;\">El espa\u00f1ol dirigi\u00f3\u00a0<b>19 partidos, gan\u00f3 10, empat\u00f3 4 y perdi\u00f3 5, para un rendimiento del 53,83 %.<\/b><\/span><\/p>\n","protected":false},"excerpt":{"rendered":"<p>La Federaci\u00f3n Ecuatoriana de F\u00fatbol\u00a0emiti\u00f3 un comunicado en el que anunci\u00f3 que el espa\u00f1ol\u00a0F\u00e9lix S\u00e1nchez Bas\u00a0deja de ser el seleccionador del equipo de mayores luego de la eliminaci\u00f3n de la\u00a0Copa Am\u00e9rica\u00a0en los cuartos de final, tras\u00a0caer 4-2 ante Argentina en lanzamientos desde el punto penalti, tras igualar 1-1 en el tiempo reglamentario. S\u00e1nchez no quiso [&hellip;]<\/p>\n","protected":false},"author":5,"featured_media":110062,"comment_status":"open","ping_status":"closed","sticky":false,"template":"","format":"standard","meta":{"_acf_changed":false,"footnotes":""},"categories":[152],"tags":[],"class_list":{"0":"post-110061","1":"post","2":"type-post","3":"status-publish","4":"format-standard","5":"has-post-thumbnail","7":"category-mundo-futbol"},"acf":[],"_links":{"self":[{"href":"https:\/\/futbolhoy.co\/index.php\/wp-json\/wp\/v2\/posts\/110061","targetHints":{"allow":["GET"]}}],"collection":[{"href":"https:\/\/futbolhoy.co\/index.php\/wp-json\/wp\/v2\/posts"}],"about":[{"href":"https:\/\/futbolhoy.co\/index.php\/wp-json\/wp\/v2\/types\/post"}],"author":[{"embeddable":true,"href":"https:\/\/futbolhoy.co\/index.php\/wp-json\/wp\/v2\/users\/5"}],"replies":[{"embeddable":true,"href":"https:\/\/futbolhoy.co\/index.php\/wp-json\/wp\/v2\/comments?post=110061"}],"version-history":[{"count":1,"href":"https:\/\/futbolhoy.co\/index.php\/wp-json\/wp\/v2\/posts\/110061\/revisions"}],"predecessor-version":[{"id":110063,"href":"https:\/\/futbolhoy.co\/index.php\/wp-json\/wp\/v2\/posts\/110061\/revisions\/110063"}],"wp:featuredmedia":[{"embeddable":true,"href":"https:\/\/futbolhoy.co\/index.php\/wp-json\/wp\/v2\/media\/110062"}],"wp:attachment":[{"href":"https:\/\/futbolhoy.co\/index.php\/wp-json\/wp\/v2\/media?parent=110061"}],"wp:term":[{"taxonomy":"category","embeddable":true,"href":"https:\/\/futbolhoy.co\/index.php\/wp-json\/wp\/v2\/categories?post=110061"},{"taxonomy":"post_tag","embeddable":true,"href":"https:\/\/futbolhoy.co\/index.php\/wp-json\/wp\/v2\/tags?post=110061"}],"curies":[{"name":"wp","href":"https:\/\/api.w.org\/{rel}","templated":true}]}}