{"id":110082,"date":"2024-07-05T13:51:59","date_gmt":"2024-07-05T18:51:59","guid":{"rendered":"https:\/\/futbolhoy.co\/?p=110082"},"modified":"2024-07-06T08:06:32","modified_gmt":"2024-07-06T13:06:32","slug":"francia-elimino-a-portugal-y-se-vera-con-espana-en-semifinales","status":"publish","type":"post","link":"https:\/\/futbolhoy.co\/index.php\/2024\/07\/05\/francia-elimino-a-portugal-y-se-vera-con-espana-en-semifinales\/","title":{"rendered":"Francia elimin\u00f3 a Portugal y se ver\u00e1 con Espa\u00f1a en semifinales"},"content":{"rendered":"<p style=\"text-align: justify;\"><span style=\"font-family: helvetica, arial, sans-serif;\"><span style=\"font-weight: 400;\">La Selecci\u00f3n de Francia consigui\u00f3 el pase a las semifinales de la Eurocopa tras un sufrido partido <\/span><b>ante la Portugal de Cristiano Ronaldo,<\/b><span style=\"font-weight: 400;\"> en un duelo que termin\u00f3 sin goles y se defini\u00f3 en la tanda de penaltis.<\/span><\/span><\/p>\n<p style=\"text-align: justify;\"><span style=\"font-family: helvetica, arial, sans-serif;\"><b>Los penaltis definieron al siguienre clasificado a las semis,<\/b><span style=\"font-weight: 400;\"> tras lo hecho por Espa\u00f1a al eliminar a la local Alemania.<\/span><\/span><\/p>\n<p style=\"text-align: justify;\"><span style=\"font-family: helvetica, arial, sans-serif;\"><span style=\"font-weight: 400;\">En Francia comenz\u00f3 pateando<\/span><b> Ousmane Dembel\u00e9 y en Portugal el capit\u00e1n Cristiano Ronaldo,<\/b><span style=\"font-weight: 400;\"> como era de esperarse, ambos anotaron. En el segundo cobro para los franceses el turno fue de Youssouf Fofana y para los lusos fue Bernardo Silva, nuevamente los dos gritaron gol.\u00a0<\/span><\/span><\/p>\n<p style=\"text-align: justify;\"><span style=\"font-family: helvetica, arial, sans-serif;\"><span style=\"font-weight: 400;\">Para el tercer cobro fall\u00f3<\/span><b> Joao F\u00e9lix con Portugal y aunque Nuno Mendes<\/b><span style=\"font-weight: 400;\"> anot\u00f3 el cuarto tiro para Portugal, no pudo evitar que en Francia marcaran todos al hilo: Jules Kound\u00e9, Bradley Barcola y Theo Hern\u00e1ndez.<\/span><\/span><\/p>\n<p style=\"text-align: justify;\"><span style=\"font-weight: 400; font-family: helvetica, arial, sans-serif;\">As\u00ed las cosas, Pepe y Cristiano Ronaldo se vieron muy afectados por la derrota de su selecci\u00f3n, en el que posiblemente fue su \u00faltimo partido de Eurocopa de ambos experimentados e \u00eddolos de la selecci\u00f3n lusa.\u00a0<\/span><\/p>\n<p style=\"text-align: justify;\"><span style=\"font-family: helvetica, arial, sans-serif;\"><span style=\"font-weight: 400;\">Ahora en semifinales Francia se medir\u00e1 con Espa\u00f1a, en b\u00fasqueda de uno de los cupos a la final de <\/span><b>la Eurocopa 2024.<\/b><\/span><\/p>\n","protected":false},"excerpt":{"rendered":"<p>La Selecci\u00f3n de Francia consigui\u00f3 el pase a las semifinales de la Eurocopa tras un sufrido partido ante la Portugal de Cristiano Ronaldo, en un duelo que termin\u00f3 sin goles y se defini\u00f3 en la tanda de penaltis. Los penaltis definieron al siguienre clasificado a las semis, tras lo hecho por Espa\u00f1a al eliminar a [&hellip;]<\/p>\n","protected":false},"author":4,"featured_media":110083,"comment_status":"open","ping_status":"closed","sticky":false,"template":"","format":"standard","meta":{"_acf_changed":false,"footnotes":""},"categories":[152],"tags":[],"class_list":{"0":"post-110082","1":"post","2":"type-post","3":"status-publish","4":"format-standard","5":"has-post-thumbnail","7":"category-mundo-futbol"},"acf":[],"_links":{"self":[{"href":"https:\/\/futbolhoy.co\/index.php\/wp-json\/wp\/v2\/posts\/110082","targetHints":{"allow":["GET"]}}],"collection":[{"href":"https:\/\/futbolhoy.co\/index.php\/wp-json\/wp\/v2\/posts"}],"about":[{"href":"https:\/\/futbolhoy.co\/index.php\/wp-json\/wp\/v2\/types\/post"}],"author":[{"embeddable":true,"href":"https:\/\/futbolhoy.co\/index.php\/wp-json\/wp\/v2\/users\/4"}],"replies":[{"embeddable":true,"href":"https:\/\/futbolhoy.co\/index.php\/wp-json\/wp\/v2\/comments?post=110082"}],"version-history":[{"count":1,"href":"https:\/\/futbolhoy.co\/index.php\/wp-json\/wp\/v2\/posts\/110082\/revisions"}],"predecessor-version":[{"id":110084,"href":"https:\/\/futbolhoy.co\/index.php\/wp-json\/wp\/v2\/posts\/110082\/revisions\/110084"}],"wp:featuredmedia":[{"embeddable":true,"href":"https:\/\/futbolhoy.co\/index.php\/wp-json\/wp\/v2\/media\/110083"}],"wp:attachment":[{"href":"https:\/\/futbolhoy.co\/index.php\/wp-json\/wp\/v2\/media?parent=110082"}],"wp:term":[{"taxonomy":"category","embeddable":true,"href":"https:\/\/futbolhoy.co\/index.php\/wp-json\/wp\/v2\/categories?post=110082"},{"taxonomy":"post_tag","embeddable":true,"href":"https:\/\/futbolhoy.co\/index.php\/wp-json\/wp\/v2\/tags?post=110082"}],"curies":[{"name":"wp","href":"https:\/\/api.w.org\/{rel}","templated":true}]}}