{"id":110397,"date":"2024-07-15T06:48:52","date_gmt":"2024-07-15T11:48:52","guid":{"rendered":"https:\/\/futbolhoy.co\/?p=110397"},"modified":"2024-07-16T07:28:53","modified_gmt":"2024-07-16T12:28:53","slug":"james-rodriguez-el-mejor-jugador-de-la-copa-america","status":"publish","type":"post","link":"https:\/\/futbolhoy.co\/index.php\/2024\/07\/15\/james-rodriguez-el-mejor-jugador-de-la-copa-america\/","title":{"rendered":"James Rodr\u00edguez, el mejor jugador de la Copa Am\u00e9rica"},"content":{"rendered":"<p style=\"text-align: justify;\"><span style=\"font-family: helvetica, arial, sans-serif;\"><strong>James Rodr\u00edguez<\/strong>, capit\u00e1n de la subcampeona selecci\u00f3n de Colombia, gan\u00f3 este domingo el premio al mejor jugador de la <strong>Copa Am\u00e9rica.<\/strong><\/span><\/p>\n<p style=\"text-align: justify;\"><span style=\"font-family: helvetica, arial, sans-serif;\">El 10 cafetero no tuvo su d\u00eda en la final contra Argentina, pero fue el cerebro de una selecci\u00f3n que dirige N\u00e9stor Lorenzo, que encontr\u00f3 en sus botas<strong> seis asistencias de los 12 goles<\/strong> que marc\u00f3 en el torneo el combinado. Asimismo, aport\u00f3 un tanto, el hecho contra<strong> Panam\u00e1<\/strong> en los cuartos de final.<\/span><\/p>\n<p style=\"text-align: justify;\"><span style=\"font-family: helvetica, arial, sans-serif;\">James, que tom\u00f3 el relevo de Lionel Messi como<strong> MVP de la Copa Am\u00e9rica<\/strong>, resurgi\u00f3 en este torneo con su mejor nivel y estuvo excepcional en la distribuci\u00f3n con seis asistencias. Con base en esto, se espera que resuelva su futuro y lo m\u00e1s probable es que salga del <strong>S\u00e3o Paulo<\/strong> con destino a otro club.<\/span><\/p>\n<p style=\"text-align: justify;\"><span style=\"font-family: helvetica, arial, sans-serif;\">El mediapunta tambi\u00e9n recogi\u00f3 el premio<strong> al juego limpio para la selecci\u00f3n colombiana<\/strong> en esta Copa Am\u00e9rica.<\/span><\/p>\n<p>&nbsp;<\/p>\n<blockquote class=\"twitter-tweet\" data-media-max-width=\"560\">\n<p dir=\"ltr\" lang=\"es\">Lo dejaste todo, James \u2764\ufe0f <a href=\"https:\/\/t.co\/lUpbZU4fOw\">pic.twitter.com\/lUpbZU4fOw<\/a><\/p>\n<p>\u2014 CONMEBOL Copa Am\u00e9rica\u2122\ufe0f (@CopaAmerica) <a href=\"https:\/\/twitter.com\/CopaAmerica\/status\/1812722104028078427?ref_src=twsrc%5Etfw\">July 15, 2024<\/a><\/p><\/blockquote>\n<p><script async src=\"https:\/\/platform.twitter.com\/widgets.js\" charset=\"utf-8\"><\/script><\/p>\n","protected":false},"excerpt":{"rendered":"<p>James Rodr\u00edguez, capit\u00e1n de la subcampeona selecci\u00f3n de Colombia, gan\u00f3 este domingo el premio al mejor jugador de la Copa Am\u00e9rica. El 10 cafetero no tuvo su d\u00eda en la final contra Argentina, pero fue el cerebro de una selecci\u00f3n que dirige N\u00e9stor Lorenzo, que encontr\u00f3 en sus botas seis asistencias de los 12 goles [&hellip;]<\/p>\n","protected":false},"author":4,"featured_media":110398,"comment_status":"open","ping_status":"closed","sticky":false,"template":"","format":"standard","meta":{"_acf_changed":false,"footnotes":""},"categories":[418],"tags":[],"class_list":{"0":"post-110397","1":"post","2":"type-post","3":"status-publish","4":"format-standard","5":"has-post-thumbnail","7":"category-colombia"},"acf":[],"_links":{"self":[{"href":"https:\/\/futbolhoy.co\/index.php\/wp-json\/wp\/v2\/posts\/110397","targetHints":{"allow":["GET"]}}],"collection":[{"href":"https:\/\/futbolhoy.co\/index.php\/wp-json\/wp\/v2\/posts"}],"about":[{"href":"https:\/\/futbolhoy.co\/index.php\/wp-json\/wp\/v2\/types\/post"}],"author":[{"embeddable":true,"href":"https:\/\/futbolhoy.co\/index.php\/wp-json\/wp\/v2\/users\/4"}],"replies":[{"embeddable":true,"href":"https:\/\/futbolhoy.co\/index.php\/wp-json\/wp\/v2\/comments?post=110397"}],"version-history":[{"count":2,"href":"https:\/\/futbolhoy.co\/index.php\/wp-json\/wp\/v2\/posts\/110397\/revisions"}],"predecessor-version":[{"id":110400,"href":"https:\/\/futbolhoy.co\/index.php\/wp-json\/wp\/v2\/posts\/110397\/revisions\/110400"}],"wp:featuredmedia":[{"embeddable":true,"href":"https:\/\/futbolhoy.co\/index.php\/wp-json\/wp\/v2\/media\/110398"}],"wp:attachment":[{"href":"https:\/\/futbolhoy.co\/index.php\/wp-json\/wp\/v2\/media?parent=110397"}],"wp:term":[{"taxonomy":"category","embeddable":true,"href":"https:\/\/futbolhoy.co\/index.php\/wp-json\/wp\/v2\/categories?post=110397"},{"taxonomy":"post_tag","embeddable":true,"href":"https:\/\/futbolhoy.co\/index.php\/wp-json\/wp\/v2\/tags?post=110397"}],"curies":[{"name":"wp","href":"https:\/\/api.w.org\/{rel}","templated":true}]}}