{"id":11143,"date":"2017-12-12T06:00:09","date_gmt":"2017-12-12T11:00:09","guid":{"rendered":"http:\/\/futbolhoy.co\/?p=11143"},"modified":"2017-12-12T12:27:05","modified_gmt":"2017-12-12T17:27:05","slug":"mina-llegara-al-barcelona-antes-de-finalizar-el-ano","status":"publish","type":"post","link":"https:\/\/futbolhoy.co\/index.php\/2017\/12\/12\/mina-llegara-al-barcelona-antes-de-finalizar-el-ano\/","title":{"rendered":"Mina llegar\u00e1 al Barcelona antes de finalizar el a\u00f1o"},"content":{"rendered":"<p style=\"font-weight: 400; text-align: justify;\">El zaguero <strong>Yerry Mina<\/strong>, quien act\u00faa con el brasile\u00f1o <strong>Palmeiras<\/strong>, fue elegido por los directivos del <strong>Barcelona<\/strong> para reforzar la defensa del club en el mercado de invierno, aseguraron este martes los medios espa\u00f1oles.<\/p>\n<p style=\"font-weight: 400; text-align: justify;\">El equipo catal\u00e1n ten\u00eda previsto adelantar la operaci\u00f3n al final del<strong> Mundial de Rusia<\/strong>, pero el tema se aceler\u00f3 por la lesi\u00f3n de <strong>Umtiti<\/strong> y el amago de retiro de <strong>Javier Mascherano.<\/strong><\/p>\n<p style=\"font-weight: 400; text-align: justify;\">El club adelanta los contactos para fijar las condiciones de contrato con el colombiano, a cambio de 9 millones de euros, y su viaje a Espa\u00f1a ser\u00eda ante de finalizar el a\u00f1o, agregaron los informes de <strong>AS<\/strong> y <strong>Mundo Deportivo.<\/strong><\/p>\n","protected":false},"excerpt":{"rendered":"<p>El zaguero Yerry Mina, quien act\u00faa con el brasile\u00f1o Palmeiras, fue elegido por los directivos del Barcelona para reforzar la defensa del club en el mercado de invierno, aseguraron este martes los medios espa\u00f1oles. El equipo catal\u00e1n ten\u00eda previsto adelantar la operaci\u00f3n al final del Mundial de Rusia, pero el tema se aceler\u00f3 por la [&hellip;]<\/p>\n","protected":false},"author":5,"featured_media":11146,"comment_status":"open","ping_status":"closed","sticky":false,"template":"","format":"standard","meta":{"_acf_changed":false,"footnotes":""},"categories":[153],"tags":[83,165,159,269],"class_list":["post-11143","post","type-post","status-publish","format-standard","has-post-thumbnail","category-selecion-colombia","tag-fc-barcelona","tag-jugadores-colombianos","tag-liga-santander","tag-yerry-mina"],"acf":[],"yoast_head":"<!-- This site is optimized with the Yoast SEO plugin v28.3 - https:\/\/yoast.com\/product\/yoast-seo-wordpress\/ -->\n<title>Mina llegar\u00e1 al Barcelona antes de finalizar el a\u00f1o -<\/title>\n<meta name=\"robots\" content=\"index, follow, max-snippet:-1, max-image-preview:large, max-video-preview:-1\" \/>\n<link rel=\"canonical\" href=\"https:\/\/futbolhoy.co\/index.php\/2017\/12\/12\/mina-llegara-al-barcelona-antes-de-finalizar-el-ano\/\" \/>\n<meta property=\"og:locale\" content=\"es_ES\" \/>\n<meta property=\"og:type\" content=\"article\" \/>\n<meta property=\"og:title\" content=\"Mina llegar\u00e1 al Barcelona antes de finalizar el a\u00f1o -\" \/>\n<meta property=\"og:description\" content=\"El zaguero Yerry Mina, quien act\u00faa con el brasile\u00f1o Palmeiras, fue elegido por los directivos del Barcelona para reforzar la defensa del club en el mercado de invierno, aseguraron este martes los medios espa\u00f1oles. El equipo catal\u00e1n ten\u00eda previsto adelantar la operaci\u00f3n al final del Mundial de Rusia, pero el tema se aceler\u00f3 por la [&hellip;]\" \/>\n<meta property=\"og:url\" content=\"https:\/\/futbolhoy.co\/index.php\/2017\/12\/12\/mina-llegara-al-barcelona-antes-de-finalizar-el-ano\/\" \/>\n<meta property=\"article:publisher\" content=\"https:\/\/www.facebook.com\/FutbolHoyCol\/\" \/>\n<meta property=\"article:published_time\" content=\"2017-12-12T11:00:09+00:00\" \/>\n<meta property=\"article:modified_time\" content=\"2017-12-12T17:27:05+00:00\" \/>\n<meta property=\"og:image\" content=\"https:\/\/futbolhoy.co\/wp-content\/uploads\/2017\/12\/DQ2aXjPWsAEQ6DF.jpg\" \/>\n\t<meta property=\"og:image:width\" content=\"960\" \/>\n\t<meta property=\"og:image:height\" content=\"609\" \/>\n\t<meta property=\"og:image:type\" content=\"image\/jpeg\" \/>\n<meta name=\"author\" content=\"Laura Hern\u00e1ndez\" \/>\n<meta name=\"twitter:card\" content=\"summary_large_image\" \/>\n<meta name=\"twitter:creator\" content=\"@FutbolHoyCol\" \/>\n<meta name=\"twitter:site\" content=\"@FutbolHoyCol\" \/>\n<meta name=\"twitter:label1\" content=\"Escrito por\" \/>\n\t<meta name=\"twitter:data1\" content=\"Laura Hern\u00e1ndez\" \/>\n\t<meta name=\"twitter:label2\" content=\"Tiempo de lectura\" \/>\n\t<meta name=\"twitter:data2\" content=\"1 minuto\" \/>\n<script type=\"application\/ld+json\" class=\"yoast-schema-graph\">{\"@context\":\"https:\\\/\\\/schema.org\",\"@graph\":[{\"@type\":\"Article\",\"@id\":\"https:\\\/\\\/futbolhoy.co\\\/index.php\\\/2017\\\/12\\\/12\\\/mina-llegara-al-barcelona-antes-de-finalizar-el-ano\\\/#article\",\"isPartOf\":{\"@id\":\"https:\\\/\\\/futbolhoy.co\\\/index.php\\\/2017\\\/12\\\/12\\\/mina-llegara-al-barcelona-antes-de-finalizar-el-ano\\\/\"},\"author\":{\"name\":\"Laura Hern\u00e1ndez\",\"@id\":\"https:\\\/\\\/futbolhoy.co\\\/#\\\/schema\\\/person\\\/c4a353a512b127643723a34bb1812f7d\"},\"headline\":\"Mina llegar\u00e1 al Barcelona antes de finalizar el a\u00f1o\",\"datePublished\":\"2017-12-12T11:00:09+00:00\",\"dateModified\":\"2017-12-12T17:27:05+00:00\",\"mainEntityOfPage\":{\"@id\":\"https:\\\/\\\/futbolhoy.co\\\/index.php\\\/2017\\\/12\\\/12\\\/mina-llegara-al-barcelona-antes-de-finalizar-el-ano\\\/\"},\"wordCount\":125,\"commentCount\":0,\"image\":{\"@id\":\"https:\\\/\\\/futbolhoy.co\\\/index.php\\\/2017\\\/12\\\/12\\\/mina-llegara-al-barcelona-antes-de-finalizar-el-ano\\\/#primaryimage\"},\"thumbnailUrl\":\"https:\\\/\\\/futbolhoy.co\\\/wp-content\\\/uploads\\\/2017\\\/12\\\/DQ2aXjPWsAEQ6DF.jpg\",\"keywords\":[\"Fc Barcelona\",\"Jugadores Colombianos\",\"Liga Santander\",\"Yerry Mina\"],\"articleSection\":[\"Selecci\u00f3n Colombia\"],\"inLanguage\":\"es\",\"potentialAction\":[{\"@type\":\"CommentAction\",\"name\":\"Comment\",\"target\":[\"https:\\\/\\\/futbolhoy.co\\\/index.php\\\/2017\\\/12\\\/12\\\/mina-llegara-al-barcelona-antes-de-finalizar-el-ano\\\/#respond\"]}]},{\"@type\":\"WebPage\",\"@id\":\"https:\\\/\\\/futbolhoy.co\\\/index.php\\\/2017\\\/12\\\/12\\\/mina-llegara-al-barcelona-antes-de-finalizar-el-ano\\\/\",\"url\":\"https:\\\/\\\/futbolhoy.co\\\/index.php\\\/2017\\\/12\\\/12\\\/mina-llegara-al-barcelona-antes-de-finalizar-el-ano\\\/\",\"name\":\"Mina llegar\u00e1 al Barcelona antes de finalizar el a\u00f1o -\",\"isPartOf\":{\"@id\":\"https:\\\/\\\/futbolhoy.co\\\/#website\"},\"primaryImageOfPage\":{\"@id\":\"https:\\\/\\\/futbolhoy.co\\\/index.php\\\/2017\\\/12\\\/12\\\/mina-llegara-al-barcelona-antes-de-finalizar-el-ano\\\/#primaryimage\"},\"image\":{\"@id\":\"https:\\\/\\\/futbolhoy.co\\\/index.php\\\/2017\\\/12\\\/12\\\/mina-llegara-al-barcelona-antes-de-finalizar-el-ano\\\/#primaryimage\"},\"thumbnailUrl\":\"https:\\\/\\\/futbolhoy.co\\\/wp-content\\\/uploads\\\/2017\\\/12\\\/DQ2aXjPWsAEQ6DF.jpg\",\"datePublished\":\"2017-12-12T11:00:09+00:00\",\"dateModified\":\"2017-12-12T17:27:05+00:00\",\"author\":{\"@id\":\"https:\\\/\\\/futbolhoy.co\\\/#\\\/schema\\\/person\\\/c4a353a512b127643723a34bb1812f7d\"},\"breadcrumb\":{\"@id\":\"https:\\\/\\\/futbolhoy.co\\\/index.php\\\/2017\\\/12\\\/12\\\/mina-llegara-al-barcelona-antes-de-finalizar-el-ano\\\/#breadcrumb\"},\"inLanguage\":\"es\",\"potentialAction\":[{\"@type\":\"ReadAction\",\"target\":[\"https:\\\/\\\/futbolhoy.co\\\/index.php\\\/2017\\\/12\\\/12\\\/mina-llegara-al-barcelona-antes-de-finalizar-el-ano\\\/\"]}]},{\"@type\":\"ImageObject\",\"inLanguage\":\"es\",\"@id\":\"https:\\\/\\\/futbolhoy.co\\\/index.php\\\/2017\\\/12\\\/12\\\/mina-llegara-al-barcelona-antes-de-finalizar-el-ano\\\/#primaryimage\",\"url\":\"https:\\\/\\\/futbolhoy.co\\\/wp-content\\\/uploads\\\/2017\\\/12\\\/DQ2aXjPWsAEQ6DF.jpg\",\"contentUrl\":\"https:\\\/\\\/futbolhoy.co\\\/wp-content\\\/uploads\\\/2017\\\/12\\\/DQ2aXjPWsAEQ6DF.jpg\",\"width\":960,\"height\":609},{\"@type\":\"BreadcrumbList\",\"@id\":\"https:\\\/\\\/futbolhoy.co\\\/index.php\\\/2017\\\/12\\\/12\\\/mina-llegara-al-barcelona-antes-de-finalizar-el-ano\\\/#breadcrumb\",\"itemListElement\":[{\"@type\":\"ListItem\",\"position\":1,\"name\":\"Portada\",\"item\":\"https:\\\/\\\/futbolhoy.co\\\/\"},{\"@type\":\"ListItem\",\"position\":2,\"name\":\"Mina llegar\u00e1 al Barcelona antes de finalizar el a\u00f1o\"}]},{\"@type\":\"WebSite\",\"@id\":\"https:\\\/\\\/futbolhoy.co\\\/#website\",\"url\":\"https:\\\/\\\/futbolhoy.co\\\/\",\"name\":\"FutbolHoy\",\"description\":\"\",\"potentialAction\":[{\"@type\":\"SearchAction\",\"target\":{\"@type\":\"EntryPoint\",\"urlTemplate\":\"https:\\\/\\\/futbolhoy.co\\\/?s={search_term_string}\"},\"query-input\":{\"@type\":\"PropertyValueSpecification\",\"valueRequired\":true,\"valueName\":\"search_term_string\"}}],\"inLanguage\":\"es\"},{\"@type\":\"Person\",\"@id\":\"https:\\\/\\\/futbolhoy.co\\\/#\\\/schema\\\/person\\\/c4a353a512b127643723a34bb1812f7d\",\"name\":\"Laura Hern\u00e1ndez\",\"image\":{\"@type\":\"ImageObject\",\"inLanguage\":\"es\",\"@id\":\"https:\\\/\\\/secure.gravatar.com\\\/avatar\\\/1ae6b7966942c60c822ea71afe0e5cf4105b8e983193883c6d026db4d508431d?s=96&d=mm&r=g\",\"url\":\"https:\\\/\\\/secure.gravatar.com\\\/avatar\\\/1ae6b7966942c60c822ea71afe0e5cf4105b8e983193883c6d026db4d508431d?s=96&d=mm&r=g\",\"contentUrl\":\"https:\\\/\\\/secure.gravatar.com\\\/avatar\\\/1ae6b7966942c60c822ea71afe0e5cf4105b8e983193883c6d026db4d508431d?s=96&d=mm&r=g\",\"caption\":\"Laura Hern\u00e1ndez\"}}]}<\/script>\n<!-- \/ Yoast SEO plugin. -->","yoast_head_json":{"title":"Mina llegar\u00e1 al Barcelona antes de finalizar el a\u00f1o -","robots":{"index":"index","follow":"follow","max-snippet":"max-snippet:-1","max-image-preview":"max-image-preview:large","max-video-preview":"max-video-preview:-1"},"canonical":"https:\/\/futbolhoy.co\/index.php\/2017\/12\/12\/mina-llegara-al-barcelona-antes-de-finalizar-el-ano\/","og_locale":"es_ES","og_type":"article","og_title":"Mina llegar\u00e1 al Barcelona antes de finalizar el a\u00f1o -","og_description":"El zaguero Yerry Mina, quien act\u00faa con el brasile\u00f1o Palmeiras, fue elegido por los directivos del Barcelona para reforzar la defensa del club en el mercado de invierno, aseguraron este martes los medios espa\u00f1oles. El equipo catal\u00e1n ten\u00eda previsto adelantar la operaci\u00f3n al final del Mundial de Rusia, pero el tema se aceler\u00f3 por la [&hellip;]","og_url":"https:\/\/futbolhoy.co\/index.php\/2017\/12\/12\/mina-llegara-al-barcelona-antes-de-finalizar-el-ano\/","article_publisher":"https:\/\/www.facebook.com\/FutbolHoyCol\/","article_published_time":"2017-12-12T11:00:09+00:00","article_modified_time":"2017-12-12T17:27:05+00:00","og_image":[{"width":960,"height":609,"url":"https:\/\/futbolhoy.co\/wp-content\/uploads\/2017\/12\/DQ2aXjPWsAEQ6DF.jpg","type":"image\/jpeg"}],"author":"Laura Hern\u00e1ndez","twitter_card":"summary_large_image","twitter_creator":"@FutbolHoyCol","twitter_site":"@FutbolHoyCol","twitter_misc":{"Escrito por":"Laura Hern\u00e1ndez","Tiempo de lectura":"1 minuto"},"schema":{"@context":"https:\/\/schema.org","@graph":[{"@type":"Article","@id":"https:\/\/futbolhoy.co\/index.php\/2017\/12\/12\/mina-llegara-al-barcelona-antes-de-finalizar-el-ano\/#article","isPartOf":{"@id":"https:\/\/futbolhoy.co\/index.php\/2017\/12\/12\/mina-llegara-al-barcelona-antes-de-finalizar-el-ano\/"},"author":{"name":"Laura Hern\u00e1ndez","@id":"https:\/\/futbolhoy.co\/#\/schema\/person\/c4a353a512b127643723a34bb1812f7d"},"headline":"Mina llegar\u00e1 al Barcelona antes de finalizar el a\u00f1o","datePublished":"2017-12-12T11:00:09+00:00","dateModified":"2017-12-12T17:27:05+00:00","mainEntityOfPage":{"@id":"https:\/\/futbolhoy.co\/index.php\/2017\/12\/12\/mina-llegara-al-barcelona-antes-de-finalizar-el-ano\/"},"wordCount":125,"commentCount":0,"image":{"@id":"https:\/\/futbolhoy.co\/index.php\/2017\/12\/12\/mina-llegara-al-barcelona-antes-de-finalizar-el-ano\/#primaryimage"},"thumbnailUrl":"https:\/\/futbolhoy.co\/wp-content\/uploads\/2017\/12\/DQ2aXjPWsAEQ6DF.jpg","keywords":["Fc Barcelona","Jugadores Colombianos","Liga Santander","Yerry Mina"],"articleSection":["Selecci\u00f3n Colombia"],"inLanguage":"es","potentialAction":[{"@type":"CommentAction","name":"Comment","target":["https:\/\/futbolhoy.co\/index.php\/2017\/12\/12\/mina-llegara-al-barcelona-antes-de-finalizar-el-ano\/#respond"]}]},{"@type":"WebPage","@id":"https:\/\/futbolhoy.co\/index.php\/2017\/12\/12\/mina-llegara-al-barcelona-antes-de-finalizar-el-ano\/","url":"https:\/\/futbolhoy.co\/index.php\/2017\/12\/12\/mina-llegara-al-barcelona-antes-de-finalizar-el-ano\/","name":"Mina llegar\u00e1 al Barcelona antes de finalizar el a\u00f1o -","isPartOf":{"@id":"https:\/\/futbolhoy.co\/#website"},"primaryImageOfPage":{"@id":"https:\/\/futbolhoy.co\/index.php\/2017\/12\/12\/mina-llegara-al-barcelona-antes-de-finalizar-el-ano\/#primaryimage"},"image":{"@id":"https:\/\/futbolhoy.co\/index.php\/2017\/12\/12\/mina-llegara-al-barcelona-antes-de-finalizar-el-ano\/#primaryimage"},"thumbnailUrl":"https:\/\/futbolhoy.co\/wp-content\/uploads\/2017\/12\/DQ2aXjPWsAEQ6DF.jpg","datePublished":"2017-12-12T11:00:09+00:00","dateModified":"2017-12-12T17:27:05+00:00","author":{"@id":"https:\/\/futbolhoy.co\/#\/schema\/person\/c4a353a512b127643723a34bb1812f7d"},"breadcrumb":{"@id":"https:\/\/futbolhoy.co\/index.php\/2017\/12\/12\/mina-llegara-al-barcelona-antes-de-finalizar-el-ano\/#breadcrumb"},"inLanguage":"es","potentialAction":[{"@type":"ReadAction","target":["https:\/\/futbolhoy.co\/index.php\/2017\/12\/12\/mina-llegara-al-barcelona-antes-de-finalizar-el-ano\/"]}]},{"@type":"ImageObject","inLanguage":"es","@id":"https:\/\/futbolhoy.co\/index.php\/2017\/12\/12\/mina-llegara-al-barcelona-antes-de-finalizar-el-ano\/#primaryimage","url":"https:\/\/futbolhoy.co\/wp-content\/uploads\/2017\/12\/DQ2aXjPWsAEQ6DF.jpg","contentUrl":"https:\/\/futbolhoy.co\/wp-content\/uploads\/2017\/12\/DQ2aXjPWsAEQ6DF.jpg","width":960,"height":609},{"@type":"BreadcrumbList","@id":"https:\/\/futbolhoy.co\/index.php\/2017\/12\/12\/mina-llegara-al-barcelona-antes-de-finalizar-el-ano\/#breadcrumb","itemListElement":[{"@type":"ListItem","position":1,"name":"Portada","item":"https:\/\/futbolhoy.co\/"},{"@type":"ListItem","position":2,"name":"Mina llegar\u00e1 al Barcelona antes de finalizar el a\u00f1o"}]},{"@type":"WebSite","@id":"https:\/\/futbolhoy.co\/#website","url":"https:\/\/futbolhoy.co\/","name":"FutbolHoy","description":"","potentialAction":[{"@type":"SearchAction","target":{"@type":"EntryPoint","urlTemplate":"https:\/\/futbolhoy.co\/?s={search_term_string}"},"query-input":{"@type":"PropertyValueSpecification","valueRequired":true,"valueName":"search_term_string"}}],"inLanguage":"es"},{"@type":"Person","@id":"https:\/\/futbolhoy.co\/#\/schema\/person\/c4a353a512b127643723a34bb1812f7d","name":"Laura Hern\u00e1ndez","image":{"@type":"ImageObject","inLanguage":"es","@id":"https:\/\/secure.gravatar.com\/avatar\/1ae6b7966942c60c822ea71afe0e5cf4105b8e983193883c6d026db4d508431d?s=96&d=mm&r=g","url":"https:\/\/secure.gravatar.com\/avatar\/1ae6b7966942c60c822ea71afe0e5cf4105b8e983193883c6d026db4d508431d?s=96&d=mm&r=g","contentUrl":"https:\/\/secure.gravatar.com\/avatar\/1ae6b7966942c60c822ea71afe0e5cf4105b8e983193883c6d026db4d508431d?s=96&d=mm&r=g","caption":"Laura Hern\u00e1ndez"}}]}},"_links":{"self":[{"href":"https:\/\/futbolhoy.co\/index.php\/wp-json\/wp\/v2\/posts\/11143","targetHints":{"allow":["GET"]}}],"collection":[{"href":"https:\/\/futbolhoy.co\/index.php\/wp-json\/wp\/v2\/posts"}],"about":[{"href":"https:\/\/futbolhoy.co\/index.php\/wp-json\/wp\/v2\/types\/post"}],"author":[{"embeddable":true,"href":"https:\/\/futbolhoy.co\/index.php\/wp-json\/wp\/v2\/users\/5"}],"replies":[{"embeddable":true,"href":"https:\/\/futbolhoy.co\/index.php\/wp-json\/wp\/v2\/comments?post=11143"}],"version-history":[{"count":1,"href":"https:\/\/futbolhoy.co\/index.php\/wp-json\/wp\/v2\/posts\/11143\/revisions"}],"predecessor-version":[{"id":11153,"href":"https:\/\/futbolhoy.co\/index.php\/wp-json\/wp\/v2\/posts\/11143\/revisions\/11153"}],"wp:featuredmedia":[{"embeddable":true,"href":"https:\/\/futbolhoy.co\/index.php\/wp-json\/wp\/v2\/media\/11146"}],"wp:attachment":[{"href":"https:\/\/futbolhoy.co\/index.php\/wp-json\/wp\/v2\/media?parent=11143"}],"wp:term":[{"taxonomy":"category","embeddable":true,"href":"https:\/\/futbolhoy.co\/index.php\/wp-json\/wp\/v2\/categories?post=11143"},{"taxonomy":"post_tag","embeddable":true,"href":"https:\/\/futbolhoy.co\/index.php\/wp-json\/wp\/v2\/tags?post=11143"}],"curies":[{"name":"wp","href":"https:\/\/api.w.org\/{rel}","templated":true}]}}