{"id":11164,"date":"2017-12-12T07:00:19","date_gmt":"2017-12-12T12:00:19","guid":{"rendered":"http:\/\/futbolhoy.co\/?p=11164"},"modified":"2017-12-12T12:26:23","modified_gmt":"2017-12-12T17:26:23","slug":"apoderado-de-yerri-mina-desmiente-vinculacion-al-barcelona","status":"publish","type":"post","link":"https:\/\/futbolhoy.co\/index.php\/2017\/12\/12\/apoderado-de-yerri-mina-desmiente-vinculacion-al-barcelona\/","title":{"rendered":"Apoderado de Yerri Mina desmiente vinculaci\u00f3n al Barcelona"},"content":{"rendered":"<p style=\"font-weight: 400; text-align: justify;\"><strong>Jair Mina<\/strong>, representante de <strong>Yerri Mina<\/strong>, el zaguero del Palmeiras pretendido por el <strong>Barcelona<\/strong>, asegur\u00f3 que por el momento \u00abno se ha producido ning\u00fan contacto\u00bb con la entidad azulgrana para incorporar al jugador en enero, como afirm\u00f3 la prensa ib\u00e9rica.<\/p>\n<p style=\"font-weight: 400; text-align: justify;\">El club espa\u00f1ol y el <strong>Palmeiras<\/strong> brasile\u00f1o alcanzaron un acuerdo hace meses -en torno a los nueve millones de euros-, mediante una opci\u00f3n de compra ante la inminente salida del argentino <strong>Javier Mascherano<\/strong>.<\/p>\n<p style=\"font-weight: 400; text-align: justify;\">\u00abHasta la fecha, la situaci\u00f3n con el Bar\u00e7a no se define y por lo tanto es jugador de Palmeiras, no hay ning\u00fan indicio que diga lo contrario. Yo he hablado con <strong>Robert<\/strong> (Fern\u00e1ndez, secretario t\u00e9cnico del club), pero el Barcelona no se ha definido, todo sigue como antes\u00bb asegur\u00f3 Mina a la cadena <strong>COPE<\/strong> en Barcelona.<\/p>\n<p style=\"font-weight: 400; text-align: justify;\">\u00abEl jugador tiene mercado, yo he hablado con clubes y tambi\u00e9n han llegado propuestas a Palmeiras, por eso es importante que el Bar\u00e7a se defina. He hablado con <strong>Borussia<\/strong> y ser\u00eda un club interesante. No han hecho una propuesta oficial pero el futbolista ir\u00eda a jugar all\u00ed sin problema\u00bb, puntualiz\u00f3 el representante de Yerri Mina.<\/p>\n","protected":false},"excerpt":{"rendered":"<p>Jair Mina, representante de Yerri Mina, el zaguero del Palmeiras pretendido por el Barcelona, asegur\u00f3 que por el momento \u00abno se ha producido ning\u00fan contacto\u00bb con la entidad azulgrana para incorporar al jugador en enero, como afirm\u00f3 la prensa ib\u00e9rica. El club espa\u00f1ol y el Palmeiras brasile\u00f1o alcanzaron un acuerdo hace meses -en torno a [&hellip;]<\/p>\n","protected":false},"author":5,"featured_media":11165,"comment_status":"open","ping_status":"closed","sticky":false,"template":"","format":"standard","meta":{"_acf_changed":false,"footnotes":""},"categories":[5,153],"tags":[83,269],"class_list":["post-11164","post","type-post","status-publish","format-standard","has-post-thumbnail","category-destacados","category-selecion-colombia","tag-fc-barcelona","tag-yerry-mina"],"acf":[],"yoast_head":"<!-- This site is optimized with the Yoast SEO plugin v28.4 - https:\/\/yoast.com\/product\/yoast-seo-wordpress\/ -->\n<title>Apoderado de Yerri Mina desmiente vinculaci\u00f3n al Barcelona -<\/title>\n<meta name=\"robots\" content=\"index, follow, max-snippet:-1, max-image-preview:large, max-video-preview:-1\" \/>\n<link rel=\"canonical\" href=\"https:\/\/futbolhoy.co\/index.php\/2017\/12\/12\/apoderado-de-yerri-mina-desmiente-vinculacion-al-barcelona\/\" \/>\n<meta property=\"og:locale\" content=\"es_ES\" \/>\n<meta property=\"og:type\" content=\"article\" \/>\n<meta property=\"og:title\" content=\"Apoderado de Yerri Mina desmiente vinculaci\u00f3n al Barcelona -\" \/>\n<meta property=\"og:description\" content=\"Jair Mina, representante de Yerri Mina, el zaguero del Palmeiras pretendido por el Barcelona, asegur\u00f3 que por el momento \u00abno se ha producido ning\u00fan contacto\u00bb con la entidad azulgrana para incorporar al jugador en enero, como afirm\u00f3 la prensa ib\u00e9rica. El club espa\u00f1ol y el Palmeiras brasile\u00f1o alcanzaron un acuerdo hace meses -en torno a [&hellip;]\" \/>\n<meta property=\"og:url\" content=\"https:\/\/futbolhoy.co\/index.php\/2017\/12\/12\/apoderado-de-yerri-mina-desmiente-vinculacion-al-barcelona\/\" \/>\n<meta property=\"article:publisher\" content=\"https:\/\/www.facebook.com\/FutbolHoyCol\/\" \/>\n<meta property=\"article:published_time\" content=\"2017-12-12T12:00:19+00:00\" \/>\n<meta property=\"article:modified_time\" content=\"2017-12-12T17:26:23+00:00\" \/>\n<meta property=\"og:image\" content=\"https:\/\/futbolhoy.co\/wp-content\/uploads\/2017\/12\/IMG_20171212_122217.jpg\" \/>\n\t<meta property=\"og:image:width\" content=\"1260\" \/>\n\t<meta property=\"og:image:height\" content=\"705\" \/>\n\t<meta property=\"og:image:type\" content=\"image\/jpeg\" \/>\n<meta name=\"author\" content=\"Laura Hern\u00e1ndez\" \/>\n<meta name=\"twitter:card\" content=\"summary_large_image\" \/>\n<meta name=\"twitter:creator\" content=\"@FutbolHoyCol\" \/>\n<meta name=\"twitter:site\" content=\"@FutbolHoyCol\" \/>\n<meta name=\"twitter:label1\" content=\"Escrito por\" \/>\n\t<meta name=\"twitter:data1\" content=\"Laura Hern\u00e1ndez\" \/>\n\t<meta name=\"twitter:label2\" content=\"Tiempo de lectura\" \/>\n\t<meta name=\"twitter:data2\" content=\"1 minuto\" \/>\n<script type=\"application\/ld+json\" class=\"yoast-schema-graph\">{\"@context\":\"https:\\\/\\\/schema.org\",\"@graph\":[{\"@type\":\"Article\",\"@id\":\"https:\\\/\\\/futbolhoy.co\\\/index.php\\\/2017\\\/12\\\/12\\\/apoderado-de-yerri-mina-desmiente-vinculacion-al-barcelona\\\/#article\",\"isPartOf\":{\"@id\":\"https:\\\/\\\/futbolhoy.co\\\/index.php\\\/2017\\\/12\\\/12\\\/apoderado-de-yerri-mina-desmiente-vinculacion-al-barcelona\\\/\"},\"author\":{\"name\":\"Laura Hern\u00e1ndez\",\"@id\":\"https:\\\/\\\/futbolhoy.co\\\/#\\\/schema\\\/person\\\/c4a353a512b127643723a34bb1812f7d\"},\"headline\":\"Apoderado de Yerri Mina desmiente vinculaci\u00f3n al Barcelona\",\"datePublished\":\"2017-12-12T12:00:19+00:00\",\"dateModified\":\"2017-12-12T17:26:23+00:00\",\"mainEntityOfPage\":{\"@id\":\"https:\\\/\\\/futbolhoy.co\\\/index.php\\\/2017\\\/12\\\/12\\\/apoderado-de-yerri-mina-desmiente-vinculacion-al-barcelona\\\/\"},\"wordCount\":207,\"commentCount\":0,\"image\":{\"@id\":\"https:\\\/\\\/futbolhoy.co\\\/index.php\\\/2017\\\/12\\\/12\\\/apoderado-de-yerri-mina-desmiente-vinculacion-al-barcelona\\\/#primaryimage\"},\"thumbnailUrl\":\"https:\\\/\\\/futbolhoy.co\\\/wp-content\\\/uploads\\\/2017\\\/12\\\/IMG_20171212_122217.jpg\",\"keywords\":[\"Fc Barcelona\",\"Yerry Mina\"],\"articleSection\":[\"Destacados\",\"Selecci\u00f3n Colombia\"],\"inLanguage\":\"es\",\"potentialAction\":[{\"@type\":\"CommentAction\",\"name\":\"Comment\",\"target\":[\"https:\\\/\\\/futbolhoy.co\\\/index.php\\\/2017\\\/12\\\/12\\\/apoderado-de-yerri-mina-desmiente-vinculacion-al-barcelona\\\/#respond\"]}]},{\"@type\":\"WebPage\",\"@id\":\"https:\\\/\\\/futbolhoy.co\\\/index.php\\\/2017\\\/12\\\/12\\\/apoderado-de-yerri-mina-desmiente-vinculacion-al-barcelona\\\/\",\"url\":\"https:\\\/\\\/futbolhoy.co\\\/index.php\\\/2017\\\/12\\\/12\\\/apoderado-de-yerri-mina-desmiente-vinculacion-al-barcelona\\\/\",\"name\":\"Apoderado de Yerri Mina desmiente vinculaci\u00f3n al Barcelona -\",\"isPartOf\":{\"@id\":\"https:\\\/\\\/futbolhoy.co\\\/#website\"},\"primaryImageOfPage\":{\"@id\":\"https:\\\/\\\/futbolhoy.co\\\/index.php\\\/2017\\\/12\\\/12\\\/apoderado-de-yerri-mina-desmiente-vinculacion-al-barcelona\\\/#primaryimage\"},\"image\":{\"@id\":\"https:\\\/\\\/futbolhoy.co\\\/index.php\\\/2017\\\/12\\\/12\\\/apoderado-de-yerri-mina-desmiente-vinculacion-al-barcelona\\\/#primaryimage\"},\"thumbnailUrl\":\"https:\\\/\\\/futbolhoy.co\\\/wp-content\\\/uploads\\\/2017\\\/12\\\/IMG_20171212_122217.jpg\",\"datePublished\":\"2017-12-12T12:00:19+00:00\",\"dateModified\":\"2017-12-12T17:26:23+00:00\",\"author\":{\"@id\":\"https:\\\/\\\/futbolhoy.co\\\/#\\\/schema\\\/person\\\/c4a353a512b127643723a34bb1812f7d\"},\"breadcrumb\":{\"@id\":\"https:\\\/\\\/futbolhoy.co\\\/index.php\\\/2017\\\/12\\\/12\\\/apoderado-de-yerri-mina-desmiente-vinculacion-al-barcelona\\\/#breadcrumb\"},\"inLanguage\":\"es\",\"potentialAction\":[{\"@type\":\"ReadAction\",\"target\":[\"https:\\\/\\\/futbolhoy.co\\\/index.php\\\/2017\\\/12\\\/12\\\/apoderado-de-yerri-mina-desmiente-vinculacion-al-barcelona\\\/\"]}]},{\"@type\":\"ImageObject\",\"inLanguage\":\"es\",\"@id\":\"https:\\\/\\\/futbolhoy.co\\\/index.php\\\/2017\\\/12\\\/12\\\/apoderado-de-yerri-mina-desmiente-vinculacion-al-barcelona\\\/#primaryimage\",\"url\":\"https:\\\/\\\/futbolhoy.co\\\/wp-content\\\/uploads\\\/2017\\\/12\\\/IMG_20171212_122217.jpg\",\"contentUrl\":\"https:\\\/\\\/futbolhoy.co\\\/wp-content\\\/uploads\\\/2017\\\/12\\\/IMG_20171212_122217.jpg\",\"width\":1260,\"height\":705},{\"@type\":\"BreadcrumbList\",\"@id\":\"https:\\\/\\\/futbolhoy.co\\\/index.php\\\/2017\\\/12\\\/12\\\/apoderado-de-yerri-mina-desmiente-vinculacion-al-barcelona\\\/#breadcrumb\",\"itemListElement\":[{\"@type\":\"ListItem\",\"position\":1,\"name\":\"Portada\",\"item\":\"https:\\\/\\\/futbolhoy.co\\\/\"},{\"@type\":\"ListItem\",\"position\":2,\"name\":\"Apoderado de Yerri Mina desmiente vinculaci\u00f3n al Barcelona\"}]},{\"@type\":\"WebSite\",\"@id\":\"https:\\\/\\\/futbolhoy.co\\\/#website\",\"url\":\"https:\\\/\\\/futbolhoy.co\\\/\",\"name\":\"FutbolHoy\",\"description\":\"\",\"potentialAction\":[{\"@type\":\"SearchAction\",\"target\":{\"@type\":\"EntryPoint\",\"urlTemplate\":\"https:\\\/\\\/futbolhoy.co\\\/?s={search_term_string}\"},\"query-input\":{\"@type\":\"PropertyValueSpecification\",\"valueRequired\":true,\"valueName\":\"search_term_string\"}}],\"inLanguage\":\"es\"},{\"@type\":\"Person\",\"@id\":\"https:\\\/\\\/futbolhoy.co\\\/#\\\/schema\\\/person\\\/c4a353a512b127643723a34bb1812f7d\",\"name\":\"Laura Hern\u00e1ndez\",\"image\":{\"@type\":\"ImageObject\",\"inLanguage\":\"es\",\"@id\":\"https:\\\/\\\/secure.gravatar.com\\\/avatar\\\/1ae6b7966942c60c822ea71afe0e5cf4105b8e983193883c6d026db4d508431d?s=96&d=mm&r=g\",\"url\":\"https:\\\/\\\/secure.gravatar.com\\\/avatar\\\/1ae6b7966942c60c822ea71afe0e5cf4105b8e983193883c6d026db4d508431d?s=96&d=mm&r=g\",\"contentUrl\":\"https:\\\/\\\/secure.gravatar.com\\\/avatar\\\/1ae6b7966942c60c822ea71afe0e5cf4105b8e983193883c6d026db4d508431d?s=96&d=mm&r=g\",\"caption\":\"Laura Hern\u00e1ndez\"}}]}<\/script>\n<!-- \/ Yoast SEO plugin. -->","yoast_head_json":{"title":"Apoderado de Yerri Mina desmiente vinculaci\u00f3n al Barcelona -","robots":{"index":"index","follow":"follow","max-snippet":"max-snippet:-1","max-image-preview":"max-image-preview:large","max-video-preview":"max-video-preview:-1"},"canonical":"https:\/\/futbolhoy.co\/index.php\/2017\/12\/12\/apoderado-de-yerri-mina-desmiente-vinculacion-al-barcelona\/","og_locale":"es_ES","og_type":"article","og_title":"Apoderado de Yerri Mina desmiente vinculaci\u00f3n al Barcelona -","og_description":"Jair Mina, representante de Yerri Mina, el zaguero del Palmeiras pretendido por el Barcelona, asegur\u00f3 que por el momento \u00abno se ha producido ning\u00fan contacto\u00bb con la entidad azulgrana para incorporar al jugador en enero, como afirm\u00f3 la prensa ib\u00e9rica. El club espa\u00f1ol y el Palmeiras brasile\u00f1o alcanzaron un acuerdo hace meses -en torno a [&hellip;]","og_url":"https:\/\/futbolhoy.co\/index.php\/2017\/12\/12\/apoderado-de-yerri-mina-desmiente-vinculacion-al-barcelona\/","article_publisher":"https:\/\/www.facebook.com\/FutbolHoyCol\/","article_published_time":"2017-12-12T12:00:19+00:00","article_modified_time":"2017-12-12T17:26:23+00:00","og_image":[{"width":1260,"height":705,"url":"https:\/\/futbolhoy.co\/wp-content\/uploads\/2017\/12\/IMG_20171212_122217.jpg","type":"image\/jpeg"}],"author":"Laura Hern\u00e1ndez","twitter_card":"summary_large_image","twitter_creator":"@FutbolHoyCol","twitter_site":"@FutbolHoyCol","twitter_misc":{"Escrito por":"Laura Hern\u00e1ndez","Tiempo de lectura":"1 minuto"},"schema":{"@context":"https:\/\/schema.org","@graph":[{"@type":"Article","@id":"https:\/\/futbolhoy.co\/index.php\/2017\/12\/12\/apoderado-de-yerri-mina-desmiente-vinculacion-al-barcelona\/#article","isPartOf":{"@id":"https:\/\/futbolhoy.co\/index.php\/2017\/12\/12\/apoderado-de-yerri-mina-desmiente-vinculacion-al-barcelona\/"},"author":{"name":"Laura Hern\u00e1ndez","@id":"https:\/\/futbolhoy.co\/#\/schema\/person\/c4a353a512b127643723a34bb1812f7d"},"headline":"Apoderado de Yerri Mina desmiente vinculaci\u00f3n al Barcelona","datePublished":"2017-12-12T12:00:19+00:00","dateModified":"2017-12-12T17:26:23+00:00","mainEntityOfPage":{"@id":"https:\/\/futbolhoy.co\/index.php\/2017\/12\/12\/apoderado-de-yerri-mina-desmiente-vinculacion-al-barcelona\/"},"wordCount":207,"commentCount":0,"image":{"@id":"https:\/\/futbolhoy.co\/index.php\/2017\/12\/12\/apoderado-de-yerri-mina-desmiente-vinculacion-al-barcelona\/#primaryimage"},"thumbnailUrl":"https:\/\/futbolhoy.co\/wp-content\/uploads\/2017\/12\/IMG_20171212_122217.jpg","keywords":["Fc Barcelona","Yerry Mina"],"articleSection":["Destacados","Selecci\u00f3n Colombia"],"inLanguage":"es","potentialAction":[{"@type":"CommentAction","name":"Comment","target":["https:\/\/futbolhoy.co\/index.php\/2017\/12\/12\/apoderado-de-yerri-mina-desmiente-vinculacion-al-barcelona\/#respond"]}]},{"@type":"WebPage","@id":"https:\/\/futbolhoy.co\/index.php\/2017\/12\/12\/apoderado-de-yerri-mina-desmiente-vinculacion-al-barcelona\/","url":"https:\/\/futbolhoy.co\/index.php\/2017\/12\/12\/apoderado-de-yerri-mina-desmiente-vinculacion-al-barcelona\/","name":"Apoderado de Yerri Mina desmiente vinculaci\u00f3n al Barcelona -","isPartOf":{"@id":"https:\/\/futbolhoy.co\/#website"},"primaryImageOfPage":{"@id":"https:\/\/futbolhoy.co\/index.php\/2017\/12\/12\/apoderado-de-yerri-mina-desmiente-vinculacion-al-barcelona\/#primaryimage"},"image":{"@id":"https:\/\/futbolhoy.co\/index.php\/2017\/12\/12\/apoderado-de-yerri-mina-desmiente-vinculacion-al-barcelona\/#primaryimage"},"thumbnailUrl":"https:\/\/futbolhoy.co\/wp-content\/uploads\/2017\/12\/IMG_20171212_122217.jpg","datePublished":"2017-12-12T12:00:19+00:00","dateModified":"2017-12-12T17:26:23+00:00","author":{"@id":"https:\/\/futbolhoy.co\/#\/schema\/person\/c4a353a512b127643723a34bb1812f7d"},"breadcrumb":{"@id":"https:\/\/futbolhoy.co\/index.php\/2017\/12\/12\/apoderado-de-yerri-mina-desmiente-vinculacion-al-barcelona\/#breadcrumb"},"inLanguage":"es","potentialAction":[{"@type":"ReadAction","target":["https:\/\/futbolhoy.co\/index.php\/2017\/12\/12\/apoderado-de-yerri-mina-desmiente-vinculacion-al-barcelona\/"]}]},{"@type":"ImageObject","inLanguage":"es","@id":"https:\/\/futbolhoy.co\/index.php\/2017\/12\/12\/apoderado-de-yerri-mina-desmiente-vinculacion-al-barcelona\/#primaryimage","url":"https:\/\/futbolhoy.co\/wp-content\/uploads\/2017\/12\/IMG_20171212_122217.jpg","contentUrl":"https:\/\/futbolhoy.co\/wp-content\/uploads\/2017\/12\/IMG_20171212_122217.jpg","width":1260,"height":705},{"@type":"BreadcrumbList","@id":"https:\/\/futbolhoy.co\/index.php\/2017\/12\/12\/apoderado-de-yerri-mina-desmiente-vinculacion-al-barcelona\/#breadcrumb","itemListElement":[{"@type":"ListItem","position":1,"name":"Portada","item":"https:\/\/futbolhoy.co\/"},{"@type":"ListItem","position":2,"name":"Apoderado de Yerri Mina desmiente vinculaci\u00f3n al Barcelona"}]},{"@type":"WebSite","@id":"https:\/\/futbolhoy.co\/#website","url":"https:\/\/futbolhoy.co\/","name":"FutbolHoy","description":"","potentialAction":[{"@type":"SearchAction","target":{"@type":"EntryPoint","urlTemplate":"https:\/\/futbolhoy.co\/?s={search_term_string}"},"query-input":{"@type":"PropertyValueSpecification","valueRequired":true,"valueName":"search_term_string"}}],"inLanguage":"es"},{"@type":"Person","@id":"https:\/\/futbolhoy.co\/#\/schema\/person\/c4a353a512b127643723a34bb1812f7d","name":"Laura Hern\u00e1ndez","image":{"@type":"ImageObject","inLanguage":"es","@id":"https:\/\/secure.gravatar.com\/avatar\/1ae6b7966942c60c822ea71afe0e5cf4105b8e983193883c6d026db4d508431d?s=96&d=mm&r=g","url":"https:\/\/secure.gravatar.com\/avatar\/1ae6b7966942c60c822ea71afe0e5cf4105b8e983193883c6d026db4d508431d?s=96&d=mm&r=g","contentUrl":"https:\/\/secure.gravatar.com\/avatar\/1ae6b7966942c60c822ea71afe0e5cf4105b8e983193883c6d026db4d508431d?s=96&d=mm&r=g","caption":"Laura Hern\u00e1ndez"}}]}},"_links":{"self":[{"href":"https:\/\/futbolhoy.co\/index.php\/wp-json\/wp\/v2\/posts\/11164","targetHints":{"allow":["GET"]}}],"collection":[{"href":"https:\/\/futbolhoy.co\/index.php\/wp-json\/wp\/v2\/posts"}],"about":[{"href":"https:\/\/futbolhoy.co\/index.php\/wp-json\/wp\/v2\/types\/post"}],"author":[{"embeddable":true,"href":"https:\/\/futbolhoy.co\/index.php\/wp-json\/wp\/v2\/users\/5"}],"replies":[{"embeddable":true,"href":"https:\/\/futbolhoy.co\/index.php\/wp-json\/wp\/v2\/comments?post=11164"}],"version-history":[{"count":1,"href":"https:\/\/futbolhoy.co\/index.php\/wp-json\/wp\/v2\/posts\/11164\/revisions"}],"predecessor-version":[{"id":11166,"href":"https:\/\/futbolhoy.co\/index.php\/wp-json\/wp\/v2\/posts\/11164\/revisions\/11166"}],"wp:featuredmedia":[{"embeddable":true,"href":"https:\/\/futbolhoy.co\/index.php\/wp-json\/wp\/v2\/media\/11165"}],"wp:attachment":[{"href":"https:\/\/futbolhoy.co\/index.php\/wp-json\/wp\/v2\/media?parent=11164"}],"wp:term":[{"taxonomy":"category","embeddable":true,"href":"https:\/\/futbolhoy.co\/index.php\/wp-json\/wp\/v2\/categories?post=11164"},{"taxonomy":"post_tag","embeddable":true,"href":"https:\/\/futbolhoy.co\/index.php\/wp-json\/wp\/v2\/tags?post=11164"}],"curies":[{"name":"wp","href":"https:\/\/api.w.org\/{rel}","templated":true}]}}