{"id":11202,"date":"2017-12-13T20:15:42","date_gmt":"2017-12-14T01:15:42","guid":{"rendered":"http:\/\/futbolhoy.co\/?p=11202"},"modified":"2017-12-13T21:29:03","modified_gmt":"2017-12-14T02:29:03","slug":"pelusso-fue-presentado-como-tecnico-del-cali","status":"publish","type":"post","link":"https:\/\/futbolhoy.co\/index.php\/2017\/12\/13\/pelusso-fue-presentado-como-tecnico-del-cali\/","title":{"rendered":"Pelusso fue presentado como t\u00e9cnico del Cali"},"content":{"rendered":"<p style=\"text-align: justify;\">El uruguayo\u00a0<strong>Gerardo Pelusso<\/strong>, nuevo entrenador del\u00a0<strong>Deportivo Cali<\/strong>, fue presentado oficialmente en su nuevo cargo y afirm\u00f3 que espera que los directivos contraten cuatro o cinco jugadores para reforzar el equipo de cara a la temporada 2018, donde afrontar\u00e1 la\u00a0<strong>Liga \u00c1guila<\/strong>\u00a0y la Copa Sudamericana.<\/p>\n<p style=\"text-align: justify;\">\u00abEn materia de refuerzos soy muy exigente porque quiero lo mejor para mi equipo. En cada uno de los puestos que estamos buscando queremos a los mejores pero son dif\u00edciles de conseguir\u00bb, afirm\u00f3 Pelusso, quien en 2015 logr\u00f3 con\u00a0<strong>Santa Fe<\/strong>\u00a0el t\u00edtulo de la\u00a0<strong>Copa Sudamericana<\/strong>.<\/p>\n<p style=\"text-align: justify;\">\u00abEstamos trabajando, analizando situaciones y todav\u00eda hoy a esta hora no tenemos nada definido\u00bb, dijo el estratega charr\u00faa al referirse a qu\u00e9 tan cerca est\u00e1n de cerrarse las nuevas contrataciones.Pelusso no prometi\u00f3 t\u00edtulos ni clasificaciones a torneos internacionales hasta que no cumpla con los objetivos de conformar un buen plantel y planificar el trabajo de la pretemporada, que empezar\u00e1 el 3 de enero.<\/p>\n<p style=\"text-align: justify;\">Pelusso, de 63 a\u00f1os, gan\u00f3 como entrenador los t\u00edtulos de liga en Uruguay con Danubio (2004) y\u00a0<strong>Nacional<\/strong>\u00a0(2009), en Per\u00fa con<strong>\u00a0Alianza Lima<\/strong>\u00a0(2006) y en Paraguay con\u00a0<strong>Olimpia<\/strong>\u00a0(2011).<\/p>\n","protected":false},"excerpt":{"rendered":"<p>El uruguayo\u00a0Gerardo Pelusso, nuevo entrenador del\u00a0Deportivo Cali, fue presentado oficialmente en su nuevo cargo y afirm\u00f3 que espera que los directivos contraten cuatro o cinco jugadores para reforzar el equipo de cara a la temporada 2018, donde afrontar\u00e1 la\u00a0Liga \u00c1guila\u00a0y la Copa Sudamericana. \u00abEn materia de refuerzos soy muy exigente porque quiero lo mejor para [&hellip;]<\/p>\n","protected":false},"author":5,"featured_media":11204,"comment_status":"open","ping_status":"closed","sticky":false,"template":"","format":"standard","meta":{"_acf_changed":false,"footnotes":""},"categories":[5,7],"tags":[264,466],"class_list":{"0":"post-11202","1":"post","2":"type-post","3":"status-publish","4":"format-standard","5":"has-post-thumbnail","7":"category-destacados","8":"category-liga-betplay","9":"tag-deportivo-cali","10":"tag-pelusso"},"acf":[],"_links":{"self":[{"href":"https:\/\/futbolhoy.co\/index.php\/wp-json\/wp\/v2\/posts\/11202","targetHints":{"allow":["GET"]}}],"collection":[{"href":"https:\/\/futbolhoy.co\/index.php\/wp-json\/wp\/v2\/posts"}],"about":[{"href":"https:\/\/futbolhoy.co\/index.php\/wp-json\/wp\/v2\/types\/post"}],"author":[{"embeddable":true,"href":"https:\/\/futbolhoy.co\/index.php\/wp-json\/wp\/v2\/users\/5"}],"replies":[{"embeddable":true,"href":"https:\/\/futbolhoy.co\/index.php\/wp-json\/wp\/v2\/comments?post=11202"}],"version-history":[{"count":4,"href":"https:\/\/futbolhoy.co\/index.php\/wp-json\/wp\/v2\/posts\/11202\/revisions"}],"predecessor-version":[{"id":11210,"href":"https:\/\/futbolhoy.co\/index.php\/wp-json\/wp\/v2\/posts\/11202\/revisions\/11210"}],"wp:featuredmedia":[{"embeddable":true,"href":"https:\/\/futbolhoy.co\/index.php\/wp-json\/wp\/v2\/media\/11204"}],"wp:attachment":[{"href":"https:\/\/futbolhoy.co\/index.php\/wp-json\/wp\/v2\/media?parent=11202"}],"wp:term":[{"taxonomy":"category","embeddable":true,"href":"https:\/\/futbolhoy.co\/index.php\/wp-json\/wp\/v2\/categories?post=11202"},{"taxonomy":"post_tag","embeddable":true,"href":"https:\/\/futbolhoy.co\/index.php\/wp-json\/wp\/v2\/tags?post=11202"}],"curies":[{"name":"wp","href":"https:\/\/api.w.org\/{rel}","templated":true}]}}