{"id":112180,"date":"2024-09-23T08:17:24","date_gmt":"2024-09-23T13:17:24","guid":{"rendered":"https:\/\/futbolhoy.co\/?p=112180"},"modified":"2024-09-24T09:41:04","modified_gmt":"2024-09-24T14:41:04","slug":"huelga-de-futbolistas-esto-dijo-el-presidente-de-la-liga-de-espana","status":"publish","type":"post","link":"https:\/\/futbolhoy.co\/index.php\/2024\/09\/23\/huelga-de-futbolistas-esto-dijo-el-presidente-de-la-liga-de-espana\/","title":{"rendered":"\u00bfHuelga de futbolistas? Esto dijo el presidente de la Liga de Espa\u00f1a"},"content":{"rendered":"<p style=\"text-align: justify;\"><span style=\"font-family: helvetica, arial, sans-serif;\">El presidente de <strong>LaLiga, Javier Tebas,<\/strong> consider\u00f3 que una huelga de futbolistas \u00abpuede ser real\u00bb, por las conversaciones mantenidas con el sindicato internacional, <strong>FIFPRO,<\/strong> y porque la creaci\u00f3n de nuevas competiciones pone \u00aben riesgo la salud de los jugadores y la industria del f\u00fatbol\u00bb.<\/span><\/p>\n<p style=\"text-align: justify;\"><span style=\"font-family: helvetica, arial, sans-serif;\">\u00abLos sindicatos y las ligas estamos bastante unidos. No se puede seguir con nuevas competiciones como se est\u00e1 haciendo. Ponen en peligro la salud de unos jugadores y el ecosistema de una gran mayor\u00eda jugadores. El riesgo es latente, cercano y m\u00e1s a\u00fan con obligaciones de competiciones sin pensar qu\u00e9 pasa con los efectos de la industria del f\u00fatbol\u00bb, afirm\u00f3.<\/span><\/p>\n<p style=\"text-align: justify;\"><span style=\"font-family: helvetica, arial, sans-serif;\"><strong>Tebas<\/strong> sostuvo en su intervenci\u00f3n en el <strong>F\u00f3rum Europa,<\/strong> este lunes en <strong>Madrid,<\/strong> que esta situaci\u00f3n \u00abest\u00e1 creando diferencias en las ligas nacionales entre los que m\u00e1s ganan y los que menos ganan y diferencias competitivas que conllevan a la muerte econ\u00f3mica poco a poco de las ligas naciones de f\u00fatbol\u00bb.<\/span><\/p>\n","protected":false},"excerpt":{"rendered":"<p>El presidente de LaLiga, Javier Tebas, consider\u00f3 que una huelga de futbolistas \u00abpuede ser real\u00bb, por las conversaciones mantenidas con el sindicato internacional, FIFPRO, y porque la creaci\u00f3n de nuevas competiciones pone \u00aben riesgo la salud de los jugadores y la industria del f\u00fatbol\u00bb. \u00abLos sindicatos y las ligas estamos bastante unidos. No se puede [&hellip;]<\/p>\n","protected":false},"author":4,"featured_media":112181,"comment_status":"open","ping_status":"closed","sticky":false,"template":"","format":"standard","meta":{"_acf_changed":false,"footnotes":""},"categories":[152],"tags":[],"class_list":{"0":"post-112180","1":"post","2":"type-post","3":"status-publish","4":"format-standard","5":"has-post-thumbnail","7":"category-mundo-futbol"},"acf":[],"_links":{"self":[{"href":"https:\/\/futbolhoy.co\/index.php\/wp-json\/wp\/v2\/posts\/112180","targetHints":{"allow":["GET"]}}],"collection":[{"href":"https:\/\/futbolhoy.co\/index.php\/wp-json\/wp\/v2\/posts"}],"about":[{"href":"https:\/\/futbolhoy.co\/index.php\/wp-json\/wp\/v2\/types\/post"}],"author":[{"embeddable":true,"href":"https:\/\/futbolhoy.co\/index.php\/wp-json\/wp\/v2\/users\/4"}],"replies":[{"embeddable":true,"href":"https:\/\/futbolhoy.co\/index.php\/wp-json\/wp\/v2\/comments?post=112180"}],"version-history":[{"count":1,"href":"https:\/\/futbolhoy.co\/index.php\/wp-json\/wp\/v2\/posts\/112180\/revisions"}],"predecessor-version":[{"id":112182,"href":"https:\/\/futbolhoy.co\/index.php\/wp-json\/wp\/v2\/posts\/112180\/revisions\/112182"}],"wp:featuredmedia":[{"embeddable":true,"href":"https:\/\/futbolhoy.co\/index.php\/wp-json\/wp\/v2\/media\/112181"}],"wp:attachment":[{"href":"https:\/\/futbolhoy.co\/index.php\/wp-json\/wp\/v2\/media?parent=112180"}],"wp:term":[{"taxonomy":"category","embeddable":true,"href":"https:\/\/futbolhoy.co\/index.php\/wp-json\/wp\/v2\/categories?post=112180"},{"taxonomy":"post_tag","embeddable":true,"href":"https:\/\/futbolhoy.co\/index.php\/wp-json\/wp\/v2\/tags?post=112180"}],"curies":[{"name":"wp","href":"https:\/\/api.w.org\/{rel}","templated":true}]}}