{"id":112183,"date":"2024-09-23T10:26:09","date_gmt":"2024-09-23T15:26:09","guid":{"rendered":"https:\/\/futbolhoy.co\/?p=112183"},"modified":"2024-09-24T17:31:24","modified_gmt":"2024-09-24T22:31:24","slug":"david-ospina-sera-baja-en-la-seleccion-colombia-para-la-doble-fecha-eliminatoria-de-octubre","status":"publish","type":"post","link":"https:\/\/futbolhoy.co\/index.php\/2024\/09\/23\/david-ospina-sera-baja-en-la-seleccion-colombia-para-la-doble-fecha-eliminatoria-de-octubre\/","title":{"rendered":"David Ospina ser\u00e1 baja en la Selecci\u00f3n Colombia para la doble fecha Eliminatoria de octubre"},"content":{"rendered":"<p style=\"text-align: justify;\"><span style=\"font-family: helvetica, arial, sans-serif;\"><strong>Atl\u00e9tico Nacional<\/strong> disputa este lunes 23 de septiembre su compromiso v\u00e1lido por la fecha 11 de la <strong>Liga BetPlay<\/strong> ante <strong>Bucaramanga<\/strong> en calidad de visitante. La noticia pasa por la lesi\u00f3n de <strong>David Ospina<\/strong> y la convocatoria de jugadores que realiz\u00f3 el t\u00e9cnico<strong> Efra\u00edn Ju\u00e1rez.<\/strong><\/span><\/p>\n<p style=\"text-align: justify;\"><span style=\"font-family: helvetica, arial, sans-serif;\">El pasado lunes, tras el partido de ida de los octavos de final de la <strong>Copa BetPlay<\/strong> ante <strong>Alianza<\/strong> en <strong>Valledupar<\/strong> que termin\u00f3 en empate, los jugadores <strong>Harlen Castillo, Kilian Toscano, Joan Castro, Jorman Campuzano y Dairon Asprillas<\/strong> incurrieron en actos de indisciplina.<\/span><\/p>\n<p style=\"text-align: justify;\"><span style=\"font-family: helvetica, arial, sans-serif;\">Estos jugadores fueron grabados tomando licor y departiendo con mujeres tras el encuentro. Ante esto, la decisi\u00f3n de las directivas y el entrenador fue no convocarlos para el duelo de vuelta en el<strong> Atanasio Girardot,<\/strong> en el que el equipo Verdolaga pudo clasificar. Ante <strong>Bucaramanga,<\/strong> volvieron a ser citados.<\/span><\/p>\n<p style=\"text-align: justify;\"><span style=\"font-family: helvetica, arial, sans-serif;\">Sin embargo, lo m\u00e1s importante pasa por la lesi\u00f3n de <strong>David Ospina.<\/strong> El arquero antioque\u00f1o sufri\u00f3 una molestia en ese partido de ida ante Alianza y tuvo que ser reemplazado por<strong> Harlen Castillo.<\/strong><\/span><\/p>\n<p style=\"text-align: justify;\"><span style=\"font-family: helvetica, arial, sans-serif;\">Tras los ex\u00e1menes realizados, no pudo estar en la vuelta y este lunes el club comunic\u00f3 que, tras padecer de una lesi\u00f3n muscular en el aductor izquierdo, regresar\u00e1 a entrenamientos en cuatro semanas. Lo anterior indica que el arquero no estar\u00e1 con la <strong>Selecci\u00f3n Colombia<\/strong> en los duelos ante <strong>Bolivia<\/strong> (10 de octubre) y <strong>Chile<\/strong> (15 de octubre).<\/span><\/p>\n","protected":false},"excerpt":{"rendered":"<p>Atl\u00e9tico Nacional disputa este lunes 23 de septiembre su compromiso v\u00e1lido por la fecha 11 de la Liga BetPlay ante Bucaramanga en calidad de visitante. La noticia pasa por la lesi\u00f3n de David Ospina y la convocatoria de jugadores que realiz\u00f3 el t\u00e9cnico Efra\u00edn Ju\u00e1rez. El pasado lunes, tras el partido de ida de los [&hellip;]<\/p>\n","protected":false},"author":4,"featured_media":112184,"comment_status":"open","ping_status":"closed","sticky":false,"template":"","format":"standard","meta":{"_acf_changed":false,"footnotes":""},"categories":[7],"tags":[],"class_list":{"0":"post-112183","1":"post","2":"type-post","3":"status-publish","4":"format-standard","5":"has-post-thumbnail","7":"category-liga-betplay"},"acf":[],"_links":{"self":[{"href":"https:\/\/futbolhoy.co\/index.php\/wp-json\/wp\/v2\/posts\/112183","targetHints":{"allow":["GET"]}}],"collection":[{"href":"https:\/\/futbolhoy.co\/index.php\/wp-json\/wp\/v2\/posts"}],"about":[{"href":"https:\/\/futbolhoy.co\/index.php\/wp-json\/wp\/v2\/types\/post"}],"author":[{"embeddable":true,"href":"https:\/\/futbolhoy.co\/index.php\/wp-json\/wp\/v2\/users\/4"}],"replies":[{"embeddable":true,"href":"https:\/\/futbolhoy.co\/index.php\/wp-json\/wp\/v2\/comments?post=112183"}],"version-history":[{"count":1,"href":"https:\/\/futbolhoy.co\/index.php\/wp-json\/wp\/v2\/posts\/112183\/revisions"}],"predecessor-version":[{"id":112185,"href":"https:\/\/futbolhoy.co\/index.php\/wp-json\/wp\/v2\/posts\/112183\/revisions\/112185"}],"wp:featuredmedia":[{"embeddable":true,"href":"https:\/\/futbolhoy.co\/index.php\/wp-json\/wp\/v2\/media\/112184"}],"wp:attachment":[{"href":"https:\/\/futbolhoy.co\/index.php\/wp-json\/wp\/v2\/media?parent=112183"}],"wp:term":[{"taxonomy":"category","embeddable":true,"href":"https:\/\/futbolhoy.co\/index.php\/wp-json\/wp\/v2\/categories?post=112183"},{"taxonomy":"post_tag","embeddable":true,"href":"https:\/\/futbolhoy.co\/index.php\/wp-json\/wp\/v2\/tags?post=112183"}],"curies":[{"name":"wp","href":"https:\/\/api.w.org\/{rel}","templated":true}]}}