{"id":112187,"date":"2024-09-23T17:34:18","date_gmt":"2024-09-23T22:34:18","guid":{"rendered":"https:\/\/futbolhoy.co\/?p=112187"},"modified":"2024-09-24T21:46:23","modified_gmt":"2024-09-25T02:46:23","slug":"el-mundial-femenino-sub-20-fue-todo-un-exito-fifa","status":"publish","type":"post","link":"https:\/\/futbolhoy.co\/index.php\/2024\/09\/23\/el-mundial-femenino-sub-20-fue-todo-un-exito-fifa\/","title":{"rendered":"El Mundial Femenino Sub 20 fue todo un \u00e9xito: FIFA"},"content":{"rendered":"<p style=\"text-align: justify;\"><span style=\"font-family: helvetica, arial, sans-serif;\"><span style=\"font-weight: 400;\">Este domingo, Corea del Norte se coron\u00f3 campe\u00f3n del Mundial Femenino Sub 20 en el estadio Nemesio Camacho El Camp\u00edn, al tiempo que la FIFA destac\u00f3 la prueba de la primera <\/span><b>Copa del Mundo con 24 selecciones como todo un \u201c\u00e9xito\u201d.<\/b><\/span><\/p>\n<p style=\"text-align: justify;\"><span style=\"font-family: helvetica, arial, sans-serif;\"><b>El jefe de Torneos Juveniles de la FIFA, Roberto Grassi<\/b><span style=\"font-weight: 400;\">, asegur\u00f3 que el Mundial realizado en Colombia fue exitoso y aumenta las posibilidades de desarrollo de las futbolistas.<\/span><\/span><\/p>\n<p style=\"text-align: justify;\"><span style=\"font-family: helvetica, arial, sans-serif;\"><b>\u00abEs el primer torneo juvenil femenino de la FIFA con 24 equipos<\/b><span style=\"font-weight: 400;\">. Esto es parte de la estrategia de la FIFA, porque tenemos que tener m\u00e1s oportunidades para los jugadores y jugadoras para participar en torneos internacionales\u00bb, expres\u00f3 a EFE Grassi.<\/span><\/span><\/p>\n<p style=\"text-align: justify;\"><span style=\"font-family: helvetica, arial, sans-serif;\"><b>El representante de la FIFA explic\u00f3 <\/b><span style=\"font-weight: 400;\">que adem\u00e1s de aumentar el n\u00famero de equipos, la FIFA tambi\u00e9n espera que sean m\u00e1s frecuentes estos torneos juveniles que se suelen disputar cada dos a\u00f1os.<\/span><\/span><\/p>\n<p style=\"text-align: justify;\"><span style=\"font-family: helvetica, arial, sans-serif;\"><span style=\"font-weight: 400;\">\u00abA partir de 2025 vamos con el Sub-17 cada a\u00f1o, porque la visi\u00f3n del presidente Gianni Infantino es dar much\u00edsimas oportunidades a los equipos y a los jugadores <\/span><b>de ganar partidos a nivel internacional\u00bb, detall\u00f3.<\/b><\/span><\/p>\n<p style=\"text-align: justify;\"><span style=\"font-family: helvetica, arial, sans-serif;\"><span style=\"font-weight: 400;\">\u00a0Por esa raz\u00f3n Grassi consider\u00f3 que<\/span><b> \u00abeste torneo fue la prueba de que se puede, de que es mejor,<\/b><span style=\"font-weight: 400;\"> porque tuvimos partidos competitivos, 24 equipos que han entusiasmado en Colombia, han jugado bien\u00bb.<\/span><\/span><\/p>\n<p style=\"text-align: justify;\"><span style=\"font-family: helvetica, arial, sans-serif;\"><span style=\"font-weight: 400;\">En seis de las jornadas del torneo hubo m\u00e1s de 30.000 aficionados en las grader\u00edas de los estadios <\/span><b>El Camp\u00edn, de Bogot\u00e1; Pascual Guerrero, de Cali, y Atanasio Girardot, de Medell\u00edn.<\/b><\/span><\/p>\n<p style=\"text-align: justify;\"><span style=\"font-weight: 400; font-family: helvetica, arial, sans-serif;\">Justamente en Cali, para el juego de cuartos de final entre Pa\u00edses Bajos y Colombia, estuvieron en el estadio 37.382 aficionados, el r\u00e9cord de asistencia para un partido de un Mundial Femenino Sub-20.<\/span><\/p>\n<p style=\"text-align: justify;\"><span style=\"font-family: helvetica, arial, sans-serif;\"><span style=\"font-weight: 400;\">\u00abLos fan\u00e1ticos en este torneo en Colombia estuvieron maravillosos: hubo chicos, mujeres y familias, g<\/span><b>ente que quer\u00eda disfrutar del f\u00fatbol <\/b><span style=\"font-weight: 400;\">y de un d\u00eda de fiesta. Esto para nosotros es muy importante porque los torneos juveniles son festivales de f\u00fatbol, no es la competici\u00f3n donde est\u00e1 la presi\u00f3n de ganar, estos son los torneos para celebrar el f\u00fatbol y la fiesta del f\u00fatbol\u00bb, expres\u00f3.<\/span><\/span><\/p>\n<p style=\"text-align: justify;\"><span style=\"font-weight: 400; font-family: helvetica, arial, sans-serif;\">En la final, con dos equipos asi\u00e1ticos y con poco arraigo en el pa\u00eds anfitri\u00f3n, m\u00e1s de 32.000 aficionados colmaron las tribunas de El Camp\u00edn.\u00a0<\/span><\/p>\n<p style=\"text-align: justify;\"><span style=\"font-family: helvetica, arial, sans-serif;\"><b>El debut del &#8216;Video Support&#8217;<\/b><\/span><\/p>\n<p style=\"text-align: justify;\"><span style=\"font-family: helvetica, arial, sans-serif;\"><b>El sistema de revisi\u00f3n de video (FSV) debut\u00f3 en un Mundial en Colombia<\/b><span style=\"font-weight: 400;\">, una prueba con la que la FIFA analizar\u00e1 si es viable de cara al futuro.<\/span><\/span><\/p>\n<p style=\"text-align: justify;\"><span style=\"font-family: helvetica, arial, sans-serif;\"><b>Este sistema es, seg\u00fan la FIFA, una \u00abversi\u00f3n simplificada\u00bb del VAR <\/b><span style=\"font-weight: 400;\">que ya hab\u00eda sido probado en mayo durante el Campeonato Juvenil FIFA\/Blue Stars jugado en Z\u00farich en mayo.<\/span><\/span><\/p>\n<p style=\"text-align: justify;\"><span style=\"font-weight: 400; font-family: helvetica, arial, sans-serif;\">El FVS, a diferencia del VAR, no cuenta con \u00aboficiales de partido de video especializados\u00bb, raz\u00f3n por la cual no comprueba autom\u00e1ticamente todas las jugadas dudosas de los partidos.<\/span><\/p>\n<p style=\"text-align: justify;\"><span style=\"font-family: helvetica, arial, sans-serif;\"><span style=\"font-weight: 400;\">En ese sentido<\/span><b>, son los entrenadores de los equipos los que deben llamar <\/b><span style=\"font-weight: 400;\">a los jueces, haciendo uso de una tarjeta verde que deben mostrar al cuarto \u00e1rbitro. Se pueden hacer dos solicitudes de revisi\u00f3n por partido cuando consideren que ha habido un error claro.<\/span><\/span><\/p>\n<p style=\"text-align: justify;\"><span style=\"font-family: helvetica, arial, sans-serif;\"><span style=\"font-weight: 400;\">Esta propuesta llega luego de que la FIFA recibiera solicitudes de pa\u00edses que desean brindar un apoyo tecnol\u00f3gico a sus \u00e1rbitros de una forma m\u00e1s econ\u00f3mica que el VAR, instrumento que ya se utiliza en m\u00e1s de <\/span><b>200 competiciones de 65 federaciones.<\/b><\/span><\/p>\n","protected":false},"excerpt":{"rendered":"<p>Este domingo, Corea del Norte se coron\u00f3 campe\u00f3n del Mundial Femenino Sub 20 en el estadio Nemesio Camacho El Camp\u00edn, al tiempo que la FIFA destac\u00f3 la prueba de la primera Copa del Mundo con 24 selecciones como todo un \u201c\u00e9xito\u201d. El jefe de Torneos Juveniles de la FIFA, Roberto Grassi, asegur\u00f3 que el Mundial [&hellip;]<\/p>\n","protected":false},"author":4,"featured_media":111857,"comment_status":"open","ping_status":"closed","sticky":false,"template":"","format":"standard","meta":{"_acf_changed":false,"footnotes":""},"categories":[418],"tags":[],"class_list":{"0":"post-112187","1":"post","2":"type-post","3":"status-publish","4":"format-standard","5":"has-post-thumbnail","7":"category-colombia"},"acf":[],"_links":{"self":[{"href":"https:\/\/futbolhoy.co\/index.php\/wp-json\/wp\/v2\/posts\/112187","targetHints":{"allow":["GET"]}}],"collection":[{"href":"https:\/\/futbolhoy.co\/index.php\/wp-json\/wp\/v2\/posts"}],"about":[{"href":"https:\/\/futbolhoy.co\/index.php\/wp-json\/wp\/v2\/types\/post"}],"author":[{"embeddable":true,"href":"https:\/\/futbolhoy.co\/index.php\/wp-json\/wp\/v2\/users\/4"}],"replies":[{"embeddable":true,"href":"https:\/\/futbolhoy.co\/index.php\/wp-json\/wp\/v2\/comments?post=112187"}],"version-history":[{"count":2,"href":"https:\/\/futbolhoy.co\/index.php\/wp-json\/wp\/v2\/posts\/112187\/revisions"}],"predecessor-version":[{"id":112189,"href":"https:\/\/futbolhoy.co\/index.php\/wp-json\/wp\/v2\/posts\/112187\/revisions\/112189"}],"wp:featuredmedia":[{"embeddable":true,"href":"https:\/\/futbolhoy.co\/index.php\/wp-json\/wp\/v2\/media\/111857"}],"wp:attachment":[{"href":"https:\/\/futbolhoy.co\/index.php\/wp-json\/wp\/v2\/media?parent=112187"}],"wp:term":[{"taxonomy":"category","embeddable":true,"href":"https:\/\/futbolhoy.co\/index.php\/wp-json\/wp\/v2\/categories?post=112187"},{"taxonomy":"post_tag","embeddable":true,"href":"https:\/\/futbolhoy.co\/index.php\/wp-json\/wp\/v2\/tags?post=112187"}],"curies":[{"name":"wp","href":"https:\/\/api.w.org\/{rel}","templated":true}]}}