{"id":112207,"date":"2024-09-24T11:37:10","date_gmt":"2024-09-24T16:37:10","guid":{"rendered":"https:\/\/futbolhoy.co\/?p=112207"},"modified":"2024-09-25T08:57:24","modified_gmt":"2024-09-25T13:57:24","slug":"se-confirma-grave-lesion-de-yerson-mosquera-parte-medico-oficial","status":"publish","type":"post","link":"https:\/\/futbolhoy.co\/index.php\/2024\/09\/24\/se-confirma-grave-lesion-de-yerson-mosquera-parte-medico-oficial\/","title":{"rendered":"Se confirma grave lesi\u00f3n de Yerson Mosquera: Parte m\u00e9dico oficial"},"content":{"rendered":"<p style=\"text-align: justify;\"><span style=\"font-family: helvetica, arial, sans-serif;\"><strong>Yerson Mosquera<\/strong> ven\u00eda teniendo un inicio de temporada prometedor, gan\u00e1ndose la titularidad en Wolverhampton y sumando ritmo de competencia con la <strong>Selecci\u00f3n Colombia.<\/strong> De hecho marc\u00f3 un gol en el triunfo ante <strong>Argentina<\/strong> en <strong>Barranquilla.<\/strong><\/span><\/p>\n<p style=\"text-align: justify;\"><span style=\"font-family: helvetica, arial, sans-serif;\">Sin embargo, el joven defensor antioque\u00f1o deber\u00e1 tener un largo par\u00f3n debido a una lesi\u00f3n en la rodilla, que se tem\u00eda pod\u00eda ser grave, cuanto tuvo una disputa con <strong>Morgan Rogers<\/strong> del <strong>Aston Villa<\/strong> en el \u00faltimo juego de<strong> Premier League.<\/strong><\/span><\/p>\n<p style=\"text-align: justify;\"><span style=\"font-family: helvetica, arial, sans-serif;\">Este martes sali\u00f3 el parte m\u00e9dico y el diagn\u00f3stico no fue positivo. \u201cYerson ya se ha sometido a todas las evaluaciones y exploraciones que lamentablemente confirman lesiones en el ligamento colateral medial (MCL) y el ligamento cruzado anterior (LCA)\u201d, dijo <strong>Phil Hayward,<\/strong> jefe de alto rendimiento del club.<\/span><\/p>\n<p style=\"text-align: justify;\"><span style=\"font-family: helvetica, arial, sans-serif;\">\u201cClaramente, a Yerson le espera un largo per\u00edodo de recuperaci\u00f3n y el club le brindar\u00e1 todo el apoyo que necesita para garantizar una rehabilitaci\u00f3n exitosa y un regreso a la competencia a su debido tiempo\u201d, agreg\u00f3.<\/span><\/p>\n<p style=\"text-align: justify;\"><span style=\"font-family: helvetica, arial, sans-serif;\">Yerson ser\u00e1 sometido a una intervenci\u00f3n quir\u00fargica, pero es muy dif\u00edcil que vuelva a aparecer en la temporada, pues sufri\u00f3 una de las lesiones m\u00e1s complicadas para los deportistas.<\/span><\/p>\n","protected":false},"excerpt":{"rendered":"<p>Yerson Mosquera ven\u00eda teniendo un inicio de temporada prometedor, gan\u00e1ndose la titularidad en Wolverhampton y sumando ritmo de competencia con la Selecci\u00f3n Colombia. De hecho marc\u00f3 un gol en el triunfo ante Argentina en Barranquilla. Sin embargo, el joven defensor antioque\u00f1o deber\u00e1 tener un largo par\u00f3n debido a una lesi\u00f3n en la rodilla, que se [&hellip;]<\/p>\n","protected":false},"author":4,"featured_media":112208,"comment_status":"open","ping_status":"closed","sticky":false,"template":"","format":"standard","meta":{"_acf_changed":false,"footnotes":""},"categories":[418],"tags":[],"class_list":{"0":"post-112207","1":"post","2":"type-post","3":"status-publish","4":"format-standard","5":"has-post-thumbnail","7":"category-colombia"},"acf":[],"_links":{"self":[{"href":"https:\/\/futbolhoy.co\/index.php\/wp-json\/wp\/v2\/posts\/112207","targetHints":{"allow":["GET"]}}],"collection":[{"href":"https:\/\/futbolhoy.co\/index.php\/wp-json\/wp\/v2\/posts"}],"about":[{"href":"https:\/\/futbolhoy.co\/index.php\/wp-json\/wp\/v2\/types\/post"}],"author":[{"embeddable":true,"href":"https:\/\/futbolhoy.co\/index.php\/wp-json\/wp\/v2\/users\/4"}],"replies":[{"embeddable":true,"href":"https:\/\/futbolhoy.co\/index.php\/wp-json\/wp\/v2\/comments?post=112207"}],"version-history":[{"count":1,"href":"https:\/\/futbolhoy.co\/index.php\/wp-json\/wp\/v2\/posts\/112207\/revisions"}],"predecessor-version":[{"id":112209,"href":"https:\/\/futbolhoy.co\/index.php\/wp-json\/wp\/v2\/posts\/112207\/revisions\/112209"}],"wp:featuredmedia":[{"embeddable":true,"href":"https:\/\/futbolhoy.co\/index.php\/wp-json\/wp\/v2\/media\/112208"}],"wp:attachment":[{"href":"https:\/\/futbolhoy.co\/index.php\/wp-json\/wp\/v2\/media?parent=112207"}],"wp:term":[{"taxonomy":"category","embeddable":true,"href":"https:\/\/futbolhoy.co\/index.php\/wp-json\/wp\/v2\/categories?post=112207"},{"taxonomy":"post_tag","embeddable":true,"href":"https:\/\/futbolhoy.co\/index.php\/wp-json\/wp\/v2\/tags?post=112207"}],"curies":[{"name":"wp","href":"https:\/\/api.w.org\/{rel}","templated":true}]}}