{"id":112248,"date":"2024-09-25T10:26:33","date_gmt":"2024-09-25T15:26:33","guid":{"rendered":"https:\/\/futbolhoy.co\/?p=112248"},"modified":"2024-09-25T22:07:23","modified_gmt":"2024-09-26T03:07:23","slug":"aviles-hurtado-fue-operado-con-exito-de-su-lesion-de-tobillo","status":"publish","type":"post","link":"https:\/\/futbolhoy.co\/index.php\/2024\/09\/25\/aviles-hurtado-fue-operado-con-exito-de-su-lesion-de-tobillo\/","title":{"rendered":"Avil\u00e9s Hurtado fue operado con \u00e9xito de su lesi\u00f3n de tobillo"},"content":{"rendered":"<p style=\"text-align: justify;\"><span style=\"font-family: helvetica, arial, sans-serif;\">El delantero colombiano <strong>Avil\u00e9s Hurtado<\/strong> fue operado con \u00e9xito del tobillo este martes y estar\u00e1 cuatro meses fuera de las canchas, inform\u00f3 el <strong>Ju\u00e1rez FC<\/strong>, equipo del atacante en el f\u00fatbol mexicano.<\/span><\/p>\n<p style=\"text-align: justify;\"><span style=\"font-family: helvetica, arial, sans-serif;\">\u00abNuestro jugador sufri\u00f3 una lesi\u00f3n en el tobillo derecho durante el partido contra los <strong>Rayados<\/strong> de <strong>Monterrey<\/strong> en la fecha 8 del torneo Apertura; fue operado con \u00e9xito y su recuperaci\u00f3n ser\u00e1 de cuatro meses\u00bb, escribi\u00f3 el equipo en sus redes sociales.<\/span><\/p>\n<p style=\"text-align: justify;\"><span style=\"font-family: helvetica, arial, sans-serif;\">Hurtado sufri\u00f3 una entrada del argentino <strong>Germ\u00e1n Berterame<\/strong> y sali\u00f3 de la cancha en camilla. Horas despu\u00e9s los m\u00e9dicos confirmaron que sufri\u00f3 una lesi\u00f3n compleja en el ligamento deltoideo, c\u00e1psula anterior, sindesmosis distal y una fractura no desplazada del peron\u00e9.<\/span><\/p>\n<p style=\"text-align: justify;\"><span style=\"font-family: helvetica, arial, sans-serif;\">Originario de <strong>Cauca,<\/strong> Hurtado fue titular en los ocho primeros partidos del Ju\u00e1rez con un gol anotado;m. Ju\u00e1rez es \u00faltimo de la tabla de posiciones con un triunfo, un empate y siete derrotas.<\/span><\/p>\n","protected":false},"excerpt":{"rendered":"<p>El delantero colombiano Avil\u00e9s Hurtado fue operado con \u00e9xito del tobillo este martes y estar\u00e1 cuatro meses fuera de las canchas, inform\u00f3 el Ju\u00e1rez FC, equipo del atacante en el f\u00fatbol mexicano. \u00abNuestro jugador sufri\u00f3 una lesi\u00f3n en el tobillo derecho durante el partido contra los Rayados de Monterrey en la fecha 8 del torneo [&hellip;]<\/p>\n","protected":false},"author":4,"featured_media":112251,"comment_status":"open","ping_status":"closed","sticky":false,"template":"","format":"standard","meta":{"_acf_changed":false,"footnotes":""},"categories":[152],"tags":[],"class_list":{"0":"post-112248","1":"post","2":"type-post","3":"status-publish","4":"format-standard","5":"has-post-thumbnail","7":"category-mundo-futbol"},"acf":[],"_links":{"self":[{"href":"https:\/\/futbolhoy.co\/index.php\/wp-json\/wp\/v2\/posts\/112248","targetHints":{"allow":["GET"]}}],"collection":[{"href":"https:\/\/futbolhoy.co\/index.php\/wp-json\/wp\/v2\/posts"}],"about":[{"href":"https:\/\/futbolhoy.co\/index.php\/wp-json\/wp\/v2\/types\/post"}],"author":[{"embeddable":true,"href":"https:\/\/futbolhoy.co\/index.php\/wp-json\/wp\/v2\/users\/4"}],"replies":[{"embeddable":true,"href":"https:\/\/futbolhoy.co\/index.php\/wp-json\/wp\/v2\/comments?post=112248"}],"version-history":[{"count":1,"href":"https:\/\/futbolhoy.co\/index.php\/wp-json\/wp\/v2\/posts\/112248\/revisions"}],"predecessor-version":[{"id":112252,"href":"https:\/\/futbolhoy.co\/index.php\/wp-json\/wp\/v2\/posts\/112248\/revisions\/112252"}],"wp:featuredmedia":[{"embeddable":true,"href":"https:\/\/futbolhoy.co\/index.php\/wp-json\/wp\/v2\/media\/112251"}],"wp:attachment":[{"href":"https:\/\/futbolhoy.co\/index.php\/wp-json\/wp\/v2\/media?parent=112248"}],"wp:term":[{"taxonomy":"category","embeddable":true,"href":"https:\/\/futbolhoy.co\/index.php\/wp-json\/wp\/v2\/categories?post=112248"},{"taxonomy":"post_tag","embeddable":true,"href":"https:\/\/futbolhoy.co\/index.php\/wp-json\/wp\/v2\/tags?post=112248"}],"curies":[{"name":"wp","href":"https:\/\/api.w.org\/{rel}","templated":true}]}}