{"id":112253,"date":"2024-09-25T13:00:42","date_gmt":"2024-09-25T18:00:42","guid":{"rendered":"https:\/\/futbolhoy.co\/?p=112253"},"modified":"2024-09-26T06:23:40","modified_gmt":"2024-09-26T11:23:40","slug":"szczesny-regresa-del-retiro-y-reforzara-al-barcelona","status":"publish","type":"post","link":"https:\/\/futbolhoy.co\/index.php\/2024\/09\/25\/szczesny-regresa-del-retiro-y-reforzara-al-barcelona\/","title":{"rendered":"Szczesny regresa del retiro y reforzar\u00e1 al Barcelona"},"content":{"rendered":"<p style=\"text-align: justify;\"><span style=\"font-family: helvetica, arial, sans-serif;\">Ante la grave lesi\u00f3n de rodilla que sufri\u00f3 el arquero alem\u00e1n<strong> Marc Andr\u00e9 Ter Stegen, <\/strong>el <strong>Barcelona<\/strong> ha tenido que emprender la b\u00fasqueda de su sustituto y ya parece haberlo encontrado.<\/span><\/p>\n<p style=\"text-align: justify;\"><span style=\"font-family: helvetica, arial, sans-serif;\">Se trata del polaco<strong> Wojciech Szczesny<\/strong>, quien tras terminar la temporada anterior con <strong>Juventus,<\/strong> decidi\u00f3 ponerle fin a su carrera como futbolista. No obstante, ante las circunstancias, ya le habr\u00eda dado el \u2018s\u00ed\u2019 al conjunto espa\u00f1ol.<\/span><\/p>\n<p style=\"text-align: justify;\"><span style=\"font-family: helvetica, arial, sans-serif;\">\u201cEl guardameta de 34 a\u00f1os est\u00e1 dispuesto a aparcar su retiro para volver a enfundarse los guantes, esta vez defendiendo la camiseta del conjunto azulgrana\u201d, dio a conocer el medio <em>Sport<\/em>.<\/span><\/p>\n<p style=\"text-align: justify;\"><span style=\"font-family: helvetica, arial, sans-serif;\">Este jueves, el portero ser\u00e1 sometido a ex\u00e1menes m\u00e9dicos y, en caso de superarlos, firmar\u00e1 el contrato con la instituci\u00f3n catalana. Llegar\u00e1 a competir el puesto con el portero<strong> I\u00f1aki Pe\u00f1a y Ander Astralaga.<\/strong><\/span><\/p>\n","protected":false},"excerpt":{"rendered":"<p>Ante la grave lesi\u00f3n de rodilla que sufri\u00f3 el arquero alem\u00e1n Marc Andr\u00e9 Ter Stegen, el Barcelona ha tenido que emprender la b\u00fasqueda de su sustituto y ya parece haberlo encontrado. Se trata del polaco Wojciech Szczesny, quien tras terminar la temporada anterior con Juventus, decidi\u00f3 ponerle fin a su carrera como futbolista. No obstante, [&hellip;]<\/p>\n","protected":false},"author":4,"featured_media":112255,"comment_status":"open","ping_status":"closed","sticky":false,"template":"","format":"standard","meta":{"_acf_changed":false,"footnotes":""},"categories":[152],"tags":[],"class_list":{"0":"post-112253","1":"post","2":"type-post","3":"status-publish","4":"format-standard","5":"has-post-thumbnail","7":"category-mundo-futbol"},"acf":[],"_links":{"self":[{"href":"https:\/\/futbolhoy.co\/index.php\/wp-json\/wp\/v2\/posts\/112253","targetHints":{"allow":["GET"]}}],"collection":[{"href":"https:\/\/futbolhoy.co\/index.php\/wp-json\/wp\/v2\/posts"}],"about":[{"href":"https:\/\/futbolhoy.co\/index.php\/wp-json\/wp\/v2\/types\/post"}],"author":[{"embeddable":true,"href":"https:\/\/futbolhoy.co\/index.php\/wp-json\/wp\/v2\/users\/4"}],"replies":[{"embeddable":true,"href":"https:\/\/futbolhoy.co\/index.php\/wp-json\/wp\/v2\/comments?post=112253"}],"version-history":[{"count":1,"href":"https:\/\/futbolhoy.co\/index.php\/wp-json\/wp\/v2\/posts\/112253\/revisions"}],"predecessor-version":[{"id":112256,"href":"https:\/\/futbolhoy.co\/index.php\/wp-json\/wp\/v2\/posts\/112253\/revisions\/112256"}],"wp:featuredmedia":[{"embeddable":true,"href":"https:\/\/futbolhoy.co\/index.php\/wp-json\/wp\/v2\/media\/112255"}],"wp:attachment":[{"href":"https:\/\/futbolhoy.co\/index.php\/wp-json\/wp\/v2\/media?parent=112253"}],"wp:term":[{"taxonomy":"category","embeddable":true,"href":"https:\/\/futbolhoy.co\/index.php\/wp-json\/wp\/v2\/categories?post=112253"},{"taxonomy":"post_tag","embeddable":true,"href":"https:\/\/futbolhoy.co\/index.php\/wp-json\/wp\/v2\/tags?post=112253"}],"curies":[{"name":"wp","href":"https:\/\/api.w.org\/{rel}","templated":true}]}}