{"id":112258,"date":"2024-09-25T17:59:07","date_gmt":"2024-09-25T22:59:07","guid":{"rendered":"https:\/\/futbolhoy.co\/?p=112258"},"modified":"2024-09-26T10:36:14","modified_gmt":"2024-09-26T15:36:14","slug":"dt-de-girona-se-fue-contra-yaser-nos-equivocamos-dandole-el-10","status":"publish","type":"post","link":"https:\/\/futbolhoy.co\/index.php\/2024\/09\/25\/dt-de-girona-se-fue-contra-yaser-nos-equivocamos-dandole-el-10\/","title":{"rendered":"DT de Girona se fue contra Yaser: Nos equivocamos d\u00e1ndole el 10"},"content":{"rendered":"<p style=\"text-align: justify;\"><span style=\"font-family: helvetica, arial, sans-serif;\"><span style=\"font-weight: 400;\">El t\u00e9cnico del Girona, <\/span><b>M\u00edchel, tuvo unas declaraciones un poco fuera de tono hacia su propio jugador<\/b><span style=\"font-weight: 400;\">, el colombiano Yaser Asprilla, presente desde el inicio en el empate sin goles frente al Rayo Vallecano de James Rodr\u00edguez, este mi\u00e9rcoles por la jornada 7 de LaLiga.<\/span><\/span><\/p>\n<p style=\"text-align: justify;\"><span style=\"font-family: helvetica, arial, sans-serif;\"><span style=\"font-weight: 400;\">Michel fue preguntado sobre la responsabilidad de Yaser Asprilla al portar la camiseta 10, un m\u00edtico n\u00famero en el f\u00fatbol, y opt\u00f3 por comparar al colombiano con <\/span><b>James Rodr\u00edguez, 10 del Rayo Vallecano.<\/b><\/span><\/p>\n<p style=\"text-align: justify;\"><span style=\"font-weight: 400; font-family: helvetica, arial, sans-serif;\">Yaser Asprilla estuvo cerca de marcar para el Girona, que era local, con una acci\u00f3n clara frente al arco, pero termin\u00f3 desperdiciando la oportunidad.<\/span><\/p>\n<p style=\"text-align: justify;\"><span style=\"font-family: helvetica, arial, sans-serif;\"><span style=\"font-weight: 400;\">\u201cCuando a un chico joven con mucho talento, le dimos el 10, <\/span><b>dije \u2018nos hemos equivocado\u2019, el 10 se tiene que ganar. <\/b><span style=\"font-weight: 400;\">Es un gran futbolista y seguramente se merecer\u00e1 el 10, pero darle el 10 a un jugador que acaba de llegar, que ha costado mucho dinero, le ha costado un poco m\u00e1s que entender lo que quer\u00edamos\u201d, dijo.<\/span><\/span><\/p>\n<p style=\"text-align: justify;\"><span style=\"font-family: helvetica, arial, sans-serif;\"><span style=\"font-weight: 400;\">\u201cHa hecho un gran partido y estoy contento con \u00e9l, las charlas y el entrenamiento le han servido. <\/span><b>Es un buen chico que va a ir a m\u00e1s. Darle el 10 a un jugador joven. <\/b><span style=\"font-weight: 400;\">El 10 es de James, que estaba al otro lado, el 10 de Colombia es de James, preg\u00fantale si se lo va a quitar. Ac\u00e1 se lo hemos regalado, pero es un jugador con un <\/span><b>talento brutal, y puede jugar por dentro y por fuera. <\/b><span style=\"font-weight: 400;\">Tenemos que ir conectando con \u00e9l m\u00e1s y que \u00e9l conecte con nosotros m\u00e1s. Feliz por \u00e9l y por el paso que ha dado, ya en Valencia me gust\u00f3, por eso hoy ha repetido. Es un jugador que no hay que regalarle el 10, pero espero que lo lleve con honra\u201d, agreg\u00f3.<\/span><\/span><\/p>\n","protected":false},"excerpt":{"rendered":"<p>El t\u00e9cnico del Girona, M\u00edchel, tuvo unas declaraciones un poco fuera de tono hacia su propio jugador, el colombiano Yaser Asprilla, presente desde el inicio en el empate sin goles frente al Rayo Vallecano de James Rodr\u00edguez, este mi\u00e9rcoles por la jornada 7 de LaLiga. Michel fue preguntado sobre la responsabilidad de Yaser Asprilla al [&hellip;]<\/p>\n","protected":false},"author":4,"featured_media":112259,"comment_status":"open","ping_status":"closed","sticky":false,"template":"","format":"standard","meta":{"_acf_changed":false,"footnotes":""},"categories":[418],"tags":[],"class_list":{"0":"post-112258","1":"post","2":"type-post","3":"status-publish","4":"format-standard","5":"has-post-thumbnail","7":"category-colombia"},"acf":[],"_links":{"self":[{"href":"https:\/\/futbolhoy.co\/index.php\/wp-json\/wp\/v2\/posts\/112258","targetHints":{"allow":["GET"]}}],"collection":[{"href":"https:\/\/futbolhoy.co\/index.php\/wp-json\/wp\/v2\/posts"}],"about":[{"href":"https:\/\/futbolhoy.co\/index.php\/wp-json\/wp\/v2\/types\/post"}],"author":[{"embeddable":true,"href":"https:\/\/futbolhoy.co\/index.php\/wp-json\/wp\/v2\/users\/4"}],"replies":[{"embeddable":true,"href":"https:\/\/futbolhoy.co\/index.php\/wp-json\/wp\/v2\/comments?post=112258"}],"version-history":[{"count":1,"href":"https:\/\/futbolhoy.co\/index.php\/wp-json\/wp\/v2\/posts\/112258\/revisions"}],"predecessor-version":[{"id":112260,"href":"https:\/\/futbolhoy.co\/index.php\/wp-json\/wp\/v2\/posts\/112258\/revisions\/112260"}],"wp:featuredmedia":[{"embeddable":true,"href":"https:\/\/futbolhoy.co\/index.php\/wp-json\/wp\/v2\/media\/112259"}],"wp:attachment":[{"href":"https:\/\/futbolhoy.co\/index.php\/wp-json\/wp\/v2\/media?parent=112258"}],"wp:term":[{"taxonomy":"category","embeddable":true,"href":"https:\/\/futbolhoy.co\/index.php\/wp-json\/wp\/v2\/categories?post=112258"},{"taxonomy":"post_tag","embeddable":true,"href":"https:\/\/futbolhoy.co\/index.php\/wp-json\/wp\/v2\/tags?post=112258"}],"curies":[{"name":"wp","href":"https:\/\/api.w.org\/{rel}","templated":true}]}}