{"id":112268,"date":"2024-09-26T06:30:52","date_gmt":"2024-09-26T11:30:52","guid":{"rendered":"https:\/\/futbolhoy.co\/?p=112268"},"modified":"2024-09-27T10:09:08","modified_gmt":"2024-09-27T15:09:08","slug":"dt-de-bolivia-dio-a-conocer-lista-de-convocados-para-enfrentar-a-colombia-y-argentina","status":"publish","type":"post","link":"https:\/\/futbolhoy.co\/index.php\/2024\/09\/26\/dt-de-bolivia-dio-a-conocer-lista-de-convocados-para-enfrentar-a-colombia-y-argentina\/","title":{"rendered":"DT de Bolivia dio a conocer lista de convocados para enfrentar a Colombia y Argentina"},"content":{"rendered":"<p style=\"text-align: justify;\"><span style=\"font-family: helvetica, arial, sans-serif;\">El seleccionador de Bolivia, <strong>\u00d3scar Villegas<\/strong>, llam\u00f3 a 28 futbolistas para los partidos ante <strong>Colombia y Argentina<\/strong> por las jornadas 9 y 10 de las <strong>Eliminatorias Sudamericanas para el Mundial 2026.<\/strong><\/span><\/p>\n<p style=\"text-align: justify;\"><span style=\"font-family: helvetica, arial, sans-serif;\">La Verde ser\u00e1 local el pr\u00f3ximo 10 de octubre ante la Tricolor en los m\u00e1s de 4.000 metros sobre el nivel mar del <strong>Estadio Municipal de El Alto,<\/strong> ciudad vecina de La Paz, y cinco d\u00edas despu\u00e9s visitar\u00e1 a Argentina en Buenos Aires.<\/span><\/p>\n<p style=\"text-align: justify;\"><span style=\"font-family: helvetica, arial, sans-serif;\">Villegas tom\u00f3 como base a ocho jugadores que militan en el exterior, como el defensa <strong>Luis Haqu\u00edn<\/strong>, el lateral <strong>Roberto Carlos Fern\u00e1ndez,<\/strong> los mediocampistas<strong> Adalid Terrazas,<\/strong> Miguel Terceros y Gabriel Villamil, adem\u00e1s de los delanteros Enzo Monteiro, Lucas Ch\u00e1vez y Carmelo Algara\u00f1az.<\/span><\/p>\n<p style=\"text-align: justify;\"><span style=\"font-family: helvetica, arial, sans-serif;\">La Federaci\u00f3n Bolivia de F\u00fatbol (FBF) indic\u00f3 que el promedio de edad en este llamado para encarar los partidos ante Colombia y Argentina es de <strong>23.8 a\u00f1os, adem\u00e1s que 13 jugadores tienen 23 a\u00f1os o menos.<\/strong><\/span><\/p>\n<p style=\"text-align: justify;\"><span style=\"font-family: helvetica, arial, sans-serif;\">Los 28 convocados son:<\/span><\/p>\n<p style=\"text-align: justify;\"><span style=\"font-family: helvetica, arial, sans-serif;\"><strong>Arqueros:<\/strong> Guillermo Viscarra (The Strongest &#8211; BOL), Bruno Poveda (Wilstermann- BOL) y Alejandro Torres (Oriente Petrolero, BOL)<\/span><span style=\"font-family: helvetica, arial, sans-serif;\">.<\/span><\/p>\n<p style=\"text-align: justify;\"><span style=\"font-family: helvetica, arial, sans-serif;\"><strong>Defensas<\/strong>: Luis Haqu\u00edn (Ponte Preta-BRA), Pablo Vaca (Always Ready-BOL), Sebasti\u00e1n \u00c1lvarez (Oriente Petrolero-BOL), Marcelo Su\u00e1rez (Always Ready, BOL) y Jos\u00e9 Sagredo (Bol\u00edvar-BOL).<\/span><br \/>\n<span style=\"font-family: helvetica, arial, sans-serif;\">Laterales: Diego Medina (Always Ready-BOL), Yomar Rocha (Bol\u00edvar-BOL), Roberto Carlos Fern\u00e1ndez (Akron Tolyatti-RUS) y Luis Paz (Bol\u00edvar, BOL).<\/span><\/p>\n<p style=\"text-align: justify;\"><span style=\"font-family: helvetica, arial, sans-serif;\"><strong>Volantes:<\/strong> Daniel Camacho (Universitario de Vinto-BOL), V\u00edctor Cu\u00e9llar (The Strongest,-BOL), H\u00e9ctor Cu\u00e9llar (Always Ready-BOL), Ervin Vaca (Bol\u00edvar-BOL), Jeyson Chura (The Strongest,-BOL), Robson Matheus (Always Ready-BOL), Adalid Terrazas (USM Alger- ARG), Ramiro Vaca (Bol\u00edvar-BOL), Miguel Terceros (Santos-BRA) y Gabriel Villamil (Liga de Quito-ECU)<\/span><span style=\"font-family: helvetica, arial, sans-serif;\">.<\/span><\/p>\n<p style=\"text-align: justify;\"><span style=\"font-family: helvetica, arial, sans-serif;\"><strong>Delanteros:<\/strong> Enzo Monteiro (Santos-BRA), Lucas Ch\u00e1vez (Al Taawoun-ARA), Jos\u00e9 Martinez (Always Ready-BOL), Jhon Vel\u00e1squez (Bol\u00edvar-BOL), Bruno Miranda (The Strongest) y Carmelo Algara\u00f1az (Kalamata-GRE).<\/span><\/p>\n","protected":false},"excerpt":{"rendered":"<p>El seleccionador de Bolivia, \u00d3scar Villegas, llam\u00f3 a 28 futbolistas para los partidos ante Colombia y Argentina por las jornadas 9 y 10 de las Eliminatorias Sudamericanas para el Mundial 2026. La Verde ser\u00e1 local el pr\u00f3ximo 10 de octubre ante la Tricolor en los m\u00e1s de 4.000 metros sobre el nivel mar del Estadio [&hellip;]<\/p>\n","protected":false},"author":4,"featured_media":112270,"comment_status":"open","ping_status":"closed","sticky":false,"template":"","format":"standard","meta":{"_acf_changed":false,"footnotes":""},"categories":[152],"tags":[],"class_list":{"0":"post-112268","1":"post","2":"type-post","3":"status-publish","4":"format-standard","5":"has-post-thumbnail","7":"category-mundo-futbol"},"acf":[],"_links":{"self":[{"href":"https:\/\/futbolhoy.co\/index.php\/wp-json\/wp\/v2\/posts\/112268","targetHints":{"allow":["GET"]}}],"collection":[{"href":"https:\/\/futbolhoy.co\/index.php\/wp-json\/wp\/v2\/posts"}],"about":[{"href":"https:\/\/futbolhoy.co\/index.php\/wp-json\/wp\/v2\/types\/post"}],"author":[{"embeddable":true,"href":"https:\/\/futbolhoy.co\/index.php\/wp-json\/wp\/v2\/users\/4"}],"replies":[{"embeddable":true,"href":"https:\/\/futbolhoy.co\/index.php\/wp-json\/wp\/v2\/comments?post=112268"}],"version-history":[{"count":1,"href":"https:\/\/futbolhoy.co\/index.php\/wp-json\/wp\/v2\/posts\/112268\/revisions"}],"predecessor-version":[{"id":112271,"href":"https:\/\/futbolhoy.co\/index.php\/wp-json\/wp\/v2\/posts\/112268\/revisions\/112271"}],"wp:featuredmedia":[{"embeddable":true,"href":"https:\/\/futbolhoy.co\/index.php\/wp-json\/wp\/v2\/media\/112270"}],"wp:attachment":[{"href":"https:\/\/futbolhoy.co\/index.php\/wp-json\/wp\/v2\/media?parent=112268"}],"wp:term":[{"taxonomy":"category","embeddable":true,"href":"https:\/\/futbolhoy.co\/index.php\/wp-json\/wp\/v2\/categories?post=112268"},{"taxonomy":"post_tag","embeddable":true,"href":"https:\/\/futbolhoy.co\/index.php\/wp-json\/wp\/v2\/tags?post=112268"}],"curies":[{"name":"wp","href":"https:\/\/api.w.org\/{rel}","templated":true}]}}