{"id":112272,"date":"2024-09-26T10:42:52","date_gmt":"2024-09-26T15:42:52","guid":{"rendered":"https:\/\/futbolhoy.co\/?p=112272"},"modified":"2024-09-27T19:04:52","modified_gmt":"2024-09-28T00:04:52","slug":"brasil-sera-rival-de-la-seleccion-colombia-femenina-en-octubre","status":"publish","type":"post","link":"https:\/\/futbolhoy.co\/index.php\/2024\/09\/26\/brasil-sera-rival-de-la-seleccion-colombia-femenina-en-octubre\/","title":{"rendered":"Brasil ser\u00e1 rival de la Selecci\u00f3n Colombia Femenina en octubre"},"content":{"rendered":"<p style=\"text-align: justify;\"><span style=\"font-family: helvetica, arial, sans-serif;\">La <strong>Federaci\u00f3n Colombiana de F\u00fatbol<\/strong> confirm\u00f3 que <strong>Brasil<\/strong> ser\u00e1 el rival para los partidos amistosos que tendr\u00e1n lugar en octubre para preparar lo que ser\u00e1 la <strong>Copa Am\u00e9rica<\/strong> del siguiente a\u00f1o. Los juegos tendr\u00e1n lugar el s\u00e1bado 26 de octubre y el martes 29 del mismo mes, en la pen\u00faltima fecha <strong>FIFA<\/strong> del a\u00f1o.<\/span><\/p>\n<p style=\"text-align: justify;\"><span style=\"font-family: helvetica, arial, sans-serif;\">El combinado nacional de mayores, dirigido por el t\u00e9cnico<strong> \u00c1ngelo Marsiglia<\/strong>, re vuelve a reunir luego de la participaci\u00f3n en los <strong>Juegos Ol\u00edmpicos<\/strong>, en los que quedaron eliminadas en cuartos de final a manos de <strong>Espa\u00f1a.<\/strong><\/span><\/p>\n<p style=\"text-align: justify;\"><span style=\"font-family: helvetica, arial, sans-serif;\">Contra Brasil ser\u00e1n dos juegos, ambos en el <strong>Estadio Kleber de Andrade<\/strong> de la ciudad de <strong>Cariacica,<\/strong> <strong>Espirito Santo (Brasil).<\/strong> Ambas selecciones se han enfrentado en 11 oportunidades, con diez triunfos para las brasile\u00f1as y un empate.<\/span><\/p>\n<p style=\"text-align: justify;\"><span style=\"font-family: helvetica, arial, sans-serif;\">-S\u00e1bado 26 de octubre <\/span><br \/>\n<span style=\"font-family: helvetica, arial, sans-serif;\">Brasil vs. Colombia <\/span><br \/>\n<span style=\"font-family: helvetica, arial, sans-serif;\">Estadio: Kleber de Andrade <\/span><br \/>\n<span style=\"font-family: helvetica, arial, sans-serif;\">Ciudad: Cariacica, Espirito Santo (Brasil)<\/span><br \/>\n<span style=\"font-family: helvetica, arial, sans-serif;\">Horario a definir<\/span><\/p>\n<p style=\"text-align: justify;\"><span style=\"font-family: helvetica, arial, sans-serif;\">&#8211; Martes 29 de octubre <\/span><br \/>\n<span style=\"font-family: helvetica, arial, sans-serif;\">Brasil vs. Colombia <\/span><br \/>\n<span style=\"font-family: helvetica, arial, sans-serif;\">Estadio: Kleber de Andrade<\/span><br \/>\n<span style=\"font-family: helvetica, arial, sans-serif;\">Ciudad: Cariacica, Espirito Santo (Brasil)<\/span><br \/>\n<span style=\"font-family: helvetica, arial, sans-serif;\">Horario a definir<\/span><\/p>\n","protected":false},"excerpt":{"rendered":"<p>La Federaci\u00f3n Colombiana de F\u00fatbol confirm\u00f3 que Brasil ser\u00e1 el rival para los partidos amistosos que tendr\u00e1n lugar en octubre para preparar lo que ser\u00e1 la Copa Am\u00e9rica del siguiente a\u00f1o. Los juegos tendr\u00e1n lugar el s\u00e1bado 26 de octubre y el martes 29 del mismo mes, en la pen\u00faltima fecha FIFA del a\u00f1o. El [&hellip;]<\/p>\n","protected":false},"author":4,"featured_media":111824,"comment_status":"open","ping_status":"closed","sticky":false,"template":"","format":"standard","meta":{"_acf_changed":false,"footnotes":""},"categories":[418],"tags":[],"class_list":{"0":"post-112272","1":"post","2":"type-post","3":"status-publish","4":"format-standard","5":"has-post-thumbnail","7":"category-colombia"},"acf":[],"_links":{"self":[{"href":"https:\/\/futbolhoy.co\/index.php\/wp-json\/wp\/v2\/posts\/112272","targetHints":{"allow":["GET"]}}],"collection":[{"href":"https:\/\/futbolhoy.co\/index.php\/wp-json\/wp\/v2\/posts"}],"about":[{"href":"https:\/\/futbolhoy.co\/index.php\/wp-json\/wp\/v2\/types\/post"}],"author":[{"embeddable":true,"href":"https:\/\/futbolhoy.co\/index.php\/wp-json\/wp\/v2\/users\/4"}],"replies":[{"embeddable":true,"href":"https:\/\/futbolhoy.co\/index.php\/wp-json\/wp\/v2\/comments?post=112272"}],"version-history":[{"count":1,"href":"https:\/\/futbolhoy.co\/index.php\/wp-json\/wp\/v2\/posts\/112272\/revisions"}],"predecessor-version":[{"id":112273,"href":"https:\/\/futbolhoy.co\/index.php\/wp-json\/wp\/v2\/posts\/112272\/revisions\/112273"}],"wp:featuredmedia":[{"embeddable":true,"href":"https:\/\/futbolhoy.co\/index.php\/wp-json\/wp\/v2\/media\/111824"}],"wp:attachment":[{"href":"https:\/\/futbolhoy.co\/index.php\/wp-json\/wp\/v2\/media?parent=112272"}],"wp:term":[{"taxonomy":"category","embeddable":true,"href":"https:\/\/futbolhoy.co\/index.php\/wp-json\/wp\/v2\/categories?post=112272"},{"taxonomy":"post_tag","embeddable":true,"href":"https:\/\/futbolhoy.co\/index.php\/wp-json\/wp\/v2\/tags?post=112272"}],"curies":[{"name":"wp","href":"https:\/\/api.w.org\/{rel}","templated":true}]}}