{"id":112303,"date":"2024-09-27T10:07:47","date_gmt":"2024-09-27T15:07:47","guid":{"rendered":"https:\/\/futbolhoy.co\/?p=112303"},"modified":"2024-09-27T21:39:06","modified_gmt":"2024-09-28T02:39:06","slug":"dt-del-rayo-no-sabia-de-la-llegada-de-james-viene-de-una-larga-inactividad","status":"publish","type":"post","link":"https:\/\/futbolhoy.co\/index.php\/2024\/09\/27\/dt-del-rayo-no-sabia-de-la-llegada-de-james-viene-de-una-larga-inactividad\/","title":{"rendered":"DT del Rayo no sab\u00eda de la llegada de James: \u00abViene de una larga inactividad\u00bb"},"content":{"rendered":"<p style=\"text-align: justify;\"><span style=\"font-family: helvetica, arial, sans-serif;\"><b>El t\u00e9cnico del Rayo Vallecano, I\u00f1igo P\u00e9rez<\/b><span style=\"font-weight: 400;\">, confes\u00f3 que no sab\u00eda de la llegada de James Rodr\u00edguez al equipo antes de que se diera, sin embargo, confes\u00f3 estar \u201cencantado\u201d con el colombiano.<\/span><\/span><\/p>\n<p style=\"text-align: justify;\"><span style=\"font-family: helvetica, arial, sans-serif;\"><span style=\"font-weight: 400;\">James Rodr\u00edguez debut\u00f3 con el Rayo Vallecano hace tres jornadas frente a Osasuna. <\/span><b>El colombiano jug\u00f3 diez minutos en el segundo tiempo.<\/b><span style=\"font-weight: 400;\"> Luego, frente al Atl\u00e9tico de Madrid, volvi\u00f3 a ser suplente y salt\u00f3 al c\u00e9sped en el minuto 72. La \u00faltima jornada, contra el Girona, fue suplente, estuvo en el banquillo y no estuvo en cancha.<\/span><\/span><\/p>\n<p style=\"text-align: justify;\"><span style=\"font-family: helvetica, arial, sans-serif;\"><b>\u00abNo sufro porque me pregunt\u00e9is por James. <\/b><span style=\"font-weight: 400;\">Luego yo tengo la fortuna o no de no vivir en un mundo virtual donde no leo nada. S\u00ed me llegan cosas porque al final te llegan porque la familia se preocupa y no quieres que te llegue de esa forma, pero no sufro nada\u00bb, dijo I\u00f1igo P\u00e9rez, en rueda de prensa.<\/span><\/span><\/p>\n<p style=\"text-align: justify;\"><span style=\"font-family: helvetica, arial, sans-serif;\"><span style=\"font-weight: 400;\">\u00abSoy un entrenador que no se inmiscuye en los fichajes porque hay personas del club que lo est\u00e1n haciendo muy bien y<\/span><b> me centro en mi faceta de transformar a los jugadores para llegar a su nivel.<\/b><span style=\"font-weight: 400;\"> En el caso de James me gusta. Es un gran futbolista de gran nivel, el mejor de la Copa Am\u00e9rica. Estoy encantando de que est\u00e9 pero pienso que viene de una larga inactividad y elijo a los mejores para ganar cada partido\u00bb, confes\u00f3.<\/span><\/span><\/p>\n<p style=\"text-align: justify;\"><span style=\"font-family: helvetica, arial, sans-serif;\"><span style=\"font-weight: 400;\">\u00abYo intento mantener el contacto con los jugadores y ser cercano sobre todo en los entrenamientos y las decisiones deportivas. Cuando termina el entrenamiento, al que tienen que venir como si fuera un partido, saben que estoy abierto a todos los jugadores. Hemos tenido a dos colombianos, Falcao y James. Con Falcao me <\/span><b>encontr\u00e9 un verdadero profesional, muy humano y sencillo.<\/b><span style=\"font-weight: 400;\"> Y con James, otro jugador de \u00e9lite pero que es una persona muy normal y sencilla\u00bb, concluy\u00f3.<\/span><\/span><\/p>\n","protected":false},"excerpt":{"rendered":"<p>El t\u00e9cnico del Rayo Vallecano, I\u00f1igo P\u00e9rez, confes\u00f3 que no sab\u00eda de la llegada de James Rodr\u00edguez al equipo antes de que se diera, sin embargo, confes\u00f3 estar \u201cencantado\u201d con el colombiano. James Rodr\u00edguez debut\u00f3 con el Rayo Vallecano hace tres jornadas frente a Osasuna. El colombiano jug\u00f3 diez minutos en el segundo tiempo. Luego, [&hellip;]<\/p>\n","protected":false},"author":4,"featured_media":111971,"comment_status":"open","ping_status":"closed","sticky":false,"template":"","format":"standard","meta":{"_acf_changed":false,"footnotes":""},"categories":[418],"tags":[],"class_list":{"0":"post-112303","1":"post","2":"type-post","3":"status-publish","4":"format-standard","5":"has-post-thumbnail","7":"category-colombia"},"acf":[],"_links":{"self":[{"href":"https:\/\/futbolhoy.co\/index.php\/wp-json\/wp\/v2\/posts\/112303","targetHints":{"allow":["GET"]}}],"collection":[{"href":"https:\/\/futbolhoy.co\/index.php\/wp-json\/wp\/v2\/posts"}],"about":[{"href":"https:\/\/futbolhoy.co\/index.php\/wp-json\/wp\/v2\/types\/post"}],"author":[{"embeddable":true,"href":"https:\/\/futbolhoy.co\/index.php\/wp-json\/wp\/v2\/users\/4"}],"replies":[{"embeddable":true,"href":"https:\/\/futbolhoy.co\/index.php\/wp-json\/wp\/v2\/comments?post=112303"}],"version-history":[{"count":1,"href":"https:\/\/futbolhoy.co\/index.php\/wp-json\/wp\/v2\/posts\/112303\/revisions"}],"predecessor-version":[{"id":112305,"href":"https:\/\/futbolhoy.co\/index.php\/wp-json\/wp\/v2\/posts\/112303\/revisions\/112305"}],"wp:featuredmedia":[{"embeddable":true,"href":"https:\/\/futbolhoy.co\/index.php\/wp-json\/wp\/v2\/media\/111971"}],"wp:attachment":[{"href":"https:\/\/futbolhoy.co\/index.php\/wp-json\/wp\/v2\/media?parent=112303"}],"wp:term":[{"taxonomy":"category","embeddable":true,"href":"https:\/\/futbolhoy.co\/index.php\/wp-json\/wp\/v2\/categories?post=112303"},{"taxonomy":"post_tag","embeddable":true,"href":"https:\/\/futbolhoy.co\/index.php\/wp-json\/wp\/v2\/tags?post=112303"}],"curies":[{"name":"wp","href":"https:\/\/api.w.org\/{rel}","templated":true}]}}