{"id":112310,"date":"2024-09-27T19:18:52","date_gmt":"2024-09-28T00:18:52","guid":{"rendered":"https:\/\/futbolhoy.co\/?p=112310"},"modified":"2024-09-28T14:29:53","modified_gmt":"2024-09-28T19:29:53","slug":"chile-anuncio-convocados-para-partido-por-eliminatorias-ante-colombia","status":"publish","type":"post","link":"https:\/\/futbolhoy.co\/index.php\/2024\/09\/27\/chile-anuncio-convocados-para-partido-por-eliminatorias-ante-colombia\/","title":{"rendered":"Chile anunci\u00f3 convocados para partido por Eliminatorias ante Colombia"},"content":{"rendered":"<p style=\"text-align: justify;\"><span style=\"font-family: helvetica, arial, sans-serif;\"><b>Se acerca una nueva fecha de Eliminatorias al Mundial de 2026 <\/b><span style=\"font-weight: 400;\">y este viernes la Selecci\u00f3n de Chile dio a conocer a sus convocados para la pr\u00f3xima jornada, en la que enfrentar\u00e1 a Brasil y Colombia.<\/span><\/span><\/p>\n<p style=\"text-align: justify;\"><span style=\"font-family: helvetica, arial, sans-serif;\"><span style=\"font-weight: 400;\">El t\u00e9cnico Ricardo Gareca llam\u00f3 a 26 jugadores para las Eliminatorias de octubre, <\/span><b>pero la gran sorpresa fue la ausencia <\/b><span style=\"font-weight: 400;\">de Ben Brereton, jugador del Southampton en la Premier League.<\/span><\/span><\/p>\n<p style=\"text-align: justify;\"><span style=\"font-family: helvetica, arial, sans-serif;\"><span style=\"font-weight: 400;\">Chile enfrentar\u00e1 en su casa a Brasil el pr\u00f3ximo 10 de octubre, mientras que el 15 del mismo mes visitar\u00e1 a la<\/span><b> Selecci\u00f3n Colombia en el estadio Metropolitano de Barranquilla.<\/b><\/span><\/p>\n<p style=\"text-align: justify;\"><span style=\"font-weight: 400; font-family: helvetica, arial, sans-serif;\">Los chilenos llegan a las Eliminatorias urgidos de una victoria, pues actualmente se ubican en la novena casilla, con apenas 5 puntos sumados y solo 1 victoria en lo <b>que va de clasificatorias.<\/b><\/span><\/p>\n<p><strong><span style=\"font-family: helvetica, arial, sans-serif;\">Los convocados<\/span><\/strong><\/p>\n<p><span style=\"font-family: helvetica, arial, sans-serif;\">Porteros: Brayan Cort\u00e9s Lawrence Vigouroux y Vicente Reyes <\/span><\/p>\n<p><span style=\"font-family: helvetica, arial, sans-serif;\">Defensas: Paulo D\u00edaz, Gabriel Suazo, Mat\u00edas Zaldivia, Felipe Loyola, Guillermo Marip\u00e1n, Benjam\u00edn Kuscevic, Thomas Galdames, Fabi\u00e1n Hormaz\u00e1bal y Marcelo Morales<\/span><\/p>\n<p><span style=\"font-family: helvetica, arial, sans-serif;\">Volantes: Erick Pulgar, Diego Vald\u00e9s, Marcelino N\u00fa\u00f1ez, Rodrigo Echeverr\u00eda, Williams Alarc\u00f3n, Esteban Pavez, Carlos Palacios, Luciano Cabral<\/span><\/p>\n<p><span style=\"font-family: helvetica, arial, sans-serif;\">Delanteros: Maximiliano Guerrero, Eduardo Vargas, Lucas Cepeda, Dar\u00edo Osorio, V\u00edctor D\u00e1vila, Gonzalo Tapia<\/span><\/p>\n","protected":false},"excerpt":{"rendered":"<p>Se acerca una nueva fecha de Eliminatorias al Mundial de 2026 y este viernes la Selecci\u00f3n de Chile dio a conocer a sus convocados para la pr\u00f3xima jornada, en la que enfrentar\u00e1 a Brasil y Colombia. El t\u00e9cnico Ricardo Gareca llam\u00f3 a 26 jugadores para las Eliminatorias de octubre, pero la gran sorpresa fue la [&hellip;]<\/p>\n","protected":false},"author":4,"featured_media":112311,"comment_status":"open","ping_status":"closed","sticky":false,"template":"","format":"standard","meta":{"_acf_changed":false,"footnotes":""},"categories":[418],"tags":[],"class_list":{"0":"post-112310","1":"post","2":"type-post","3":"status-publish","4":"format-standard","5":"has-post-thumbnail","7":"category-colombia"},"acf":[],"_links":{"self":[{"href":"https:\/\/futbolhoy.co\/index.php\/wp-json\/wp\/v2\/posts\/112310","targetHints":{"allow":["GET"]}}],"collection":[{"href":"https:\/\/futbolhoy.co\/index.php\/wp-json\/wp\/v2\/posts"}],"about":[{"href":"https:\/\/futbolhoy.co\/index.php\/wp-json\/wp\/v2\/types\/post"}],"author":[{"embeddable":true,"href":"https:\/\/futbolhoy.co\/index.php\/wp-json\/wp\/v2\/users\/4"}],"replies":[{"embeddable":true,"href":"https:\/\/futbolhoy.co\/index.php\/wp-json\/wp\/v2\/comments?post=112310"}],"version-history":[{"count":3,"href":"https:\/\/futbolhoy.co\/index.php\/wp-json\/wp\/v2\/posts\/112310\/revisions"}],"predecessor-version":[{"id":112314,"href":"https:\/\/futbolhoy.co\/index.php\/wp-json\/wp\/v2\/posts\/112310\/revisions\/112314"}],"wp:featuredmedia":[{"embeddable":true,"href":"https:\/\/futbolhoy.co\/index.php\/wp-json\/wp\/v2\/media\/112311"}],"wp:attachment":[{"href":"https:\/\/futbolhoy.co\/index.php\/wp-json\/wp\/v2\/media?parent=112310"}],"wp:term":[{"taxonomy":"category","embeddable":true,"href":"https:\/\/futbolhoy.co\/index.php\/wp-json\/wp\/v2\/categories?post=112310"},{"taxonomy":"post_tag","embeddable":true,"href":"https:\/\/futbolhoy.co\/index.php\/wp-json\/wp\/v2\/tags?post=112310"}],"curies":[{"name":"wp","href":"https:\/\/api.w.org\/{rel}","templated":true}]}}