{"id":112316,"date":"2024-09-27T21:36:38","date_gmt":"2024-09-28T02:36:38","guid":{"rendered":"https:\/\/futbolhoy.co\/?p=112316"},"modified":"2024-09-28T18:44:27","modified_gmt":"2024-09-28T23:44:27","slug":"dura-sancion-al-dibu-martinez-por-empujar-a-camarografo-en-final-ante-colombia","status":"publish","type":"post","link":"https:\/\/futbolhoy.co\/index.php\/2024\/09\/27\/dura-sancion-al-dibu-martinez-por-empujar-a-camarografo-en-final-ante-colombia\/","title":{"rendered":"Dura sanci\u00f3n al Dibu Mart\u00ednez por empujar a camar\u00f3grafo en derrota ante Colombia"},"content":{"rendered":"<p style=\"text-align: justify;\"><span style=\"font-family: helvetica, arial, sans-serif;\"><b>La FIFA ya se pronunci\u00f3 por los hechos de Emiliano \u2018Dibu\u2019 Mart\u00ednez <\/b><span style=\"font-weight: 400;\">recientemente con la Selecci\u00f3n Argentina, uno de ellos en la derrota en Eliminatorias frente a la Selecci\u00f3n Colombia, donde el portero empuj\u00f3 a un camar\u00f3grafo.<\/span><\/span><\/p>\n<p style=\"text-align: justify;\"><span style=\"font-family: helvetica, arial, sans-serif;\"><b>La FIFA anunci\u00f3 que el Dibu Mart\u00ednez <\/b><span style=\"font-weight: 400;\">fue \u201cresponsable de su comportamiento ofensivo y su violaci\u00f3n de los principios del juego limpio\u201d, seg\u00fan public\u00f3 la AFA en un comunicado.<\/span><\/span><\/p>\n<p style=\"text-align: justify;\"><span style=\"font-family: helvetica, arial, sans-serif;\"><span style=\"font-weight: 400;\">Adem\u00e1s de la situaci\u00f3n con el camar\u00f3grafo, Emiliano Mart\u00ednez fue sancionado por el gesto<\/span><b> obsceno que repiti\u00f3 con el trofeo de la Copa Am\u00e9rica,<\/b><span style=\"font-weight: 400;\"> mismo que hizo con el del Mundial de 2022, el cual se lo puso en sus genitales.\u00a0<\/span><\/span><\/p>\n<p style=\"text-align: justify;\"><span style=\"font-family: helvetica, arial, sans-serif;\"><span style=\"font-weight: 400;\">As\u00ed las cosas, <\/span><b>Emiliano Mart\u00ednez no podr\u00e1 jugar en dos fechas <\/b><span style=\"font-weight: 400;\">con la Selecci\u00f3n Argentina, sanci\u00f3n que cumplir\u00e1 en la doble jornada de Eliminatorias al Mundial de 2026, frente a Venezuela y Bolivia.<\/span><\/span><\/p>\n<p style=\"text-align: justify;\"><span style=\"font-family: helvetica, arial, sans-serif;\"><span style=\"font-weight: 400;\">Por su parte, la Asociaci\u00f3n de F\u00fatbol Argentina se mostr\u00f3 completamente en <\/span><b>desacuerdo, pese a los intentos de defensa por su jugador.<\/b><\/span><\/p>\n","protected":false},"excerpt":{"rendered":"<p>La FIFA ya se pronunci\u00f3 por los hechos de Emiliano \u2018Dibu\u2019 Mart\u00ednez recientemente con la Selecci\u00f3n Argentina, uno de ellos en la derrota en Eliminatorias frente a la Selecci\u00f3n Colombia, donde el portero empuj\u00f3 a un camar\u00f3grafo. La FIFA anunci\u00f3 que el Dibu Mart\u00ednez fue \u201cresponsable de su comportamiento ofensivo y su violaci\u00f3n de los [&hellip;]<\/p>\n","protected":false},"author":4,"featured_media":112317,"comment_status":"open","ping_status":"closed","sticky":false,"template":"","format":"standard","meta":{"_acf_changed":false,"footnotes":""},"categories":[152],"tags":[],"class_list":{"0":"post-112316","1":"post","2":"type-post","3":"status-publish","4":"format-standard","5":"has-post-thumbnail","7":"category-mundo-futbol"},"acf":[],"_links":{"self":[{"href":"https:\/\/futbolhoy.co\/index.php\/wp-json\/wp\/v2\/posts\/112316","targetHints":{"allow":["GET"]}}],"collection":[{"href":"https:\/\/futbolhoy.co\/index.php\/wp-json\/wp\/v2\/posts"}],"about":[{"href":"https:\/\/futbolhoy.co\/index.php\/wp-json\/wp\/v2\/types\/post"}],"author":[{"embeddable":true,"href":"https:\/\/futbolhoy.co\/index.php\/wp-json\/wp\/v2\/users\/4"}],"replies":[{"embeddable":true,"href":"https:\/\/futbolhoy.co\/index.php\/wp-json\/wp\/v2\/comments?post=112316"}],"version-history":[{"count":3,"href":"https:\/\/futbolhoy.co\/index.php\/wp-json\/wp\/v2\/posts\/112316\/revisions"}],"predecessor-version":[{"id":112321,"href":"https:\/\/futbolhoy.co\/index.php\/wp-json\/wp\/v2\/posts\/112316\/revisions\/112321"}],"wp:featuredmedia":[{"embeddable":true,"href":"https:\/\/futbolhoy.co\/index.php\/wp-json\/wp\/v2\/media\/112317"}],"wp:attachment":[{"href":"https:\/\/futbolhoy.co\/index.php\/wp-json\/wp\/v2\/media?parent=112316"}],"wp:term":[{"taxonomy":"category","embeddable":true,"href":"https:\/\/futbolhoy.co\/index.php\/wp-json\/wp\/v2\/categories?post=112316"},{"taxonomy":"post_tag","embeddable":true,"href":"https:\/\/futbolhoy.co\/index.php\/wp-json\/wp\/v2\/tags?post=112316"}],"curies":[{"name":"wp","href":"https:\/\/api.w.org\/{rel}","templated":true}]}}