{"id":112343,"date":"2024-09-28T12:47:59","date_gmt":"2024-09-28T17:47:59","guid":{"rendered":"https:\/\/futbolhoy.co\/?p=112343"},"modified":"2024-09-29T11:09:38","modified_gmt":"2024-09-29T16:09:38","slug":"james-titular-y-figura-con-rayo-vallecano-en-laliga","status":"publish","type":"post","link":"https:\/\/futbolhoy.co\/index.php\/2024\/09\/28\/james-titular-y-figura-con-rayo-vallecano-en-laliga\/","title":{"rendered":"James, titular y figura con Rayo Vallecano en LaLiga"},"content":{"rendered":"<p style=\"text-align: justify;\"><span style=\"font-family: helvetica, arial, sans-serif;\"><b>James Rodr\u00edguez debut\u00f3<\/b><span style=\"font-weight: 400;\"> con pie derecho como titular en el Rayo Vallecano, que <\/span><b>este s\u00e1bado recibi\u00f3 en Vallecas al Legan\u00e9s, por la fecha 8 de LaLiga.<\/b><span style=\"font-weight: 400;\"> El colombiano fue figura y se mostr\u00f3 emocionado por su primera vez como inicialista.<\/span><\/span><\/p>\n<p style=\"text-align: justify;\"><span style=\"font-family: helvetica, arial, sans-serif;\"><span style=\"font-weight: 400;\">Despu\u00e9s de tanta pol\u00e9mica en los \u00faltimos d\u00edas por la falta de minutos de James Rodr\u00edguez en <\/span><b>Rayo Vallecano, pese a que el mismo t\u00e9cnico I\u00f1igo P\u00e9rez <\/b><span style=\"font-weight: 400;\">asegur\u00f3 que lo iba a llevar lento, el colombiano finalmente obtuvo su primera titularidad y de paso fue figura.\u00a0<\/span><\/span><\/p>\n<p style=\"text-align: justify;\"><span style=\"font-family: helvetica, arial, sans-serif;\"><b>James Rodr\u00edguez estuvo 64 minutos en cancha<\/b><span style=\"font-weight: 400;\">, los suficientes para obtener un 94% de efectividad en sus pases, con un total de 31 de 34 completados.<\/span><\/span><\/p>\n<p style=\"text-align: justify;\"><span style=\"font-family: helvetica, arial, sans-serif;\"><span style=\"font-weight: 400;\">\u201cFeliz, contento de jugar el primer partido como titular. Ha sido empate, pero creo que las sensaciones han sido buenas. <\/span><b>En la primera parte estuvimos bien,<\/b><span style=\"font-weight: 400;\"> en la segunda empezamos bien, ellos metieron el gol, pero bueno, todav\u00eda falta mucho\u201d, dijo en entrevista al finalizar el compromiso.<\/span><\/span><\/p>\n<p style=\"text-align: justify;\"><span style=\"font-family: helvetica, arial, sans-serif;\"><span style=\"font-weight: 400;\">\u201cEspero poder ayudar al equipo q<\/span><b>ue es lo que yo quiero, todav\u00eda falta mucho<\/b><span style=\"font-weight: 400;\"> y hay que seguir prepar\u00e1ndonos bien para lo que viene\u201d, a\u00f1adi\u00f3.<\/span><\/span><\/p>\n","protected":false},"excerpt":{"rendered":"<p>James Rodr\u00edguez debut\u00f3 con pie derecho como titular en el Rayo Vallecano, que este s\u00e1bado recibi\u00f3 en Vallecas al Legan\u00e9s, por la fecha 8 de LaLiga. El colombiano fue figura y se mostr\u00f3 emocionado por su primera vez como inicialista. Despu\u00e9s de tanta pol\u00e9mica en los \u00faltimos d\u00edas por la falta de minutos de James [&hellip;]<\/p>\n","protected":false},"author":4,"featured_media":112344,"comment_status":"open","ping_status":"closed","sticky":false,"template":"","format":"standard","meta":{"_acf_changed":false,"footnotes":""},"categories":[418],"tags":[],"class_list":{"0":"post-112343","1":"post","2":"type-post","3":"status-publish","4":"format-standard","5":"has-post-thumbnail","7":"category-colombia"},"acf":[],"_links":{"self":[{"href":"https:\/\/futbolhoy.co\/index.php\/wp-json\/wp\/v2\/posts\/112343","targetHints":{"allow":["GET"]}}],"collection":[{"href":"https:\/\/futbolhoy.co\/index.php\/wp-json\/wp\/v2\/posts"}],"about":[{"href":"https:\/\/futbolhoy.co\/index.php\/wp-json\/wp\/v2\/types\/post"}],"author":[{"embeddable":true,"href":"https:\/\/futbolhoy.co\/index.php\/wp-json\/wp\/v2\/users\/4"}],"replies":[{"embeddable":true,"href":"https:\/\/futbolhoy.co\/index.php\/wp-json\/wp\/v2\/comments?post=112343"}],"version-history":[{"count":1,"href":"https:\/\/futbolhoy.co\/index.php\/wp-json\/wp\/v2\/posts\/112343\/revisions"}],"predecessor-version":[{"id":112345,"href":"https:\/\/futbolhoy.co\/index.php\/wp-json\/wp\/v2\/posts\/112343\/revisions\/112345"}],"wp:featuredmedia":[{"embeddable":true,"href":"https:\/\/futbolhoy.co\/index.php\/wp-json\/wp\/v2\/media\/112344"}],"wp:attachment":[{"href":"https:\/\/futbolhoy.co\/index.php\/wp-json\/wp\/v2\/media?parent=112343"}],"wp:term":[{"taxonomy":"category","embeddable":true,"href":"https:\/\/futbolhoy.co\/index.php\/wp-json\/wp\/v2\/categories?post=112343"},{"taxonomy":"post_tag","embeddable":true,"href":"https:\/\/futbolhoy.co\/index.php\/wp-json\/wp\/v2\/tags?post=112343"}],"curies":[{"name":"wp","href":"https:\/\/api.w.org\/{rel}","templated":true}]}}