{"id":112432,"date":"2024-09-30T11:36:17","date_gmt":"2024-09-30T16:36:17","guid":{"rendered":"https:\/\/futbolhoy.co\/?p=112432"},"modified":"2024-10-01T16:24:19","modified_gmt":"2024-10-01T21:24:19","slug":"tite-sale-destituido-de-flamengo","status":"publish","type":"post","link":"https:\/\/futbolhoy.co\/index.php\/2024\/09\/30\/tite-sale-destituido-de-flamengo\/","title":{"rendered":"Tite sale destituido de Flamengo"},"content":{"rendered":"<p style=\"text-align: justify;\"><span style=\"font-family: helvetica, arial, sans-serif;\"><b>La eliminaci\u00f3n de Flamengo en la Copa Libertadores <\/b><span style=\"font-weight: 400;\">ya dej\u00f3 al primer responsable se\u00f1alado. El equipo anunci\u00f3 este lunes la destituci\u00f3n de Tite como director t\u00e9cnico, ahora estar\u00e1 a cargo el <\/span><b>exjugador del Atl\u00e9tico de Madrid, Filipe Luis.<\/b><\/span><\/p>\n<p style=\"text-align: justify;\"><span style=\"font-family: helvetica, arial, sans-serif;\"><span style=\"font-weight: 400;\">Tite estaba siendo cuestionado <\/span><b>en los \u00faltimos d\u00edas tanto por dirigentes como por hinchas<\/b><span style=\"font-weight: 400;\">, sobre todo tras la eliminaci\u00f3n del equipo de la Copa Libertadores.<\/span><\/span><\/p>\n<p style=\"text-align: justify;\"><span style=\"font-family: helvetica, arial, sans-serif;\"><span style=\"font-weight: 400;\">El club carioca inform\u00f3 en sus redes sociales que el exseleccionador de Brasil no estar\u00eda m\u00e1s en su <\/span><b>cargo y en su lugar quedar\u00eda Filipe Luis,<\/b><span style=\"font-weight: 400;\"> actualmente t\u00e9cnico del equipo sub-20 de Flamengo.<\/span><\/span><\/p>\n<p style=\"text-align: justify;\"><span style=\"font-family: helvetica, arial, sans-serif;\"><span style=\"font-weight: 400;\">Curiosamente, el anuncio se <\/span><b>dio un d\u00eda despu\u00e9s de la victoria 1-0 de Flamengo frente a Paranaense, <\/b><span style=\"font-weight: 400;\">resultado que lo mantiene en cuarto lugar en la clasificaci\u00f3n del Campeonato Brasile\u00f1o, a 11 puntos del l\u00edder Botafogo.<\/span><\/span><\/p>\n<p style=\"text-align: justify;\"><span style=\"font-family: helvetica, arial, sans-serif;\"><span style=\"font-weight: 400;\">Con la eliminaci\u00f3n de la Libertadores tras caer en cuartos de final ante el Pe\u00f1arol y la cada vez m\u00e1s <\/span><b>dif\u00edcil disputa por el t\u00edtulo en la Liga, a Flamengo solo le resta la Copa de Brasil,<\/b><span style=\"font-weight: 400;\"> en la que clasific\u00f3 a semifinales, para salvar el a\u00f1o.<\/span><\/span><\/p>\n<p style=\"text-align: justify;\"><span style=\"font-family: helvetica, arial, sans-serif;\"><span style=\"font-weight: 400;\">Tite comand\u00f3 a Flamengo en 70 partidos, en los que sum\u00f3 42 victorias, 12 empates y 16 derrotas. Bajo el comando del brasile\u00f1o, el club solo conquist\u00f3 un t\u00edtulo, el del campeonato regional de <\/span><b>R\u00edo de Janeiro este a\u00f1o.<\/b><\/span><\/p>\n","protected":false},"excerpt":{"rendered":"<p>La eliminaci\u00f3n de Flamengo en la Copa Libertadores ya dej\u00f3 al primer responsable se\u00f1alado. El equipo anunci\u00f3 este lunes la destituci\u00f3n de Tite como director t\u00e9cnico, ahora estar\u00e1 a cargo el exjugador del Atl\u00e9tico de Madrid, Filipe Luis. Tite estaba siendo cuestionado en los \u00faltimos d\u00edas tanto por dirigentes como por hinchas, sobre todo tras [&hellip;]<\/p>\n","protected":false},"author":4,"featured_media":112433,"comment_status":"open","ping_status":"closed","sticky":false,"template":"","format":"standard","meta":{"_acf_changed":false,"footnotes":""},"categories":[152],"tags":[],"class_list":{"0":"post-112432","1":"post","2":"type-post","3":"status-publish","4":"format-standard","5":"has-post-thumbnail","7":"category-mundo-futbol"},"acf":[],"_links":{"self":[{"href":"https:\/\/futbolhoy.co\/index.php\/wp-json\/wp\/v2\/posts\/112432","targetHints":{"allow":["GET"]}}],"collection":[{"href":"https:\/\/futbolhoy.co\/index.php\/wp-json\/wp\/v2\/posts"}],"about":[{"href":"https:\/\/futbolhoy.co\/index.php\/wp-json\/wp\/v2\/types\/post"}],"author":[{"embeddable":true,"href":"https:\/\/futbolhoy.co\/index.php\/wp-json\/wp\/v2\/users\/4"}],"replies":[{"embeddable":true,"href":"https:\/\/futbolhoy.co\/index.php\/wp-json\/wp\/v2\/comments?post=112432"}],"version-history":[{"count":1,"href":"https:\/\/futbolhoy.co\/index.php\/wp-json\/wp\/v2\/posts\/112432\/revisions"}],"predecessor-version":[{"id":112434,"href":"https:\/\/futbolhoy.co\/index.php\/wp-json\/wp\/v2\/posts\/112432\/revisions\/112434"}],"wp:featuredmedia":[{"embeddable":true,"href":"https:\/\/futbolhoy.co\/index.php\/wp-json\/wp\/v2\/media\/112433"}],"wp:attachment":[{"href":"https:\/\/futbolhoy.co\/index.php\/wp-json\/wp\/v2\/media?parent=112432"}],"wp:term":[{"taxonomy":"category","embeddable":true,"href":"https:\/\/futbolhoy.co\/index.php\/wp-json\/wp\/v2\/categories?post=112432"},{"taxonomy":"post_tag","embeddable":true,"href":"https:\/\/futbolhoy.co\/index.php\/wp-json\/wp\/v2\/tags?post=112432"}],"curies":[{"name":"wp","href":"https:\/\/api.w.org\/{rel}","templated":true}]}}