{"id":112436,"date":"2024-09-30T11:47:16","date_gmt":"2024-09-30T16:47:16","guid":{"rendered":"https:\/\/futbolhoy.co\/?p=112436"},"modified":"2024-10-01T22:21:09","modified_gmt":"2024-10-02T03:21:09","slug":"neymar-vuelve-a-entrenar-en-grupo-despues-de-su-grave-lesion","status":"publish","type":"post","link":"https:\/\/futbolhoy.co\/index.php\/2024\/09\/30\/neymar-vuelve-a-entrenar-en-grupo-despues-de-su-grave-lesion\/","title":{"rendered":"Neymar vuelve a entrenar en grupo despu\u00e9s de su grave lesi\u00f3n"},"content":{"rendered":"<p style=\"text-align: justify;\"><span style=\"font-family: helvetica, arial, sans-serif;\"><b>Ya va a cumplirse un a\u00f1o de la grave lesi\u00f3n que apart\u00f3 a Neymar<\/b><span style=\"font-weight: 400;\"> de las canchas reci\u00e9n hab\u00eda llegado al <\/span><b>Al-Hilal de la Liga de Arabia Saudi, p<\/b><span style=\"font-weight: 400;\">ero este lunes sorprendi\u00f3 al mundo con su regreso a los entrenamientos en grupo.<\/span><\/span><\/p>\n<p style=\"text-align: justify;\"><span style=\"font-family: helvetica, arial, sans-serif;\"><span style=\"font-weight: 400;\">Neymar fich\u00f3 por este<\/span><b> equipo del campeonato saudita en agosto de 2023<\/b><span style=\"font-weight: 400;\"> tras abandonar el PSG, pero menos de un mes despu\u00e9s de llegar sufri\u00f3 una grave lesi\u00f3n del ligamento cruzado y del menisco de su rodilla izquierda, el 17 de octubre, en la derrota de Brasil contra Uruguay (2-0) en las Eliminatorias al Mundial de 2026.<\/span><\/span><\/p>\n<p style=\"text-align: justify;\"><span style=\"font-family: helvetica, arial, sans-serif;\"><span style=\"font-weight: 400;\">\u00abEstoy feliz de regresar al grupo\u00bb, escribi\u00f3 Neymar en su cuenta de Instagram, acompa\u00f1ando el texto con varias fotograf\u00edas en la cancha con sus compa\u00f1eros y <\/span><b>con el entrenador portugu\u00e9s Jorge Jesus.<\/b><\/span><\/p>\n<p style=\"text-align: justify;\"><span style=\"font-family: helvetica, arial, sans-serif;\"><span style=\"font-weight: 400;\">El futbolista, que recibe seg\u00fan los medios <\/span><b>un salario anual de 100 millones de euros, <\/b><span style=\"font-weight: 400;\">se ejercitaba por separado desde julio.<\/span><\/span><\/p>\n","protected":false},"excerpt":{"rendered":"<p>Ya va a cumplirse un a\u00f1o de la grave lesi\u00f3n que apart\u00f3 a Neymar de las canchas reci\u00e9n hab\u00eda llegado al Al-Hilal de la Liga de Arabia Saudi, pero este lunes sorprendi\u00f3 al mundo con su regreso a los entrenamientos en grupo. Neymar fich\u00f3 por este equipo del campeonato saudita en agosto de 2023 tras [&hellip;]<\/p>\n","protected":false},"author":4,"featured_media":112437,"comment_status":"open","ping_status":"closed","sticky":false,"template":"","format":"standard","meta":{"_acf_changed":false,"footnotes":""},"categories":[152],"tags":[],"class_list":{"0":"post-112436","1":"post","2":"type-post","3":"status-publish","4":"format-standard","5":"has-post-thumbnail","7":"category-mundo-futbol"},"acf":[],"_links":{"self":[{"href":"https:\/\/futbolhoy.co\/index.php\/wp-json\/wp\/v2\/posts\/112436","targetHints":{"allow":["GET"]}}],"collection":[{"href":"https:\/\/futbolhoy.co\/index.php\/wp-json\/wp\/v2\/posts"}],"about":[{"href":"https:\/\/futbolhoy.co\/index.php\/wp-json\/wp\/v2\/types\/post"}],"author":[{"embeddable":true,"href":"https:\/\/futbolhoy.co\/index.php\/wp-json\/wp\/v2\/users\/4"}],"replies":[{"embeddable":true,"href":"https:\/\/futbolhoy.co\/index.php\/wp-json\/wp\/v2\/comments?post=112436"}],"version-history":[{"count":1,"href":"https:\/\/futbolhoy.co\/index.php\/wp-json\/wp\/v2\/posts\/112436\/revisions"}],"predecessor-version":[{"id":112438,"href":"https:\/\/futbolhoy.co\/index.php\/wp-json\/wp\/v2\/posts\/112436\/revisions\/112438"}],"wp:featuredmedia":[{"embeddable":true,"href":"https:\/\/futbolhoy.co\/index.php\/wp-json\/wp\/v2\/media\/112437"}],"wp:attachment":[{"href":"https:\/\/futbolhoy.co\/index.php\/wp-json\/wp\/v2\/media?parent=112436"}],"wp:term":[{"taxonomy":"category","embeddable":true,"href":"https:\/\/futbolhoy.co\/index.php\/wp-json\/wp\/v2\/categories?post=112436"},{"taxonomy":"post_tag","embeddable":true,"href":"https:\/\/futbolhoy.co\/index.php\/wp-json\/wp\/v2\/tags?post=112436"}],"curies":[{"name":"wp","href":"https:\/\/api.w.org\/{rel}","templated":true}]}}