{"id":112439,"date":"2024-09-30T17:16:00","date_gmt":"2024-09-30T22:16:00","guid":{"rendered":"https:\/\/futbolhoy.co\/?p=112439"},"modified":"2024-10-02T09:09:33","modified_gmt":"2024-10-02T14:09:33","slug":"fifa-suspende-a-etoo-por-hechos-ocurridos-en-el-mundial-de-colombia","status":"publish","type":"post","link":"https:\/\/futbolhoy.co\/index.php\/2024\/09\/30\/fifa-suspende-a-etoo-por-hechos-ocurridos-en-el-mundial-de-colombia\/","title":{"rendered":"FIFA suspende a Eto\u2019o por hechos ocurridos en el Mundial de Colombia"},"content":{"rendered":"<p style=\"text-align: justify;\"><span style=\"font-family: helvetica, arial, sans-serif;\">El exdelantero de <strong>Barcelona<\/strong> e <strong>Inter,<\/strong>\u00a0<strong>Samuel Eto&#8217;o,<\/strong> presidente de la <strong>Federaci\u00f3n Camerunesa de F\u00fatbol,<\/strong> fue suspendido seis meses por la <strong>FIFA<\/strong> para asistir a los partidos de su selecci\u00f3n por su actitud durante un encuentro del<strong> Mundial femenino sub-20.<\/strong><\/span><\/p>\n<p style=\"text-align: justify;\"><span style=\"font-family: helvetica, arial, sans-serif;\">La comisi\u00f3n de disciplina de la FIFA reprocha a Eto&#8217;o no haber respetado las reglas relativas a \u00abcomportamiento ofensivo\u00bb en la \u00abviolaci\u00f3n de los principios del fair-play\u00bb e \u00abincorrecci\u00f3n hacia jugadoras y \u00e1rbitros\u00bb.<\/span><\/p>\n<p style=\"text-align: justify;\"><span style=\"font-family: helvetica, arial, sans-serif;\"><strong>Eto&#8217;o<\/strong> es acusado de haber presionado a los \u00e1rbitros en los octavos de final que Camer\u00fan perdi\u00f3 ante <strong>Brasil<\/strong> (3-1 tras pr\u00f3rroga) en el <strong>Mundial sub-20<\/strong> disputado en <strong>Colombia,<\/strong> en un penal con el que empat\u00f3 el gigante sudamericano.<\/span><\/p>\n<p style=\"text-align: justify;\"><span style=\"font-family: helvetica, arial, sans-serif;\">La suspensi\u00f3n del exjugador no afecta a sus funciones de presidente de la federaci\u00f3n, pero \u00able impedir\u00e1 asistir a los partidos de f\u00fatbol masculino y femenino que impliquen a equipos de la Fecafoot en todas las categor\u00edas y grupos de edad\u00bb, precis\u00f3 la FIFA.<\/span><\/p>\n","protected":false},"excerpt":{"rendered":"<p>El exdelantero de Barcelona e Inter,\u00a0Samuel Eto&#8217;o, presidente de la Federaci\u00f3n Camerunesa de F\u00fatbol, fue suspendido seis meses por la FIFA para asistir a los partidos de su selecci\u00f3n por su actitud durante un encuentro del Mundial femenino sub-20. La comisi\u00f3n de disciplina de la FIFA reprocha a Eto&#8217;o no haber respetado las reglas relativas [&hellip;]<\/p>\n","protected":false},"author":4,"featured_media":112440,"comment_status":"open","ping_status":"closed","sticky":false,"template":"","format":"standard","meta":{"_acf_changed":false,"footnotes":""},"categories":[152],"tags":[],"class_list":{"0":"post-112439","1":"post","2":"type-post","3":"status-publish","4":"format-standard","5":"has-post-thumbnail","7":"category-mundo-futbol"},"acf":[],"_links":{"self":[{"href":"https:\/\/futbolhoy.co\/index.php\/wp-json\/wp\/v2\/posts\/112439","targetHints":{"allow":["GET"]}}],"collection":[{"href":"https:\/\/futbolhoy.co\/index.php\/wp-json\/wp\/v2\/posts"}],"about":[{"href":"https:\/\/futbolhoy.co\/index.php\/wp-json\/wp\/v2\/types\/post"}],"author":[{"embeddable":true,"href":"https:\/\/futbolhoy.co\/index.php\/wp-json\/wp\/v2\/users\/4"}],"replies":[{"embeddable":true,"href":"https:\/\/futbolhoy.co\/index.php\/wp-json\/wp\/v2\/comments?post=112439"}],"version-history":[{"count":1,"href":"https:\/\/futbolhoy.co\/index.php\/wp-json\/wp\/v2\/posts\/112439\/revisions"}],"predecessor-version":[{"id":112441,"href":"https:\/\/futbolhoy.co\/index.php\/wp-json\/wp\/v2\/posts\/112439\/revisions\/112441"}],"wp:featuredmedia":[{"embeddable":true,"href":"https:\/\/futbolhoy.co\/index.php\/wp-json\/wp\/v2\/media\/112440"}],"wp:attachment":[{"href":"https:\/\/futbolhoy.co\/index.php\/wp-json\/wp\/v2\/media?parent=112439"}],"wp:term":[{"taxonomy":"category","embeddable":true,"href":"https:\/\/futbolhoy.co\/index.php\/wp-json\/wp\/v2\/categories?post=112439"},{"taxonomy":"post_tag","embeddable":true,"href":"https:\/\/futbolhoy.co\/index.php\/wp-json\/wp\/v2\/tags?post=112439"}],"curies":[{"name":"wp","href":"https:\/\/api.w.org\/{rel}","templated":true}]}}