{"id":112448,"date":"2024-10-01T09:50:52","date_gmt":"2024-10-01T14:50:52","guid":{"rendered":"https:\/\/futbolhoy.co\/?p=112448"},"modified":"2024-10-02T12:37:27","modified_gmt":"2024-10-02T17:37:27","slug":"adios-al-capitan-andres-iniesta-anunciara-su-retiro-del-futbol","status":"publish","type":"post","link":"https:\/\/futbolhoy.co\/index.php\/2024\/10\/01\/adios-al-capitan-andres-iniesta-anunciara-su-retiro-del-futbol\/","title":{"rendered":"Adi\u00f3s al capit\u00e1n: Andr\u00e9s Iniesta anunciar\u00e1 su retiro del f\u00fatbol"},"content":{"rendered":"<p style=\"text-align: justify;\"><span style=\"font-family: helvetica, arial, sans-serif;\"><b>El autor del gol que le dio a Espa\u00f1a el Mundial de Sud\u00e1frica 2010,<\/b> <b>Andr\u00e9s Iniesta<\/b><span style=\"font-weight: 400;\">, public\u00f3 este martes que el pr\u00f3ximo 8 de octubre anunciar\u00e1 su futuro, lo que desde ya suena como el que ser\u00e1 su retiro profesional.<\/span><\/span><\/p>\n<p style=\"text-align: justify;\"><span style=\"font-family: helvetica, arial, sans-serif;\"><span style=\"font-weight: 400;\">Iniesta public\u00f3 en sus redes sociales un \u2018coming soon\u2019, junto a un grafitero pintando un mural con la<\/span><b> imagen del jugador y la frase \u201cBienvenidos a mi futuro\u201d.\u00a0<\/b><\/span><\/p>\n<p style=\"text-align: justify;\"><span style=\"font-family: helvetica, arial, sans-serif;\"><b>El espa\u00f1ol est\u00e1 sin equipo desde el pasado mes de junio<\/b><span style=\"font-weight: 400;\">, cuando termin\u00f3 su contrato con el Emirates Club de la la Liga de Arabia.<\/span><\/span><\/p>\n<p style=\"text-align: justify;\"><span style=\"font-weight: 400; font-family: helvetica, arial, sans-serif;\">Iniesta jug\u00f3 durante casi toda su carrera en el FC Barcelona, de donde sali\u00f3 en junio de 2018 tras 16 temporadas y 674 partidos disputados.<\/span><\/p>\n<p style=\"text-align: justify;\"><span style=\"font-family: helvetica, arial, sans-serif;\"><b>Desde 2018 y hasta julio de 2023,<\/b><span style=\"font-weight: 400;\"> Iniesta estuvo en el Vissel Kobe japon\u00e9s, y de agosto de 2023 a junio de 2024 en el Emirates Club.<\/span><\/span><\/p>\n<p style=\"text-align: justify;\"><span style=\"font-family: helvetica, arial, sans-serif;\"><b>Los t\u00edtulos de Iniesta<\/b><\/span><\/p>\n<p style=\"text-align: justify;\"><span style=\"font-family: helvetica, arial, sans-serif;\"><span style=\"font-weight: 400;\">A sus 40 a\u00f1os, Iniesta ha conseguido un total de 38 t\u00edtulos, superado <\/span><b>en la historia solo por Dani Alves y Lionel Messi.<\/b><span style=\"font-weight: 400;\"> Obviamente, el m\u00e1s importante es el Mundial que alcanz\u00f3 con Espa\u00f1a en 2010. En su paso por Barcelona, Iniesta levant\u00f3 4 trofeos de la Champions League, 3 Mundial de Clubes y 3 Supercopas de Europa. Adem\u00e1s, en Espa\u00f1a 9 t\u00edtulos de La Liga, <\/span><b>6 Copa del Rey y 7 Supercopa de Espa\u00f1a.<\/b><\/span><\/p>\n","protected":false},"excerpt":{"rendered":"<p>El autor del gol que le dio a Espa\u00f1a el Mundial de Sud\u00e1frica 2010, Andr\u00e9s Iniesta, public\u00f3 este martes que el pr\u00f3ximo 8 de octubre anunciar\u00e1 su futuro, lo que desde ya suena como el que ser\u00e1 su retiro profesional. Iniesta public\u00f3 en sus redes sociales un \u2018coming soon\u2019, junto a un grafitero pintando un [&hellip;]<\/p>\n","protected":false},"author":4,"featured_media":112451,"comment_status":"open","ping_status":"closed","sticky":false,"template":"","format":"standard","meta":{"_acf_changed":false,"footnotes":""},"categories":[152],"tags":[],"class_list":{"0":"post-112448","1":"post","2":"type-post","3":"status-publish","4":"format-standard","5":"has-post-thumbnail","7":"category-mundo-futbol"},"acf":[],"_links":{"self":[{"href":"https:\/\/futbolhoy.co\/index.php\/wp-json\/wp\/v2\/posts\/112448","targetHints":{"allow":["GET"]}}],"collection":[{"href":"https:\/\/futbolhoy.co\/index.php\/wp-json\/wp\/v2\/posts"}],"about":[{"href":"https:\/\/futbolhoy.co\/index.php\/wp-json\/wp\/v2\/types\/post"}],"author":[{"embeddable":true,"href":"https:\/\/futbolhoy.co\/index.php\/wp-json\/wp\/v2\/users\/4"}],"replies":[{"embeddable":true,"href":"https:\/\/futbolhoy.co\/index.php\/wp-json\/wp\/v2\/comments?post=112448"}],"version-history":[{"count":1,"href":"https:\/\/futbolhoy.co\/index.php\/wp-json\/wp\/v2\/posts\/112448\/revisions"}],"predecessor-version":[{"id":112450,"href":"https:\/\/futbolhoy.co\/index.php\/wp-json\/wp\/v2\/posts\/112448\/revisions\/112450"}],"wp:featuredmedia":[{"embeddable":true,"href":"https:\/\/futbolhoy.co\/index.php\/wp-json\/wp\/v2\/media\/112451"}],"wp:attachment":[{"href":"https:\/\/futbolhoy.co\/index.php\/wp-json\/wp\/v2\/media?parent=112448"}],"wp:term":[{"taxonomy":"category","embeddable":true,"href":"https:\/\/futbolhoy.co\/index.php\/wp-json\/wp\/v2\/categories?post=112448"},{"taxonomy":"post_tag","embeddable":true,"href":"https:\/\/futbolhoy.co\/index.php\/wp-json\/wp\/v2\/tags?post=112448"}],"curies":[{"name":"wp","href":"https:\/\/api.w.org\/{rel}","templated":true}]}}