{"id":112461,"date":"2024-10-02T09:08:29","date_gmt":"2024-10-02T14:08:29","guid":{"rendered":"https:\/\/futbolhoy.co\/?p=112461"},"modified":"2024-10-02T18:31:34","modified_gmt":"2024-10-02T23:31:34","slug":"arturo-vidal-se-fue-contra-gareca-por-no-convocarlo-a-eliminatorias","status":"publish","type":"post","link":"https:\/\/futbolhoy.co\/index.php\/2024\/10\/02\/arturo-vidal-se-fue-contra-gareca-por-no-convocarlo-a-eliminatorias\/","title":{"rendered":"Arturo Vidal se fue contra Gareca por no convocarlo a Eliminatorias"},"content":{"rendered":"<p style=\"text-align: justify;\"><span style=\"font-family: helvetica, arial, sans-serif;\"><span style=\"font-weight: 400;\">Arturo Vidal no dud\u00f3 en criticar fuertemente al t\u00e9cnico de la Selecci\u00f3n de Chile, Ricardo Gareca, por su ausencia en la convocatoria para los pr\u00f3ximos partidos de <\/span><b>Eliminatorias, frente a Brasil y Colombia.<\/b><\/span><\/p>\n<p style=\"text-align: justify;\"><span style=\"font-weight: 400; font-family: helvetica, arial, sans-serif;\">Vidal, de 37 a\u00f1os, lament\u00f3 que Gareca no lo hubiera convocado junto a otros jugadores como Mauricio Isla, Charles Ar\u00e1nguiz o Marcelo D\u00edaz, integrantes de la generaci\u00f3n de futbolistas que llev\u00f3 a Chile a ganar la Copa Am\u00e9rica de 2015 y la Centenario de 2016.<\/span><\/p>\n<p style=\"text-align: justify;\"><span style=\"font-family: helvetica, arial, sans-serif;\"><span style=\"font-weight: 400;\">\u00abYo, Isla, <\/span><b>Charles Ar\u00e1nguiz, Marcelo D\u00edaz<\/b><span style=\"font-weight: 400;\">, debemos estar en la Selecci\u00f3n; la Selecci\u00f3n nos necesita. Debemos enfrentar a Brasil con jugadores grandes\u00bb, asegur\u00f3 el exjugador de Barcelona, Bayern Munich y Juventus, en una rueda de prensa este martes.<\/span><\/span><\/p>\n<p style=\"text-align: justify;\"><span style=\"font-family: helvetica, arial, sans-serif;\"><b>De acuerdo a Vidal, no se explica que Mauricio Isla, <\/b><span style=\"font-weight: 400;\">su compa\u00f1ero en Colo Colo, no haya sido convocado pese a que fue el \u00faltimo capit\u00e1n del equipo, ni que \u00e9l haya quedado afuera.<\/span><\/span><\/p>\n<p style=\"text-align: justify;\"><span style=\"font-family: helvetica, arial, sans-serif;\"><b>\u00ab\u00bfHay alguno mejor que yo en mi posici\u00f3n,<\/b><span style=\"font-weight: 400;\"> que tenga la experiencia de enfrentar a Brasil o los mismos partidos que yo? No hay\u00bb, afirm\u00f3 el volante.<\/span><\/span><\/p>\n<p style=\"text-align: justify;\"><span style=\"font-family: helvetica, arial, sans-serif;\"><b>Vidal asegur\u00f3 que no ve un \u00abrumbo en la Selecci\u00f3n\u00bb<\/b><span style=\"font-weight: 400;\"> y pidi\u00f3 al t\u00e9cnico Gareca \u00absaber en qu\u00e9 momento se debe proyectar nuevos jugadores y no tirar a la basura estas clasificatorias\u00bb.<\/span><\/span><\/p>\n<p style=\"text-align: justify;\"><span style=\"font-family: helvetica, arial, sans-serif;\"><span style=\"font-weight: 400;\">La n\u00f3mina de la <\/span><b>Roja est\u00e1 repleta de jugadores j\u00f3venes<\/b><span style=\"font-weight: 400;\"> y solo tiene como referente de experiencia a Eduardo Vargas, del Atl\u00e9tico Mineiro. El delantero Alexis S\u00e1nchez es baja por lesi\u00f3n.<\/span><\/span><\/p>\n<p style=\"text-align: justify;\"><span style=\"font-family: helvetica, arial, sans-serif;\"><span style=\"font-weight: 400;\">Chile se ubica actualmente pen\u00faltimo en la tabla de Eliminatorias, <\/span><b>solo supera a Per\u00fa.<\/b><\/span><\/p>\n","protected":false},"excerpt":{"rendered":"<p>Arturo Vidal no dud\u00f3 en criticar fuertemente al t\u00e9cnico de la Selecci\u00f3n de Chile, Ricardo Gareca, por su ausencia en la convocatoria para los pr\u00f3ximos partidos de Eliminatorias, frente a Brasil y Colombia. Vidal, de 37 a\u00f1os, lament\u00f3 que Gareca no lo hubiera convocado junto a otros jugadores como Mauricio Isla, Charles Ar\u00e1nguiz o Marcelo [&hellip;]<\/p>\n","protected":false},"author":4,"featured_media":112462,"comment_status":"open","ping_status":"closed","sticky":false,"template":"","format":"standard","meta":{"_acf_changed":false,"footnotes":""},"categories":[152],"tags":[],"class_list":{"0":"post-112461","1":"post","2":"type-post","3":"status-publish","4":"format-standard","5":"has-post-thumbnail","7":"category-mundo-futbol"},"acf":[],"_links":{"self":[{"href":"https:\/\/futbolhoy.co\/index.php\/wp-json\/wp\/v2\/posts\/112461","targetHints":{"allow":["GET"]}}],"collection":[{"href":"https:\/\/futbolhoy.co\/index.php\/wp-json\/wp\/v2\/posts"}],"about":[{"href":"https:\/\/futbolhoy.co\/index.php\/wp-json\/wp\/v2\/types\/post"}],"author":[{"embeddable":true,"href":"https:\/\/futbolhoy.co\/index.php\/wp-json\/wp\/v2\/users\/4"}],"replies":[{"embeddable":true,"href":"https:\/\/futbolhoy.co\/index.php\/wp-json\/wp\/v2\/comments?post=112461"}],"version-history":[{"count":1,"href":"https:\/\/futbolhoy.co\/index.php\/wp-json\/wp\/v2\/posts\/112461\/revisions"}],"predecessor-version":[{"id":112463,"href":"https:\/\/futbolhoy.co\/index.php\/wp-json\/wp\/v2\/posts\/112461\/revisions\/112463"}],"wp:featuredmedia":[{"embeddable":true,"href":"https:\/\/futbolhoy.co\/index.php\/wp-json\/wp\/v2\/media\/112462"}],"wp:attachment":[{"href":"https:\/\/futbolhoy.co\/index.php\/wp-json\/wp\/v2\/media?parent=112461"}],"wp:term":[{"taxonomy":"category","embeddable":true,"href":"https:\/\/futbolhoy.co\/index.php\/wp-json\/wp\/v2\/categories?post=112461"},{"taxonomy":"post_tag","embeddable":true,"href":"https:\/\/futbolhoy.co\/index.php\/wp-json\/wp\/v2\/tags?post=112461"}],"curies":[{"name":"wp","href":"https:\/\/api.w.org\/{rel}","templated":true}]}}