{"id":112465,"date":"2024-10-02T12:38:23","date_gmt":"2024-10-02T17:38:23","guid":{"rendered":"https:\/\/futbolhoy.co\/?p=112465"},"modified":"2024-10-03T12:35:24","modified_gmt":"2024-10-03T17:35:24","slug":"regresa-messi-argentina-anuncio-la-lista-de-convocados-para-eliminatorias","status":"publish","type":"post","link":"https:\/\/futbolhoy.co\/index.php\/2024\/10\/02\/regresa-messi-argentina-anuncio-la-lista-de-convocados-para-eliminatorias\/","title":{"rendered":"Regresa Messi: Argentina anunci\u00f3 la lista de convocados para Eliminatorias"},"content":{"rendered":"<p style=\"text-align: justify;\"><span style=\"font-family: helvetica, arial, sans-serif;\"><span style=\"font-weight: 400;\">La Selecci\u00f3n Argentina sorprendi\u00f3 este mi\u00e9rcoles <\/span><b>con el regreso a la convocatoria de su capit\u00e1n y m\u00e1ximo \u00eddolo, Lionel Messi, <\/b><span style=\"font-weight: 400;\">quien estuvo fuera por lesi\u00f3n desde la <\/span><b>final ante Colombia en la Copa Am\u00e9rica.<\/b><\/span><\/p>\n<p style=\"text-align: justify;\"><span style=\"font-family: helvetica, arial, sans-serif;\"><span style=\"font-weight: 400;\">Regresa Messi, pero t<\/span><b>ambi\u00e9n sufrir\u00e1n con la ausencia de Emiliano \u2018Dibu\u2019 Mart\u00ednez, <\/b><span style=\"font-weight: 400;\">quien fue suspendido por la FIFA para los partidos ante Venezuela y Bolivia por \u00abcomportamiento indebido y violaci\u00f3n de los principios del juego limpio\u00bb.<\/span><\/span><\/p>\n<p style=\"text-align: justify;\"><span style=\"font-weight: 400; font-family: helvetica, arial, sans-serif;\">Messi vuelve a la lista de Lionel Scaloni luego de haber estado ausente en los partidos contra Chile y Colombia, por una lesi\u00f3n en el tobillo derecho que <strong>se produjo en la final de la Copa Am\u00e9rica de Estados Unidos.\u00a0<\/strong><\/span><\/p>\n<p style=\"text-align: justify;\"><span style=\"font-family: helvetica, arial, sans-serif;\"><span style=\"font-weight: 400;\">Tambi\u00e9n se destacan los llamados de Thiago Almada y al lateral Nicol\u00e1s Tagliafico, ambos campeones del Mundo ausentes en las \u00faltimas listas, mientras que la <\/span><b>sorpresa fue la convocatoria del juvenil Nicol\u00e1s Paz.<\/b><\/span><\/p>\n<p style=\"text-align: justify;\"><span style=\"font-family: helvetica, arial, sans-serif;\"><span style=\"font-weight: 400;\">La<\/span><b> Albiceleste lidera la clasificatoria sudamericana <\/b><span style=\"font-weight: 400;\">con 18 puntos despu\u00e9s de ocho jornadas.<\/span><\/span><\/p>\n<p style=\"text-align: justify;\"><span style=\"font-family: helvetica, arial, sans-serif;\"><b>En la pr\u00f3xima fecha de Eliminatorias se enfrentar\u00e1 <\/b><span style=\"font-weight: 400;\">con Venezuela en Matur\u00edn el jueves 10 de octubre, y cinco d\u00edas despu\u00e9s ante Bolivia, en el estadio Monumental, en Buenos Aires.<\/span><\/span><\/p>\n<p style=\"text-align: justify;\"><span style=\"font-family: helvetica, arial, sans-serif;\"><b>Los convocados por Scaloni:<\/b><\/span><\/p>\n<p style=\"text-align: justify;\"><span style=\"font-weight: 400; font-family: helvetica, arial, sans-serif;\">Arqueros: Ger\u00f3nimo Rulli (Olympique Marseille, Francia), Juan Musso (Atl\u00e9tico de Madrid, Espa\u00f1a) y Walter Ben\u00edtez (PSV Eindhoven, Pa\u00edses Bajos).<\/span><\/p>\n<p style=\"text-align: justify;\"><span style=\"font-weight: 400; font-family: helvetica, arial, sans-serif;\">Defensas: Gonzalo Montiel (Sevilla, Espa\u00f1a), Nahuel Molina (Atl\u00e9tico de Madrid), Cristian Romero (Tottenhan Hotspur, Inglaterra), Leonardo Balerdi (Olympique Marseille), Germ\u00e1n Pezzella (River Plate), Marcos Acu\u00f1a (River Plate), Nicol\u00e1s Otamendi (Benfica, Portugal), Lisandro Mart\u00ednez (Manchester United, Inglaterra), Nicol\u00e1s Tagliafico (Lyon, Francia).<\/span><\/p>\n<p style=\"text-align: justify;\"><span style=\"font-weight: 400; font-family: helvetica, arial, sans-serif;\">Volantes: Leandro Paredes (Roma, Italia), Alexis Mac Allister (Liverpool, Inglaterra), Rodrigo De Paul (Atl\u00e9tico de Madrid), Exequiel Palacios (Bayer Leverkusen, Alemania), Enzo Fern\u00e1ndez (Chelsea, Inglaterra), Giovani Lo Celso (Betis, Espa\u00f1a), Thiago Almada (Botafogo, Brasil), Nicol\u00e1s Paz (Como, Italia) y Nicol\u00e1s Gonz\u00e1lez (Juventus, Italia).<\/span><\/p>\n<p style=\"text-align: justify;\"><span style=\"font-weight: 400; font-family: helvetica, arial, sans-serif;\">Delanteros: Alejandro Garnacho (Manchester United), Paulo Dybala (Roma), Lionel Messi (Inter Miami, Estados Unidos), Lautaro Mart\u00ednez (Inter Milan, Italia), Juli\u00e1n \u00c1lvarez (Atl\u00e9tico de Madrid) y Valent\u00edn Carboni (Olympique Marseille).<\/span><\/p>\n","protected":false},"excerpt":{"rendered":"<p>La Selecci\u00f3n Argentina sorprendi\u00f3 este mi\u00e9rcoles con el regreso a la convocatoria de su capit\u00e1n y m\u00e1ximo \u00eddolo, Lionel Messi, quien estuvo fuera por lesi\u00f3n desde la final ante Colombia en la Copa Am\u00e9rica. Regresa Messi, pero tambi\u00e9n sufrir\u00e1n con la ausencia de Emiliano \u2018Dibu\u2019 Mart\u00ednez, quien fue suspendido por la FIFA para los partidos [&hellip;]<\/p>\n","protected":false},"author":4,"featured_media":112466,"comment_status":"open","ping_status":"closed","sticky":false,"template":"","format":"standard","meta":{"_acf_changed":false,"footnotes":""},"categories":[152],"tags":[],"class_list":{"0":"post-112465","1":"post","2":"type-post","3":"status-publish","4":"format-standard","5":"has-post-thumbnail","7":"category-mundo-futbol"},"acf":[],"_links":{"self":[{"href":"https:\/\/futbolhoy.co\/index.php\/wp-json\/wp\/v2\/posts\/112465","targetHints":{"allow":["GET"]}}],"collection":[{"href":"https:\/\/futbolhoy.co\/index.php\/wp-json\/wp\/v2\/posts"}],"about":[{"href":"https:\/\/futbolhoy.co\/index.php\/wp-json\/wp\/v2\/types\/post"}],"author":[{"embeddable":true,"href":"https:\/\/futbolhoy.co\/index.php\/wp-json\/wp\/v2\/users\/4"}],"replies":[{"embeddable":true,"href":"https:\/\/futbolhoy.co\/index.php\/wp-json\/wp\/v2\/comments?post=112465"}],"version-history":[{"count":1,"href":"https:\/\/futbolhoy.co\/index.php\/wp-json\/wp\/v2\/posts\/112465\/revisions"}],"predecessor-version":[{"id":112467,"href":"https:\/\/futbolhoy.co\/index.php\/wp-json\/wp\/v2\/posts\/112465\/revisions\/112467"}],"wp:featuredmedia":[{"embeddable":true,"href":"https:\/\/futbolhoy.co\/index.php\/wp-json\/wp\/v2\/media\/112466"}],"wp:attachment":[{"href":"https:\/\/futbolhoy.co\/index.php\/wp-json\/wp\/v2\/media?parent=112465"}],"wp:term":[{"taxonomy":"category","embeddable":true,"href":"https:\/\/futbolhoy.co\/index.php\/wp-json\/wp\/v2\/categories?post=112465"},{"taxonomy":"post_tag","embeddable":true,"href":"https:\/\/futbolhoy.co\/index.php\/wp-json\/wp\/v2\/tags?post=112465"}],"curies":[{"name":"wp","href":"https:\/\/api.w.org\/{rel}","templated":true}]}}