{"id":112469,"date":"2024-10-02T12:37:35","date_gmt":"2024-10-02T17:37:35","guid":{"rendered":"https:\/\/futbolhoy.co\/?p=112469"},"modified":"2024-10-02T22:16:58","modified_gmt":"2024-10-03T03:16:58","slug":"barcelona-confirma-el-reemplazo-de-ter-stegen-llega-szczesny","status":"publish","type":"post","link":"https:\/\/futbolhoy.co\/index.php\/2024\/10\/02\/barcelona-confirma-el-reemplazo-de-ter-stegen-llega-szczesny\/","title":{"rendered":"Barcelona confirma el reemplazo de Ter Stegen: Llega Szczesny"},"content":{"rendered":"<p style=\"text-align: justify;\"><span style=\"font-family: helvetica, arial, sans-serif;\"><b>Pocas veces pasa que un futbolista salga del retiro, <\/b><span style=\"font-weight: 400;\">dejar las canchas no es una decisi\u00f3n f\u00e1cil de tomar, pero si te llama un club como el FC Barcelona, la cosa <\/span><b>cambia y as\u00ed lo dej\u00f3 claro Wojciech Szczesny,<\/b><span style=\"font-weight: 400;\"> quien acaba de fichar con los cul\u00e9s.<\/span><\/span><\/p>\n<p style=\"text-align: justify;\"><span style=\"font-family: helvetica, arial, sans-serif;\"><span style=\"font-weight: 400;\">Este mi\u00e9rcoles se confirm\u00f3 que el polaco, excompa\u00f1ero de Selecci\u00f3n de Robert <\/span><b>Lewandowski, ser\u00e1 el reemplazante de Marc Andre Ter Stegen,<\/b><span style=\"font-weight: 400;\"> quien no podr\u00e1 estar durante lo que resta de temporada por la grave lesi\u00f3n de rodilla que sufri\u00f3 el pasado 22 de septiembre ante el Villarreal.<\/span><\/span><\/p>\n<p style=\"text-align: justify;\"><span style=\"font-family: helvetica, arial, sans-serif;\"><span style=\"font-weight: 400;\">\u00abEl Barcelona y el jugador Wojciech Szczesny han llegado a un acuerdo para su fichaje<\/span><b> hasta el 30 de junio de 2025&#8243;, anunci\u00f3 el equipo en sus redes sociales.<\/b><\/span><\/p>\n<p style=\"text-align: justify;\"><span style=\"font-family: helvetica, arial, sans-serif;\"><span style=\"font-weight: 400;\">El portero polaco<\/span><b> hab\u00eda anunciado su retiro al finalizar la pasada Eurocopa <\/b><span style=\"font-weight: 400;\">con su pa\u00eds. Con 34 a\u00f1os, su \u00faltimo club fue la Juventus de Italia.<\/span><\/span><\/p>\n<p style=\"text-align: justify;\"><span style=\"font-family: helvetica, arial, sans-serif;\"><span style=\"font-weight: 400;\">El guardameta se coron\u00f3 con 3 t\u00edtulos de la Serie A y 3 Copa de Italia con la Juventus,<\/span><b> as\u00ed como dos FA Cup con el Arsenal de Inglaterra, entre otros t\u00edtulos. <\/b><\/span><\/p>\n","protected":false},"excerpt":{"rendered":"<p>Pocas veces pasa que un futbolista salga del retiro, dejar las canchas no es una decisi\u00f3n f\u00e1cil de tomar, pero si te llama un club como el FC Barcelona, la cosa cambia y as\u00ed lo dej\u00f3 claro Wojciech Szczesny, quien acaba de fichar con los cul\u00e9s. Este mi\u00e9rcoles se confirm\u00f3 que el polaco, excompa\u00f1ero de [&hellip;]<\/p>\n","protected":false},"author":4,"featured_media":112470,"comment_status":"open","ping_status":"closed","sticky":false,"template":"","format":"standard","meta":{"_acf_changed":false,"footnotes":""},"categories":[152],"tags":[],"class_list":{"0":"post-112469","1":"post","2":"type-post","3":"status-publish","4":"format-standard","5":"has-post-thumbnail","7":"category-mundo-futbol"},"acf":[],"_links":{"self":[{"href":"https:\/\/futbolhoy.co\/index.php\/wp-json\/wp\/v2\/posts\/112469","targetHints":{"allow":["GET"]}}],"collection":[{"href":"https:\/\/futbolhoy.co\/index.php\/wp-json\/wp\/v2\/posts"}],"about":[{"href":"https:\/\/futbolhoy.co\/index.php\/wp-json\/wp\/v2\/types\/post"}],"author":[{"embeddable":true,"href":"https:\/\/futbolhoy.co\/index.php\/wp-json\/wp\/v2\/users\/4"}],"replies":[{"embeddable":true,"href":"https:\/\/futbolhoy.co\/index.php\/wp-json\/wp\/v2\/comments?post=112469"}],"version-history":[{"count":1,"href":"https:\/\/futbolhoy.co\/index.php\/wp-json\/wp\/v2\/posts\/112469\/revisions"}],"predecessor-version":[{"id":112471,"href":"https:\/\/futbolhoy.co\/index.php\/wp-json\/wp\/v2\/posts\/112469\/revisions\/112471"}],"wp:featuredmedia":[{"embeddable":true,"href":"https:\/\/futbolhoy.co\/index.php\/wp-json\/wp\/v2\/media\/112470"}],"wp:attachment":[{"href":"https:\/\/futbolhoy.co\/index.php\/wp-json\/wp\/v2\/media?parent=112469"}],"wp:term":[{"taxonomy":"category","embeddable":true,"href":"https:\/\/futbolhoy.co\/index.php\/wp-json\/wp\/v2\/categories?post=112469"},{"taxonomy":"post_tag","embeddable":true,"href":"https:\/\/futbolhoy.co\/index.php\/wp-json\/wp\/v2\/tags?post=112469"}],"curies":[{"name":"wp","href":"https:\/\/api.w.org\/{rel}","templated":true}]}}