{"id":112529,"date":"2024-10-03T12:35:57","date_gmt":"2024-10-03T17:35:57","guid":{"rendered":"https:\/\/futbolhoy.co\/?p=112529"},"modified":"2024-10-03T22:22:35","modified_gmt":"2024-10-04T03:22:35","slug":"golazos-de-jhon-duran-nominados-a-mejores-en-champions-y-premier","status":"publish","type":"post","link":"https:\/\/futbolhoy.co\/index.php\/2024\/10\/03\/golazos-de-jhon-duran-nominados-a-mejores-en-champions-y-premier\/","title":{"rendered":"Golazos de Jhon Dur\u00e1n, nominados a mejores en Champions y Premier"},"content":{"rendered":"<p style=\"text-align: justify;\"><span style=\"font-family: helvetica, arial, sans-serif;\"><b>Jhon Jader Dur\u00e1n no para de celebrar<\/b><span style=\"font-weight: 400;\"> y es que este jueves recibi\u00f3 una noticia que <\/span><b>engalana a\u00fan m\u00e1s su buen momento actual<\/b><span style=\"font-weight: 400;\">, pues su gol frente al Bayern M\u00fanich est\u00e1 nominado al mejor de la fecha 2 de la Champions League.<\/span><\/span><\/p>\n<p style=\"text-align: justify;\"><span style=\"font-family: helvetica, arial, sans-serif;\"><span style=\"font-weight: 400;\">Dur\u00e1n no solo le entreg\u00f3 los tres puntos al Aston Villa contra el Bayern, en Villa Park, los elogios de su entrenador y <\/span><b>el premio al Mejor Jugador del Partido,<\/b><span style=\"font-weight: 400;\"> tambi\u00e9n ahora pelea por ganar el mejor gol de la jornada en la m\u00e1xima competici\u00f3n europea de clubes.<\/span><\/span><\/p>\n<p style=\"text-align: justify;\"><span style=\"font-family: helvetica, arial, sans-serif;\"><b>El colombiano recibi\u00f3 un pase largo de Pau Torres <\/b><span style=\"font-weight: 400;\">y sin mediar remat\u00f3 para dejar mal parado a Manuel Neuer, que estaba adelantado, para sellar el 1-0 con el que Aston Villa venci\u00f3 al club alem\u00e1n, adem\u00e1s, celebrar su primer gol en la Champions League.<\/span><\/span><\/p>\n<p>&nbsp;<\/p>\n<blockquote class=\"twitter-tweet\" data-media-max-width=\"560\">\n<p dir=\"ltr\" lang=\"es\">\u00a1\u00a1GOLAZO DE DUR\u00c1N ANTE BAYERN MUNICH!! \u00a1\u00a1LOCURA VILLANA!!<\/p>\n<p>\ud83d\udcfa Mir\u00e1 la <a href=\"https:\/\/twitter.com\/hashtag\/Champions?src=hash&amp;ref_src=twsrc%5Etfw\">#Champions<\/a> en <a href=\"https:\/\/twitter.com\/hashtag\/DisneyPlus?src=hash&amp;ref_src=twsrc%5Etfw\">#DisneyPlus<\/a> Premium <a href=\"https:\/\/t.co\/DkP24t5qKp\">pic.twitter.com\/DkP24t5qKp<\/a><\/p>\n<p>\u2014 SportsCenter (@SC_ESPN) <a href=\"https:\/\/twitter.com\/SC_ESPN\/status\/1841579093118095652?ref_src=twsrc%5Etfw\">October 2, 2024<\/a><\/p><\/blockquote>\n<p><script async src=\"https:\/\/platform.twitter.com\/widgets.js\" charset=\"utf-8\"><\/script><\/p>\n<p style=\"text-align: justify;\"><span style=\"font-family: helvetica, arial, sans-serif;\"><span style=\"font-weight: 400;\">As\u00ed las cosas, la UEFA anunci\u00f3 los nominados al mejor gol de la jornada,<\/span><b> entre ellos Jhon Jader Dur\u00e1n<\/b><span style=\"font-weight: 400;\">, junto a Mohamed Salah del Liverpool contra Bologna, Christos <\/span><b>Tzolis de Brujas ante Sturm Graz y Du\u0161an Vlahovi\u0107 de Juventus frente al Liepzig.<\/b><\/span><\/p>\n<p><span style=\"font-family: helvetica, arial, sans-serif;\">Como si fuera poco, <strong>el colombiano tambi\u00e9n recibi\u00f3 la nominaci\u00f3n a mejor gol del mes en la Premier<\/strong> League, por el tanto que le marc\u00f3 al Everton en la jornada 4, en la victoria del Aston Villa 4-3 ante los Toffees.<\/span><\/p>\n<blockquote class=\"twitter-tweet\" data-media-max-width=\"560\">\n<p dir=\"ltr\" lang=\"en\">That strike from Jhon Dur\u00e1n has been nominated for the Premier League&#8217;s Goal of the Month award for September \ud83d\udc4a\ud83d\ude80<\/p>\n<p>\u2014 Aston Villa (@AVFCOfficial) <a href=\"https:\/\/twitter.com\/AVFCOfficial\/status\/1841810662030508100?ref_src=twsrc%5Etfw\">October 3, 2024<\/a><\/p><\/blockquote>\n<p><script async src=\"https:\/\/platform.twitter.com\/widgets.js\" charset=\"utf-8\"><\/script><\/p>\n","protected":false},"excerpt":{"rendered":"<p>Jhon Jader Dur\u00e1n no para de celebrar y es que este jueves recibi\u00f3 una noticia que engalana a\u00fan m\u00e1s su buen momento actual, pues su gol frente al Bayern M\u00fanich est\u00e1 nominado al mejor de la fecha 2 de la Champions League. Dur\u00e1n no solo le entreg\u00f3 los tres puntos al Aston Villa contra el [&hellip;]<\/p>\n","protected":false},"author":4,"featured_media":112530,"comment_status":"open","ping_status":"closed","sticky":false,"template":"","format":"standard","meta":{"_acf_changed":false,"footnotes":""},"categories":[418],"tags":[],"class_list":{"0":"post-112529","1":"post","2":"type-post","3":"status-publish","4":"format-standard","5":"has-post-thumbnail","7":"category-colombia"},"acf":[],"_links":{"self":[{"href":"https:\/\/futbolhoy.co\/index.php\/wp-json\/wp\/v2\/posts\/112529","targetHints":{"allow":["GET"]}}],"collection":[{"href":"https:\/\/futbolhoy.co\/index.php\/wp-json\/wp\/v2\/posts"}],"about":[{"href":"https:\/\/futbolhoy.co\/index.php\/wp-json\/wp\/v2\/types\/post"}],"author":[{"embeddable":true,"href":"https:\/\/futbolhoy.co\/index.php\/wp-json\/wp\/v2\/users\/4"}],"replies":[{"embeddable":true,"href":"https:\/\/futbolhoy.co\/index.php\/wp-json\/wp\/v2\/comments?post=112529"}],"version-history":[{"count":2,"href":"https:\/\/futbolhoy.co\/index.php\/wp-json\/wp\/v2\/posts\/112529\/revisions"}],"predecessor-version":[{"id":112541,"href":"https:\/\/futbolhoy.co\/index.php\/wp-json\/wp\/v2\/posts\/112529\/revisions\/112541"}],"wp:featuredmedia":[{"embeddable":true,"href":"https:\/\/futbolhoy.co\/index.php\/wp-json\/wp\/v2\/media\/112530"}],"wp:attachment":[{"href":"https:\/\/futbolhoy.co\/index.php\/wp-json\/wp\/v2\/media?parent=112529"}],"wp:term":[{"taxonomy":"category","embeddable":true,"href":"https:\/\/futbolhoy.co\/index.php\/wp-json\/wp\/v2\/categories?post=112529"},{"taxonomy":"post_tag","embeddable":true,"href":"https:\/\/futbolhoy.co\/index.php\/wp-json\/wp\/v2\/tags?post=112529"}],"curies":[{"name":"wp","href":"https:\/\/api.w.org\/{rel}","templated":true}]}}