{"id":112534,"date":"2024-10-03T17:52:54","date_gmt":"2024-10-03T22:52:54","guid":{"rendered":"https:\/\/futbolhoy.co\/?p=112534"},"modified":"2024-10-05T18:47:01","modified_gmt":"2024-10-05T23:47:01","slug":"convocatoria-de-la-seleccion-colombia-para-enfrentar-a-bolivia-y-chile","status":"publish","type":"post","link":"https:\/\/futbolhoy.co\/index.php\/2024\/10\/03\/convocatoria-de-la-seleccion-colombia-para-enfrentar-a-bolivia-y-chile\/","title":{"rendered":"Convocatoria de la Selecci\u00f3n Colombia para enfrentar a Bolivia y Chile"},"content":{"rendered":"<p style=\"text-align: justify;\"><span style=\"font-family: helvetica, arial, sans-serif;\">La<strong> Federaci\u00f3n Colombiana de F\u00fatbol<\/strong> dio a conocer la lista de 29 jugadores que convoc\u00f3 el entrenador <strong>N\u00e9stor Lorenzo<\/strong> para los partidos por la fecha 9 y 10 de las <strong>Eliminatorias<\/strong> al<strong> Mundial ante Bolivia y Chile.<\/strong><\/span><\/p>\n<p style=\"text-align: justify;\"><span style=\"font-family: helvetica, arial, sans-serif;\">En este grupo de citados para la doble jornada, resalta el llamado del defensor<strong> Willer Ditta<\/strong> del <strong>Cruz Azul,<\/strong> quien ya hab\u00eda sido convocado anteriormente. Tambi\u00e9n resalta el regreso de <strong>Jorge Carrascal,<\/strong> que no estuvo en los \u00faltimos dos juegos, y la vuelta de <strong>Roger Mart\u00ednez,<\/strong> de <strong>Racing<\/strong> de <strong>Argentina,<\/strong> que jug\u00f3 su \u00faltimo partido con la Tricolor en el amistoso con M\u00e9xico en diciembre de 2023.<\/span><\/p>\n<p style=\"text-align: justify;\"><span style=\"font-family: helvetica, arial, sans-serif;\">Del mismo modo, <strong>Nelson Deossa<\/strong>, volante del <strong>Pachuca<\/strong> de <strong>M\u00e9xico,<\/strong> recibe su primer llamado para encarar unas Eliminatorias.<\/span><\/p>\n<p style=\"text-align: justify;\"><span style=\"font-family: helvetica, arial, sans-serif;\">Entretanto, las ausencias por lesi\u00f3n, respecto a la \u00faltima convocatoria, son:<strong> Yerson Mosquera, Carlos Cuesta, David Ospina y Rafael Santos Borr\u00e9.<\/strong><\/span><\/p>\n<p style=\"text-align: justify;\"><span style=\"font-family: helvetica, arial, sans-serif;\"><strong>Arqueros:<\/strong> Camilo Vargas (Atlas-MEX), \u00c1lvaro Montero (Millonarios-COL), Kevin Mier (Cruz Azul-MEX).<\/span><\/p>\n<p style=\"text-align: justify;\"><span style=\"font-family: helvetica, arial, sans-serif;\"><strong>Defensas:<\/strong> Willer Ditta (Cruz Azul-MEX), Jhon Lucum\u00ed (Bolonia-ITA), Daniel Mu\u00f1oz (Crystal Palace-ING), Santiago Arias (Bahia-BRA), Juan David Cabal (Juventus-ITA), Davinson S\u00e1nchez (Galatasaray-TUR), Cristian Borja (Am\u00e9rica-MEX).<\/span><\/p>\n<p style=\"text-align: justify;\"><span style=\"font-family: helvetica, arial, sans-serif;\"><strong>Volantes:<\/strong> Nelson Deossa (Pachuca-MEX), Kevin Casta\u00f1o (Krasnodar-RUS), James Rodr\u00edguez (Rayo Vallecano-ESP), Yaser Asprilla (Girona-ESP), Richard R\u00edos (Palmeiras-BRA, Jefferson Lerma (Crystal Palace-ING), Matheus Uribe (Al-Sadd-CAT), Jhon Arias (Fluminense-BRA), Juan Camilo Portilla (Talleres-ARG), Jorge Carrascal (Dinamo Mosc\u00fa-RUS), Juan Fernando Quintero (Racing-ARG)<\/span><\/p>\n<p style=\"text-align: justify;\"><span style=\"font-family: helvetica, arial, sans-serif;\"><strong>Delanteros:<\/strong> Luis D\u00edaz (Liverpool-ING), Luis Sinisterra (Bournemouth-ING), Jhon Jader Dur\u00e1n (Aston Villa-ING), Juan Camilo Hern\u00e1ndez (Columbus Crew-USA), Roger Mart\u00ednez (Racing-ARG) y Jhon C\u00f3rdoba (Krasnodar-RUS)<\/span><\/p>\n","protected":false},"excerpt":{"rendered":"<p>La Federaci\u00f3n Colombiana de F\u00fatbol dio a conocer la lista de 29 jugadores que convoc\u00f3 el entrenador N\u00e9stor Lorenzo para los partidos por la fecha 9 y 10 de las Eliminatorias al Mundial ante Bolivia y Chile. En este grupo de citados para la doble jornada, resalta el llamado del defensor Willer Ditta del Cruz [&hellip;]<\/p>\n","protected":false},"author":4,"featured_media":111793,"comment_status":"open","ping_status":"closed","sticky":false,"template":"","format":"standard","meta":{"_acf_changed":false,"footnotes":""},"categories":[418],"tags":[],"class_list":{"0":"post-112534","1":"post","2":"type-post","3":"status-publish","4":"format-standard","5":"has-post-thumbnail","7":"category-colombia"},"acf":[],"_links":{"self":[{"href":"https:\/\/futbolhoy.co\/index.php\/wp-json\/wp\/v2\/posts\/112534","targetHints":{"allow":["GET"]}}],"collection":[{"href":"https:\/\/futbolhoy.co\/index.php\/wp-json\/wp\/v2\/posts"}],"about":[{"href":"https:\/\/futbolhoy.co\/index.php\/wp-json\/wp\/v2\/types\/post"}],"author":[{"embeddable":true,"href":"https:\/\/futbolhoy.co\/index.php\/wp-json\/wp\/v2\/users\/4"}],"replies":[{"embeddable":true,"href":"https:\/\/futbolhoy.co\/index.php\/wp-json\/wp\/v2\/comments?post=112534"}],"version-history":[{"count":1,"href":"https:\/\/futbolhoy.co\/index.php\/wp-json\/wp\/v2\/posts\/112534\/revisions"}],"predecessor-version":[{"id":112535,"href":"https:\/\/futbolhoy.co\/index.php\/wp-json\/wp\/v2\/posts\/112534\/revisions\/112535"}],"wp:featuredmedia":[{"embeddable":true,"href":"https:\/\/futbolhoy.co\/index.php\/wp-json\/wp\/v2\/media\/111793"}],"wp:attachment":[{"href":"https:\/\/futbolhoy.co\/index.php\/wp-json\/wp\/v2\/media?parent=112534"}],"wp:term":[{"taxonomy":"category","embeddable":true,"href":"https:\/\/futbolhoy.co\/index.php\/wp-json\/wp\/v2\/categories?post=112534"},{"taxonomy":"post_tag","embeddable":true,"href":"https:\/\/futbolhoy.co\/index.php\/wp-json\/wp\/v2\/tags?post=112534"}],"curies":[{"name":"wp","href":"https:\/\/api.w.org\/{rel}","templated":true}]}}