{"id":112536,"date":"2024-10-03T17:07:14","date_gmt":"2024-10-03T22:07:14","guid":{"rendered":"https:\/\/futbolhoy.co\/?p=112536"},"modified":"2024-10-04T21:46:46","modified_gmt":"2024-10-05T02:46:46","slug":"nacional-no-descarta-acudir-al-tas-ante-fallo-de-dimayor","status":"publish","type":"post","link":"https:\/\/futbolhoy.co\/index.php\/2024\/10\/03\/nacional-no-descarta-acudir-al-tas-ante-fallo-de-dimayor\/","title":{"rendered":"Nacional no descarta acudir al TAS ante fallo de Dimayor"},"content":{"rendered":"<p style=\"text-align: justify;\"><span style=\"font-family: helvetica, arial, sans-serif;\">La resoluci\u00f3n del <strong>Comit\u00e9 Disciplinario de la Dimayor<\/strong> sigue generando controversia por los puntos otorgados al <strong>Junior,<\/strong>\u00a0luego de los hechos violentos que se presentaron en el <strong>Atanasio Girardot<\/strong> el pasado jueves 26 de septiembre contra <strong>Nacional.<\/strong><\/span><\/p>\n<p style=\"text-align: justify;\"><span style=\"font-family: helvetica, arial, sans-serif;\">En rueda de prensa, el presidente de la instituci\u00f3n antioque\u00f1a, <strong>Sebasti\u00e1n Botero<\/strong>, rechaz\u00f3 la determinaci\u00f3n y asegur\u00f3 que, de ser necesario, se ir\u00e1n hasta la instancia del<strong> Tribunal de Arbitraje Superior<\/strong> en el deporte.<\/span><\/p>\n<p style=\"text-align: justify;\"><span style=\"font-family: helvetica, arial, sans-serif;\">\u201cNo compartimos las determinaciones tomadas. Nos preocupan y afectan de manera profunda. Las acciones no son coherentes y son producto de una din\u00e1mica donde la violencia, como detonador, se convirti\u00f3 en medio de coacci\u00f3n que influye en los resultados deportivos. Sin embargo, somos respetuosos de las decisiones y las instituciones\u201d, fueron algunas de sus palabras.<\/span><\/p>\n<p style=\"text-align: justify;\"><span style=\"font-family: helvetica, arial, sans-serif;\">Posteriormente, a\u00f1adi\u00f3: \u201cEn ese sentido, utilizaremos todos los recursos que nos da la normatividad para efectos de apelar las sanciones que nos fueron impuestas y reiteramos que <strong>Nacional<\/strong> agotar\u00e1 los recursos de apelaci\u00f3n y reposici\u00f3n a los que tenemos derecho por la v\u00eda federativa. De ser necesario, apelaremos al <strong>TAS<\/strong> con la intensi\u00f3n de tener una decisi\u00f3n proporcional y justa\u201d.<\/span><\/p>\n<p style=\"text-align: justify;\"><span style=\"font-family: helvetica, arial, sans-serif;\">Nacional deber\u00e1 pagar una sanci\u00f3n de seis partidos a puerta cerrada, adem\u00e1s de una multa de 40 millones de pesos.<\/span><\/p>\n","protected":false},"excerpt":{"rendered":"<p>La resoluci\u00f3n del Comit\u00e9 Disciplinario de la Dimayor sigue generando controversia por los puntos otorgados al Junior,\u00a0luego de los hechos violentos que se presentaron en el Atanasio Girardot el pasado jueves 26 de septiembre contra Nacional. En rueda de prensa, el presidente de la instituci\u00f3n antioque\u00f1a, Sebasti\u00e1n Botero, rechaz\u00f3 la determinaci\u00f3n y asegur\u00f3 que, de [&hellip;]<\/p>\n","protected":false},"author":4,"featured_media":111465,"comment_status":"open","ping_status":"closed","sticky":false,"template":"","format":"standard","meta":{"_acf_changed":false,"footnotes":""},"categories":[7],"tags":[],"class_list":{"0":"post-112536","1":"post","2":"type-post","3":"status-publish","4":"format-standard","5":"has-post-thumbnail","7":"category-liga-betplay"},"acf":[],"_links":{"self":[{"href":"https:\/\/futbolhoy.co\/index.php\/wp-json\/wp\/v2\/posts\/112536","targetHints":{"allow":["GET"]}}],"collection":[{"href":"https:\/\/futbolhoy.co\/index.php\/wp-json\/wp\/v2\/posts"}],"about":[{"href":"https:\/\/futbolhoy.co\/index.php\/wp-json\/wp\/v2\/types\/post"}],"author":[{"embeddable":true,"href":"https:\/\/futbolhoy.co\/index.php\/wp-json\/wp\/v2\/users\/4"}],"replies":[{"embeddable":true,"href":"https:\/\/futbolhoy.co\/index.php\/wp-json\/wp\/v2\/comments?post=112536"}],"version-history":[{"count":1,"href":"https:\/\/futbolhoy.co\/index.php\/wp-json\/wp\/v2\/posts\/112536\/revisions"}],"predecessor-version":[{"id":112537,"href":"https:\/\/futbolhoy.co\/index.php\/wp-json\/wp\/v2\/posts\/112536\/revisions\/112537"}],"wp:featuredmedia":[{"embeddable":true,"href":"https:\/\/futbolhoy.co\/index.php\/wp-json\/wp\/v2\/media\/111465"}],"wp:attachment":[{"href":"https:\/\/futbolhoy.co\/index.php\/wp-json\/wp\/v2\/media?parent=112536"}],"wp:term":[{"taxonomy":"category","embeddable":true,"href":"https:\/\/futbolhoy.co\/index.php\/wp-json\/wp\/v2\/categories?post=112536"},{"taxonomy":"post_tag","embeddable":true,"href":"https:\/\/futbolhoy.co\/index.php\/wp-json\/wp\/v2\/tags?post=112536"}],"curies":[{"name":"wp","href":"https:\/\/api.w.org\/{rel}","templated":true}]}}