{"id":112578,"date":"2024-10-05T08:49:26","date_gmt":"2024-10-05T13:49:26","guid":{"rendered":"https:\/\/futbolhoy.co\/?p=112578"},"modified":"2024-10-06T12:11:46","modified_gmt":"2024-10-06T17:11:46","slug":"daniel-munoz-prende-las-alarmas-de-la-seleccion-colombia-por-lesion","status":"publish","type":"post","link":"https:\/\/futbolhoy.co\/index.php\/2024\/10\/05\/daniel-munoz-prende-las-alarmas-de-la-seleccion-colombia-por-lesion\/","title":{"rendered":"Daniel Mu\u00f1oz prende las alarmas de la Selecci\u00f3n Colombia por lesi\u00f3n"},"content":{"rendered":"<p style=\"text-align: justify;\"><span style=\"font-family: helvetica, arial, sans-serif;\">Malas noticias para la <strong>Selecci\u00f3n Colombia. Daniel Mu\u00f1oz<\/strong> sufri\u00f3 una lesi\u00f3n durante el partido entre <strong>Crystal Palace y Liverpool<\/strong> por la <strong>Premier League.<\/strong> El antioque\u00f1o pidi\u00f3 el cambio y lo m\u00e1s probable es que no est\u00e9 en la concentraci\u00f3n.<\/span><\/p>\n<p style=\"text-align: justify;\"><span style=\"font-family: helvetica, arial, sans-serif;\">Corr\u00eda el minuto 15 del juego en el <strong>Selhurts<\/strong> <strong>Park<\/strong>. En un cierre en el que envi\u00f3 el bal\u00f3n a la banda, sinti\u00f3 la molestia en la pierna derecha y de inmediato pidi\u00f3 el cambio e ingres\u00f3 <strong>Nathaniel Clyne<\/strong>.<\/span><\/p>\n<p style=\"text-align: justify;\"><span style=\"font-family: helvetica, arial, sans-serif;\">De esta manera, todo indica que la molestia es muscular y lo m\u00e1s seguro es que sea desconvocado de la Selecci\u00f3n Colombia. Uno de los nombres que podr\u00eda reemplazar a Mu\u00f1oz es Juan <strong>David Mosquera.<\/strong><\/span><\/p>\n<p style=\"text-align: justify;\"><span style=\"font-family: helvetica, arial, sans-serif;\">La Tricolor ya inici\u00f3 su concentraci\u00f3n en Cochabamba de cara a lo que ser\u00e1 el enfrentamiento contra <strong>Bolivia<\/strong> el jueves 10 de octubre y ante <strong>Chile<\/strong> en <strong>Barranquilla<\/strong> el 15 del mismo mes.<\/span><\/p>\n","protected":false},"excerpt":{"rendered":"<p>Malas noticias para la Selecci\u00f3n Colombia. Daniel Mu\u00f1oz sufri\u00f3 una lesi\u00f3n durante el partido entre Crystal Palace y Liverpool por la Premier League. El antioque\u00f1o pidi\u00f3 el cambio y lo m\u00e1s probable es que no est\u00e9 en la concentraci\u00f3n. Corr\u00eda el minuto 15 del juego en el Selhurts Park. En un cierre en el que [&hellip;]<\/p>\n","protected":false},"author":4,"featured_media":112579,"comment_status":"open","ping_status":"closed","sticky":false,"template":"","format":"standard","meta":{"_acf_changed":false,"footnotes":""},"categories":[418],"tags":[],"class_list":{"0":"post-112578","1":"post","2":"type-post","3":"status-publish","4":"format-standard","5":"has-post-thumbnail","7":"category-colombia"},"acf":[],"_links":{"self":[{"href":"https:\/\/futbolhoy.co\/index.php\/wp-json\/wp\/v2\/posts\/112578","targetHints":{"allow":["GET"]}}],"collection":[{"href":"https:\/\/futbolhoy.co\/index.php\/wp-json\/wp\/v2\/posts"}],"about":[{"href":"https:\/\/futbolhoy.co\/index.php\/wp-json\/wp\/v2\/types\/post"}],"author":[{"embeddable":true,"href":"https:\/\/futbolhoy.co\/index.php\/wp-json\/wp\/v2\/users\/4"}],"replies":[{"embeddable":true,"href":"https:\/\/futbolhoy.co\/index.php\/wp-json\/wp\/v2\/comments?post=112578"}],"version-history":[{"count":1,"href":"https:\/\/futbolhoy.co\/index.php\/wp-json\/wp\/v2\/posts\/112578\/revisions"}],"predecessor-version":[{"id":112580,"href":"https:\/\/futbolhoy.co\/index.php\/wp-json\/wp\/v2\/posts\/112578\/revisions\/112580"}],"wp:featuredmedia":[{"embeddable":true,"href":"https:\/\/futbolhoy.co\/index.php\/wp-json\/wp\/v2\/media\/112579"}],"wp:attachment":[{"href":"https:\/\/futbolhoy.co\/index.php\/wp-json\/wp\/v2\/media?parent=112578"}],"wp:term":[{"taxonomy":"category","embeddable":true,"href":"https:\/\/futbolhoy.co\/index.php\/wp-json\/wp\/v2\/categories?post=112578"},{"taxonomy":"post_tag","embeddable":true,"href":"https:\/\/futbolhoy.co\/index.php\/wp-json\/wp\/v2\/tags?post=112578"}],"curies":[{"name":"wp","href":"https:\/\/api.w.org\/{rel}","templated":true}]}}