{"id":112600,"date":"2024-10-06T10:12:50","date_gmt":"2024-10-06T15:12:50","guid":{"rendered":"https:\/\/futbolhoy.co\/?p=112600"},"modified":"2024-10-07T07:25:55","modified_gmt":"2024-10-07T12:25:55","slug":"abrio-la-cuenta-primer-gol-de-yaser-asprilla-en-laliga","status":"publish","type":"post","link":"https:\/\/futbolhoy.co\/index.php\/2024\/10\/06\/abrio-la-cuenta-primer-gol-de-yaser-asprilla-en-laliga\/","title":{"rendered":"Abri\u00f3 la cuenta: primer gol de Yaser Asprilla en LaLiga"},"content":{"rendered":"<p style=\"text-align: justify;\"><span style=\"font-family: helvetica, arial, sans-serif;\"><strong>Yaser Asprilla<\/strong> est\u00e1 en uno de sus mejores momentos, el colombiano convirti\u00f3 este domingo su primer gol con el <strong>Girona<\/strong> en <strong>LaLiga,<\/strong> en el partido frente al <strong>Athletic de Bilbao<\/strong>, con una perfecta viveza que sirvi\u00f3 para abrir el marcador. <\/span><\/p>\n<p style=\"text-align: justify;\"><span style=\"font-family: helvetica, arial, sans-serif;\">Al minuto 39, el colombiano fue m\u00e1s vivo de lo que creyeron sus rivales. Lo que parec\u00eda un centro dentro del \u00e1rea para su compa\u00f1ero <strong>Miguel Guti\u00e9rrez<\/strong>, termin\u00f3 en la primera anotaci\u00f3n de Asprilla, que la clav\u00f3 perfecta en una condici\u00f3n del arquero del Bilbao. <\/span><\/p>\n<p style=\"text-align: justify;\"><span style=\"font-family: helvetica, arial, sans-serif;\">En el de este domingo Yaser Asprilla volvi\u00f3 a ser titular con el Girona, equipo que lo ha llevado de a poco teni\u00e9ndolo siempre en la lista de convocados, pero mayormente siendo suplente.<\/span><\/p>\n<p style=\"text-align: justify;\"><span style=\"font-family: helvetica, arial, sans-serif;\">El partido finaliz\u00f3 2-1 a favor del Girona, con protagonismo colombiano y todos los jugadores celebrando la apertura del arco para Yaser Asprilla.<\/span><\/p>\n<blockquote class=\"twitter-tweet\">\n<p dir=\"ltr\" lang=\"es\">\ud83c\uddea\ud83c\uddf8 Yaser Asprilla anot\u00f3 su primer gol con el Girona, en la victoria 2-1 sobre el l Athletic Bilbao.<\/p>\n<p>1) Barcelona: 21 Puntos<br \/>\n2) Real Madrid: 21<br \/>\n3) Villarreal: 17<br \/>\n\u2026<br \/>\n11) Girona: 11<a href=\"https:\/\/t.co\/19MGcpv2UK\">pic.twitter.com\/19MGcpv2UK<\/a><\/p>\n<p>\u2014 FutbolHoy (@FutbolHoyCol) <a href=\"https:\/\/twitter.com\/FutbolHoyCol\/status\/1842932676724191389?ref_src=twsrc%5Etfw\">October 6, 2024<\/a><\/p><\/blockquote>\n<p><script async src=\"https:\/\/platform.twitter.com\/widgets.js\" charset=\"utf-8\"><\/script><\/p>\n","protected":false},"excerpt":{"rendered":"<p>Yaser Asprilla est\u00e1 en uno de sus mejores momentos, el colombiano convirti\u00f3 este domingo su primer gol con el Girona en LaLiga, en el partido frente al Athletic de Bilbao, con una perfecta viveza que sirvi\u00f3 para abrir el marcador. Al minuto 39, el colombiano fue m\u00e1s vivo de lo que creyeron sus rivales. Lo [&hellip;]<\/p>\n","protected":false},"author":4,"featured_media":112601,"comment_status":"open","ping_status":"closed","sticky":false,"template":"","format":"standard","meta":{"_acf_changed":false,"footnotes":""},"categories":[418],"tags":[],"class_list":{"0":"post-112600","1":"post","2":"type-post","3":"status-publish","4":"format-standard","5":"has-post-thumbnail","7":"category-colombia"},"acf":[],"_links":{"self":[{"href":"https:\/\/futbolhoy.co\/index.php\/wp-json\/wp\/v2\/posts\/112600","targetHints":{"allow":["GET"]}}],"collection":[{"href":"https:\/\/futbolhoy.co\/index.php\/wp-json\/wp\/v2\/posts"}],"about":[{"href":"https:\/\/futbolhoy.co\/index.php\/wp-json\/wp\/v2\/types\/post"}],"author":[{"embeddable":true,"href":"https:\/\/futbolhoy.co\/index.php\/wp-json\/wp\/v2\/users\/4"}],"replies":[{"embeddable":true,"href":"https:\/\/futbolhoy.co\/index.php\/wp-json\/wp\/v2\/comments?post=112600"}],"version-history":[{"count":4,"href":"https:\/\/futbolhoy.co\/index.php\/wp-json\/wp\/v2\/posts\/112600\/revisions"}],"predecessor-version":[{"id":112622,"href":"https:\/\/futbolhoy.co\/index.php\/wp-json\/wp\/v2\/posts\/112600\/revisions\/112622"}],"wp:featuredmedia":[{"embeddable":true,"href":"https:\/\/futbolhoy.co\/index.php\/wp-json\/wp\/v2\/media\/112601"}],"wp:attachment":[{"href":"https:\/\/futbolhoy.co\/index.php\/wp-json\/wp\/v2\/media?parent=112600"}],"wp:term":[{"taxonomy":"category","embeddable":true,"href":"https:\/\/futbolhoy.co\/index.php\/wp-json\/wp\/v2\/categories?post=112600"},{"taxonomy":"post_tag","embeddable":true,"href":"https:\/\/futbolhoy.co\/index.php\/wp-json\/wp\/v2\/tags?post=112600"}],"curies":[{"name":"wp","href":"https:\/\/api.w.org\/{rel}","templated":true}]}}