{"id":112671,"date":"2024-10-09T10:36:44","date_gmt":"2024-10-09T15:36:44","guid":{"rendered":"https:\/\/futbolhoy.co\/?p=112671"},"modified":"2024-10-10T07:57:13","modified_gmt":"2024-10-10T12:57:13","slug":"lorenzo-denuncia-espionaje-en-la-concentracion-de-la-seleccion","status":"publish","type":"post","link":"https:\/\/futbolhoy.co\/index.php\/2024\/10\/09\/lorenzo-denuncia-espionaje-en-la-concentracion-de-la-seleccion\/","title":{"rendered":"Lorenzo denuncia espionaje en la concentraci\u00f3n de la Selecci\u00f3n"},"content":{"rendered":"<p style=\"text-align: justify;\"><span style=\"font-family: helvetica, arial, sans-serif;\">Grave denuncia la que hizo el entrenador de la<strong> Selecci\u00f3n Colombia, N\u00e9stor Lorenzo<\/strong>, de cara al partido ante <strong>Bolivia<\/strong> en <strong>El Alto.<\/strong> Seg\u00fan el argentino, hubo espionaje en el entrenamiento del equipo Tricolor, adem\u00e1s de revelar situaciones a las que han sido sometidos miembros del plantel.<\/span><\/p>\n<p style=\"text-align: justify;\"><span style=\"font-family: helvetica, arial, sans-serif;\">\u201cEs lamentable que te manden a espiar, eso no s\u00e9 de d\u00f3nde sali\u00f3 o qui\u00e9n era. Pero lo identificamos, tenemos fotos y vamos a hacer la denuncia del caso donde corresponda. Uno quiere entrenar con la tranquilidad que se merece y fue una ruptura al plantel lo que sucedi\u00f3. Vamos a ver c\u00f3mo procedemos en las \u00faltimas horas\u201d, dijo sobre los espionajes.<\/span><\/p>\n<p style=\"text-align: justify;\"><span style=\"font-family: helvetica, arial, sans-serif;\">Si bien resalt\u00f3 que se han sentido acogidos en <strong>Cochabamba,<\/strong> indic\u00f3 que: \u201cHay gente que quiere ganar a cualquier costo, que hace cosas que son indebida. El preparador f\u00edsico nuestro tuvo que venir dos veces a Bolivia, despu\u00e9s que hab\u00eda cuadrado todo en la ciudad le hicieron cambiar las cosas\u201d.<\/span><\/p>\n<p style=\"text-align: justify;\"><span style=\"font-family: helvetica, arial, sans-serif;\">Entretanto, confes\u00f3 sus preocupaciones respecto al cuadro boliviano, que llega a este juego luego de ganarle a <strong>Venezuela<\/strong> y a <strong>Chile.<\/strong><\/span><\/p>\n<p style=\"text-align: justify;\"><span style=\"font-family: helvetica, arial, sans-serif;\">\u201cDe Bolivia me preocupa todo, como equipo ha conseguido buenos resultados en la \u00faltima fecha de <strong>Eliminatorias.<\/strong> Han sabido jugar en <strong>El Alto,<\/strong> es un equipo que nos merece el mayor de los respetos. Con respecto a las conclusiones del trabajo ac\u00e1, vamos poco a poco mirando c\u00f3mo se adaptan los jugadores\u201d.<\/span><\/p>\n","protected":false},"excerpt":{"rendered":"<p>Grave denuncia la que hizo el entrenador de la Selecci\u00f3n Colombia, N\u00e9stor Lorenzo, de cara al partido ante Bolivia en El Alto. Seg\u00fan el argentino, hubo espionaje en el entrenamiento del equipo Tricolor, adem\u00e1s de revelar situaciones a las que han sido sometidos miembros del plantel. \u201cEs lamentable que te manden a espiar, eso no [&hellip;]<\/p>\n","protected":false},"author":4,"featured_media":112672,"comment_status":"open","ping_status":"closed","sticky":false,"template":"","format":"standard","meta":{"_acf_changed":false,"footnotes":""},"categories":[418],"tags":[],"class_list":{"0":"post-112671","1":"post","2":"type-post","3":"status-publish","4":"format-standard","5":"has-post-thumbnail","7":"category-colombia"},"acf":[],"_links":{"self":[{"href":"https:\/\/futbolhoy.co\/index.php\/wp-json\/wp\/v2\/posts\/112671","targetHints":{"allow":["GET"]}}],"collection":[{"href":"https:\/\/futbolhoy.co\/index.php\/wp-json\/wp\/v2\/posts"}],"about":[{"href":"https:\/\/futbolhoy.co\/index.php\/wp-json\/wp\/v2\/types\/post"}],"author":[{"embeddable":true,"href":"https:\/\/futbolhoy.co\/index.php\/wp-json\/wp\/v2\/users\/4"}],"replies":[{"embeddable":true,"href":"https:\/\/futbolhoy.co\/index.php\/wp-json\/wp\/v2\/comments?post=112671"}],"version-history":[{"count":1,"href":"https:\/\/futbolhoy.co\/index.php\/wp-json\/wp\/v2\/posts\/112671\/revisions"}],"predecessor-version":[{"id":112673,"href":"https:\/\/futbolhoy.co\/index.php\/wp-json\/wp\/v2\/posts\/112671\/revisions\/112673"}],"wp:featuredmedia":[{"embeddable":true,"href":"https:\/\/futbolhoy.co\/index.php\/wp-json\/wp\/v2\/media\/112672"}],"wp:attachment":[{"href":"https:\/\/futbolhoy.co\/index.php\/wp-json\/wp\/v2\/media?parent=112671"}],"wp:term":[{"taxonomy":"category","embeddable":true,"href":"https:\/\/futbolhoy.co\/index.php\/wp-json\/wp\/v2\/categories?post=112671"},{"taxonomy":"post_tag","embeddable":true,"href":"https:\/\/futbolhoy.co\/index.php\/wp-json\/wp\/v2\/tags?post=112671"}],"curies":[{"name":"wp","href":"https:\/\/api.w.org\/{rel}","templated":true}]}}