{"id":113614,"date":"2024-11-09T08:09:17","date_gmt":"2024-11-09T13:09:17","guid":{"rendered":"https:\/\/futbolhoy.co\/?p=113614"},"modified":"2024-11-09T22:27:33","modified_gmt":"2024-11-10T03:27:33","slug":"pep-guardiola-a-la-seleccion-de-brasil-hablo-el-presidente-de-la-cbf","status":"publish","type":"post","link":"https:\/\/futbolhoy.co\/index.php\/2024\/11\/09\/pep-guardiola-a-la-seleccion-de-brasil-hablo-el-presidente-de-la-cbf\/","title":{"rendered":"\u00bfPep Guardiola a la Selecci\u00f3n de Brasil? Habl\u00f3 el presidente de la CBF"},"content":{"rendered":"<p style=\"text-align: justify;\"><span style=\"font-family: helvetica, arial, sans-serif;\"><span style=\"font-weight: 400;\">La Confederaci\u00f3n Brasile\u00f1a de F\u00fatbol sali\u00f3 al paso de los rumores que aseguraban <\/span><b>en los \u00faltimos d\u00edas el inter\u00e9s por Pep Guardiola,<\/b><span style=\"font-weight: 400;\"> t\u00e9cnico del Manchester City. Desde la CBF desmintieron haber mantenido contactos con el espa\u00f1ol, al mismo tiempo que reiteraron su confianza en Dorival J\u00fanior, actual entrenador.<\/span><\/span><\/p>\n<p style=\"text-align: justify;\"><span style=\"font-family: helvetica, arial, sans-serif;\"><span style=\"font-weight: 400;\">El presidente de la CBF, Ednaldo Rodrigues, neg\u00f3 los contactos con Guardiola, <\/span><b>durante la asamblea general extraordinaria de la Confederaci\u00f3n.<\/b><\/span><\/p>\n<p style=\"text-align: justify;\"><span style=\"font-weight: 400; font-family: helvetica, arial, sans-serif;\">\u00abGuardiola es uno de los mayores t\u00e9cnicos del mundo. Pero no hicimos ning\u00fan tipo de b\u00fasqueda por \u00e9l. El t\u00e9cnico de la selecci\u00f3n es Dorival J\u00fanior\u00bb, dijo Rodrigues.<\/span><\/p>\n<p style=\"text-align: justify;\"><span style=\"font-family: helvetica, arial, sans-serif;\"><span style=\"font-weight: 400;\">Las palabras se dan luego que &#8216;The Athletic&#8217;, sitio deportivo afiliado a &#8216;The New York Times&#8217;, publicara este viernes que la CBF ha mantenido \u00abvarios contactos\u00bb a lo largo <\/span><b>de este a\u00f1o con Guardiola<\/b><span style=\"font-weight: 400;\"> y que prepara una gran operaci\u00f3n para contratar al t\u00e9cnico del City.<\/span><\/span><\/p>\n<p style=\"text-align: justify;\"><span style=\"font-family: helvetica, arial, sans-serif;\"><b>El nombre de Guardiola fue uno de los que sonaron en Brasil<\/b><span style=\"font-weight: 400;\"> tras el Mundial de Catar 2022, y el propio entrenador siempre ha respondido con elogios a la Canarinha, cada vez que le ha preguntado la prensa.<\/span><\/span><\/p>\n<p style=\"text-align: justify;\"><span style=\"font-weight: 400; font-family: helvetica, arial, sans-serif;\">El actual seleccionador brasile\u00f1o, Dorival J\u00fanior, gan\u00f3 un poco de tranquilidad con las dos \u00faltimas victorias en las eliminatorias del Mundial 2026 ante Chile y Per\u00fa.<\/span><\/p>\n<p style=\"text-align: justify;\"><span style=\"font-family: helvetica, arial, sans-serif;\"><span style=\"font-weight: 400;\">El pr\u00f3ximo 14 de octubre, Brasil visitar\u00e1 a Venezuela y cinco d\u00edas despu\u00e9s recibir\u00e1 a <\/span><b>Uruguay en la ciudad de Salvador.<\/b><\/span><\/p>\n","protected":false},"excerpt":{"rendered":"<p>La Confederaci\u00f3n Brasile\u00f1a de F\u00fatbol sali\u00f3 al paso de los rumores que aseguraban en los \u00faltimos d\u00edas el inter\u00e9s por Pep Guardiola, t\u00e9cnico del Manchester City. Desde la CBF desmintieron haber mantenido contactos con el espa\u00f1ol, al mismo tiempo que reiteraron su confianza en Dorival J\u00fanior, actual entrenador. El presidente de la CBF, Ednaldo Rodrigues, [&hellip;]<\/p>\n","protected":false},"author":4,"featured_media":113615,"comment_status":"open","ping_status":"closed","sticky":false,"template":"","format":"standard","meta":{"_acf_changed":false,"footnotes":""},"categories":[152],"tags":[],"class_list":{"0":"post-113614","1":"post","2":"type-post","3":"status-publish","4":"format-standard","5":"has-post-thumbnail","7":"category-mundo-futbol"},"acf":[],"_links":{"self":[{"href":"https:\/\/futbolhoy.co\/index.php\/wp-json\/wp\/v2\/posts\/113614","targetHints":{"allow":["GET"]}}],"collection":[{"href":"https:\/\/futbolhoy.co\/index.php\/wp-json\/wp\/v2\/posts"}],"about":[{"href":"https:\/\/futbolhoy.co\/index.php\/wp-json\/wp\/v2\/types\/post"}],"author":[{"embeddable":true,"href":"https:\/\/futbolhoy.co\/index.php\/wp-json\/wp\/v2\/users\/4"}],"replies":[{"embeddable":true,"href":"https:\/\/futbolhoy.co\/index.php\/wp-json\/wp\/v2\/comments?post=113614"}],"version-history":[{"count":1,"href":"https:\/\/futbolhoy.co\/index.php\/wp-json\/wp\/v2\/posts\/113614\/revisions"}],"predecessor-version":[{"id":113616,"href":"https:\/\/futbolhoy.co\/index.php\/wp-json\/wp\/v2\/posts\/113614\/revisions\/113616"}],"wp:featuredmedia":[{"embeddable":true,"href":"https:\/\/futbolhoy.co\/index.php\/wp-json\/wp\/v2\/media\/113615"}],"wp:attachment":[{"href":"https:\/\/futbolhoy.co\/index.php\/wp-json\/wp\/v2\/media?parent=113614"}],"wp:term":[{"taxonomy":"category","embeddable":true,"href":"https:\/\/futbolhoy.co\/index.php\/wp-json\/wp\/v2\/categories?post=113614"},{"taxonomy":"post_tag","embeddable":true,"href":"https:\/\/futbolhoy.co\/index.php\/wp-json\/wp\/v2\/tags?post=113614"}],"curies":[{"name":"wp","href":"https:\/\/api.w.org\/{rel}","templated":true}]}}