{"id":113622,"date":"2024-11-09T10:27:04","date_gmt":"2024-11-09T15:27:04","guid":{"rendered":"https:\/\/futbolhoy.co\/?p=113622"},"modified":"2024-11-09T23:05:08","modified_gmt":"2024-11-10T04:05:08","slug":"los-convocados-de-ecuador-para-enfrentar-a-colombia","status":"publish","type":"post","link":"https:\/\/futbolhoy.co\/index.php\/2024\/11\/09\/los-convocados-de-ecuador-para-enfrentar-a-colombia\/","title":{"rendered":"Los convocados de Ecuador para enfrentar a Colombia"},"content":{"rendered":"<p style=\"text-align: justify;\"><span style=\"font-family: helvetica, arial, sans-serif;\">El t\u00e9cnico de Ecuador, <strong>Sebasti\u00e1n Becaccece, anunci\u00f3 la convocatoria de 26<\/strong> jugadores para los pr\u00f3ximos partidos de Eliminatorias del Mundial, contra Bolivia y Colombia, en una lista donde destacan los retornos de \u00c1ngel Mena y Carlos Gruezo.<\/span><\/p>\n<p style=\"text-align: justify;\"><span style=\"font-family: helvetica, arial, sans-serif;\"><strong>Entre los convocados no figura \u00d3scar Zambrano,<\/strong> quien suspendido por un caso de dopaje, y a quien Beccacece pensaba llamar en reemplazo de Mois\u00e9s Caicedo, que no podr\u00e1 jugar el encuentro contra Bolivia por acumulaci\u00f3n de tarjetas amarillas.<\/span><\/p>\n<p style=\"text-align: justify;\"><span style=\"font-family: helvetica, arial, sans-serif;\">En una rueda de prensa previa a la convocatoria, <strong>Beccacece se\u00f1al\u00f3 que le duele la situaci\u00f3n<\/strong> en la que se encuentra Zambrano.\u00a0<\/span><\/p>\n<p style=\"text-align: justify;\"><span style=\"font-family: helvetica, arial, sans-serif;\"><strong>Tambi\u00e9n forma parte de la n\u00f3mina \u00c1ngelo Preciado,<\/strong> que pese a encontrarse lesionado viajar\u00e1 a Ecuador para ser evaluado y determinar si est\u00e1 en condiciones de participar en alguno de los dos partidos correspondientes a las jornadas 10 y 11.<\/span><\/p>\n<p style=\"text-align: justify;\"><span style=\"font-family: helvetica, arial, sans-serif;\"><strong>En la porter\u00eda, el t\u00e9cnico argentin<\/strong>o volvi\u00f3 a confiar en Gonzalo Valle como su tercer arquero y volvi\u00f3 a dejar fuera de la convocatoria a Alexander Dom\u00ednguez, que hab\u00eda sido el titular en la porter\u00eda de la Tri.<\/span><\/p>\n<p style=\"text-align: justify;\"><span style=\"font-family: helvetica, arial, sans-serif;\">Para el ataque Enner Valencia vuelve a destacar junto al delantero del Inter Miami Leonardo Campana.<\/span><\/p>\n<p style=\"text-align: justify;\"><span style=\"font-family: helvetica, arial, sans-serif;\"><strong>Valencia y Campa\u00f1a son las principales<\/strong> apuestas de gol de Ecuador, que atraviesa una crisis, pues apenas ha anotado seis en diez fechas de las eliminatorias sudamericanas.<\/span><\/p>\n<p style=\"text-align: justify;\"><span style=\"font-family: helvetica, arial, sans-serif;\"><strong>Ecuador recibir\u00e1 a Bolivia en el Estadio Monumental Banco Pichincha,<\/strong> de Guayaquil, el 14 de noviembre, mientras que el 19 visitar\u00e1 a Colombia en el Estadio Metropolitano de Barranquilla.<\/span><\/p>\n<p style=\"text-align: justify;\"><span style=\"font-family: helvetica, arial, sans-serif;\">Lista completa de convocados de Ecuador:<\/span><\/p>\n<p style=\"text-align: justify;\"><span style=\"font-family: helvetica, arial, sans-serif;\">Porteros: Hern\u00e1n Gal\u00edndez (Hurac\u00e1n-ARG), Mois\u00e9s Ram\u00edrez (Independiente del Valle) y Gonzalo Valle (Liga de Quito).<\/span><\/p>\n<p style=\"text-align: justify;\"><span style=\"font-family: helvetica, arial, sans-serif;\">Defensas: Piero Hincapi\u00e9 (Bayer Leverkusen-GER), F\u00e9lix Torres (Corinthians-BRA), Joel Ord\u00f3\u00f1ez (Brujas-BEL), Xavier Arreaga (New England Revolution-USA), Willian Pacho (Par\u00eds Saint-Germain-FRA), Pervis Estupi\u00f1\u00e1n (Brighton-GBR), Jhoanner Ch\u00e1vez (Lens-FRA), Cristian Ram\u00edrez (Ferencv\u00e1ros-HUN) y \u00c1ngelo Preciado (Sparta de Praga-CZE).<\/span><\/p>\n<p style=\"text-align: justify;\"><span style=\"font-family: helvetica, arial, sans-serif;\">Volantes: <strong>Mois\u00e9s Caicedo (Chelsea-GBR), Carlos Gruezo (San Jos\u00e9 Earthquakes-USA),<\/strong> Alan Franco (Atl\u00e9tico Mineiro-BRA), Alan Minda (C\u00edrculo de Brujas-BEL), \u00c1ngel Mena (Pachuca-MEX), John Yeboah (Venecia-ITA), Jeremy Sarmiento (Burnley-GBR), Gonzalo Plata (Flamengo-BRA), Kendry P\u00e1ez (Independiente del Valle) y Pedro Vite (Vancouver Whitecaps-CAN).<\/span><\/p>\n<p style=\"text-align: justify;\"><span style=\"font-family: helvetica, arial, sans-serif;\"><strong>Delanteros: Enner Valencia (Internacional-BRA), Jhon Mercad<\/strong>o (AVS Futebol-POR), Kevin Rodr\u00edguez (Saint-Gilloise-BEL) y Leonardo Campana (Inter Miami-USA.<\/span><\/p>\n","protected":false},"excerpt":{"rendered":"<p>El t\u00e9cnico de Ecuador, Sebasti\u00e1n Becaccece, anunci\u00f3 la convocatoria de 26 jugadores para los pr\u00f3ximos partidos de Eliminatorias del Mundial, contra Bolivia y Colombia, en una lista donde destacan los retornos de \u00c1ngel Mena y Carlos Gruezo. Entre los convocados no figura \u00d3scar Zambrano, quien suspendido por un caso de dopaje, y a quien Beccacece [&hellip;]<\/p>\n","protected":false},"author":4,"featured_media":113623,"comment_status":"open","ping_status":"closed","sticky":false,"template":"","format":"standard","meta":{"_acf_changed":false,"footnotes":""},"categories":[152],"tags":[],"class_list":{"0":"post-113622","1":"post","2":"type-post","3":"status-publish","4":"format-standard","5":"has-post-thumbnail","7":"category-mundo-futbol"},"acf":[],"_links":{"self":[{"href":"https:\/\/futbolhoy.co\/index.php\/wp-json\/wp\/v2\/posts\/113622","targetHints":{"allow":["GET"]}}],"collection":[{"href":"https:\/\/futbolhoy.co\/index.php\/wp-json\/wp\/v2\/posts"}],"about":[{"href":"https:\/\/futbolhoy.co\/index.php\/wp-json\/wp\/v2\/types\/post"}],"author":[{"embeddable":true,"href":"https:\/\/futbolhoy.co\/index.php\/wp-json\/wp\/v2\/users\/4"}],"replies":[{"embeddable":true,"href":"https:\/\/futbolhoy.co\/index.php\/wp-json\/wp\/v2\/comments?post=113622"}],"version-history":[{"count":1,"href":"https:\/\/futbolhoy.co\/index.php\/wp-json\/wp\/v2\/posts\/113622\/revisions"}],"predecessor-version":[{"id":113624,"href":"https:\/\/futbolhoy.co\/index.php\/wp-json\/wp\/v2\/posts\/113622\/revisions\/113624"}],"wp:featuredmedia":[{"embeddable":true,"href":"https:\/\/futbolhoy.co\/index.php\/wp-json\/wp\/v2\/media\/113623"}],"wp:attachment":[{"href":"https:\/\/futbolhoy.co\/index.php\/wp-json\/wp\/v2\/media?parent=113622"}],"wp:term":[{"taxonomy":"category","embeddable":true,"href":"https:\/\/futbolhoy.co\/index.php\/wp-json\/wp\/v2\/categories?post=113622"},{"taxonomy":"post_tag","embeddable":true,"href":"https:\/\/futbolhoy.co\/index.php\/wp-json\/wp\/v2\/tags?post=113622"}],"curies":[{"name":"wp","href":"https:\/\/api.w.org\/{rel}","templated":true}]}}